{"id":395233,"date":"2025-09-16T14:21:13","date_gmt":"2025-09-16T14:21:13","guid":{"rendered":"https:\/\/www.europesays.com\/fr\/395233\/"},"modified":"2025-09-16T14:21:13","modified_gmt":"2025-09-16T14:21:13","slug":"affaire-perdriau-dix-dates-pour-comprendre-laffaire-de-la-sextape","status":"publish","type":"post","link":"https:\/\/www.europesays.com\/fr\/395233\/","title":{"rendered":"Affaire Perdriau. Dix dates pour comprendre l&rsquo;affaire de la sextape"},"content":{"rendered":"<p>  26 ao\u00fbt 2022 \u00a0: les premi\u00e8res r\u00e9v\u00e9lations<\/p>\n<p>Stupeur \u00e0 Saint-\u00c9tienne. Un article de Mediapart sort la ville de sa torpeur estivale.<\/p>\n<p>Il r\u00e9v\u00e8le qu&rsquo;une vid\u00e9o intime aurait \u00e9t\u00e9 tourn\u00e9e dans une chambre d&rsquo;h\u00f4tel \u00e0 Paris en janvier 2015. \u00c0 l&rsquo;image, l&rsquo;ancien premier adjoint (il avait d\u00e9missionn\u00e9 de ce poste en mai 2022), <a href=\"https:\/\/www.leprogres.fr\/p\/gilles-artigues\" target=\"_blank\" rel=\"noopener\">Gilles Artigues<\/a> (UDI), en plein massage \u00e9rotique par un escort boy.<\/p>\n<p>Selon l&rsquo;article de Mediapart, ce \u00ab tournage\u00a0\u00bb r\u00e9alis\u00e9 \u00e0 l&rsquo;insu de Gilles Artigues a \u00e9t\u00e9 pr\u00e9par\u00e9 par <a href=\"https:\/\/www.leprogres.fr\/p\/samy-kefi-jerome\" target=\"_blank\" rel=\"noopener\">Samy K\u00e9fi-J\u00e9r\u00f4me<\/a>, alors adjoint \u00e0 l&rsquo;\u00c9ducation et \u00e9lu \u00e0 R\u00e9gion, et son compagnon de l&rsquo;\u00e9poque, <a href=\"https:\/\/www.leprogres.fr\/p\/gilles-rossary-lenglet\" target=\"_blank\" rel=\"noopener\">Gilles Rossary-Lenglet<\/a>.<\/p>\n<p><a href=\"https:\/\/www.leprogres.fr\/faits-divers-justice\/2022\/09\/08\/gilles-rossary-lenglet-l-homme-par-qui-le-scandale-est-arrive\" target=\"_blank\" rel=\"noopener\">C&rsquo;est d&rsquo;ailleurs ce dernier qui r\u00e9v\u00e8le l&rsquo;affaire \u00e0 Mediapart<\/a>, affirmant que <a href=\"https:\/\/www.leprogres.fr\/faits-divers-justice\/2022\/09\/07\/chantage-a-la-video-intime-perdriau-et-gauttieri-nous-ont-fait-la-commande\" target=\"_blank\" rel=\"noopener\">cette vid\u00e9o a \u00e9t\u00e9 command\u00e9e par Ga\u00ebl Perdriau (LR)<\/a>, maire de Saint-\u00c9tienne et pr\u00e9sident de Saint-\u00c9tienne M\u00e9tropole, et son directeur de cabinet, <a href=\"https:\/\/www.leprogres.fr\/p\/pierre-gauttieri\" target=\"_blank\" rel=\"noopener\">Pierre Gauttieri<\/a>, pour faire chanter Gilles Artigues.<\/p>\n<p>    &#13;<br \/>\n    &#13;<br \/>\n    &#13;<br \/>\n    <a href=\"https:\/\/cdn-s-www.leprogres.fr\/images\/d294e7b0-e7e1-4b19-a55e-1d08ba5a6e72\/NW_raw\/gilles-artigues-photo-archives-philippe-vacher-1749233553.jpg\" title=\"Gilles Artigues. Photo archives Philippe Vacher\" class=\"chocolat-image GA-tracking\" data-ga_type=\"click\" data-ga_category=\"D\u00e9tail\" data-ga_action=\"zoomer\" data-ga_label=\"aggrandir image\" target=\"_blank\" rel=\"noopener\">&#13;<br \/>\n        <img src=\"https:\/\/www.europesays.com\/fr\/wp-content\/uploads\/2025\/09\/gilles-artigues-photo-archives-philippe-vacher-1749233553.jpg\"   alt=\"Gilles Artigues. Photo archives Philippe Vacher\" fetchpriority=\"high\" decoding=\"async\" data-mobile=\"NW_listA_M|1749233553\" data-base=\"NW_listA|1749233553\"\/>&#13;<br \/>\n    <\/a>&#13;<\/p>\n<p>Gilles Artigues. Photo archives Philippe Vacher<\/p>\n<p>L&rsquo;objectif est d\u00e9taill\u00e9 par Gilles Rossary-Lenglet dans l&rsquo;article de Mediapart\u00a0: \u00ab Apr\u00e8s les municipales de 2014, Ga\u00ebl [Perdriau] et son directeur de cabinet, Pierre Gauttieri, ont assez vite dit qu\u2019il fallait g\u00e9rer Gilles Artigues et son groupe centriste, \u00e9norme au sein de la majorit\u00e9.\u00a0\u00bb Les deux hommes veulent ainsi <a href=\"https:\/\/www.leprogres.fr\/politique\/2022\/08\/27\/chantage-a-la-video-intime-les-relations-tendues-de-gilles-artigues-avec-les-maires-de-saint-etienne\" target=\"_blank\" rel=\"noopener\">s&rsquo;assurer de la loyaut\u00e9 de Gilles Artigues<\/a> et son absence d&rsquo;opposition aux d\u00e9cisions du maire.<\/p>\n<p>Deux associations st\u00e9phanoises sont \u00e9galement cit\u00e9es\u00a0: Agap (Artistes de la galerie Art pluriel) et France-Lettonie Loire-Auvergne.\u00a0<a href=\"https:\/\/www.leprogres.fr\/faits-divers-justice\/2022\/09\/02\/affaire-de-la-video-intime-sur-les-traces-d-une-mysterieuse-subvention\" target=\"_blank\" rel=\"noopener\">Deux subventions municipales de 20 000 euros chacune<\/a> attribu\u00e9es \u00e0 ces associations auraient servi \u00e0 r\u00e9tribuer Gilles Rossary-Lenglet et Samy K\u00e9fi-J\u00e9r\u00f4me.<\/p>\n<p><a href=\"https:\/\/www.leprogres.fr\/faits-divers-justice\/2022\/08\/27\/chantage-a-la-video-intime-les-premieres-reactions-des-politiques\" target=\"_blank\" rel=\"noopener\">Les r\u00e9actions indign\u00e9es affluent<\/a>. Ga\u00ebl Perdriau, lui, d\u00e9ment \u00ab toute notion de chantage \u00bb (mais <a href=\"https:\/\/www.leprogres.fr\/faits-divers-justice\/2022\/09\/06\/gael-perdriau-ne-decouvre-pas-l-existence-du-film\" target=\"_blank\" rel=\"noopener\">connaissait l&rsquo;existence de ce film<\/a>). Et Samy K\u00e9fi-J\u00e9r\u00f4me est suspendu de ses fonctions \u00e0 la R\u00e9gion.<\/p>\n<p>Gilles Artigues, lui, r\u00e9agit deux jours plus tard sur les r\u00e9seaux sociaux, assurant que \u00ab cette machination a pourri ma vie. Cette vie si belle et que j&rsquo;ai plusieurs fois song\u00e9 \u00e0 quitter\u00a0\u00bb.<\/p>\n<p>Afin d&rsquo;\u00e9viter d&rsquo;\u00e9ventuels conflits d&rsquo;int\u00e9r\u00eats, l&rsquo;enqu\u00eate est d\u00e9pays\u00e9e de Saint-Etienne \u00e0 Lyon, men\u00e9e par la Police judiciaire. Ouverte pour \u00ab\u00a0atteinte \u00e0 l\u2019intimit\u00e9 de la vie priv\u00e9e\u00a0\u00bb, \u00ab\u00a0chantage aggrav\u00e9\u00a0\u00bb, \u00ab\u00a0soustraction de bien public par une personne charg\u00e9e d\u2019une fonction publique\u00a0\u00bb, \u00ab\u00a0abus de confiance et recels de ces infractions\u00a0\u00bb, elle sera \u00e9largie plus tard \u00e0 \u00ab association de malfaiteurs\u00a0\u00bb.<\/p>\n<p>6 et 12 septembre 2022\u00a0: nouvelles r\u00e9v\u00e9lations<\/p>\n<p>Alors que la Police judiciaire de Lyon <a href=\"https:\/\/www.leprogres.fr\/faits-divers-justice\/2022\/09\/05\/perquisitions-en-serie-et-deux-juges-nommes-dans-l-affaire-de-la-video-intime\" target=\"_blank\" rel=\"noopener\">a perquisitionn\u00e9, le 5 septembre, les domiciles des protagonistes et les bureaux de la mairie<\/a> de Saint-Etienne, de Saint-Etienne M\u00e9tropole, du Conseil r\u00e9gional et les locaux de l&rsquo;association Artistes de la galerie Art pluriel, Mediapart diffuse le lendemain des enregistrements de conversations entre Gilles Rossary-Lenglet (auteur de ces enregistrements), Pierre Gauttieri et Ga\u00ebl Perdriau. Ce dernier y ass\u00e8ne\u00a0: \u00ab Une fois que les choses sont sur la table, il (Gilles Artigues, NDLR) est mort. \u00bb<\/p>\n<p>Le m\u00e9dia en ligne remet \u00e7a six jours plus tard, avec une nouvelle s\u00e9rie d&rsquo;enregistrements. R\u00e9alis\u00e9s par Gilles Artigues \u00e0 l&rsquo;insu de ses interlocuteurs, Ga\u00ebl Perdriau et Pierre Gauttieri, ils remonteraient \u00e0 2017 et 2018. Une voix, qui serait celle de Ga\u00ebl Perdriau, menace de diffuser la vid\u00e9o \u00ab\u00a0par petits cercles\u00a0\u00bb et \u00ab\u00a0avec parcimonie\u00a0\u00bb. Et celle de Pierre Gauttieri ajoute que, si la vid\u00e9o venait \u00e0 \u00eatre publique, \u00ab\u00a0vos enfants ne s\u2019en remettront pas\u00a0\u00bb, assumant \u00eatre \u00ab\u00a0sans foi, ni loi\u00a0\u00bb et se comporter \u00ab\u00a0comme un criminel\u00a0\u00bb.<\/p>\n<p>  13 septembre 2022\u00a0: les protagonistes en garde \u00e0 vue<\/p>\n<p>Ga\u00ebl Perdriau, Pierre Gauttieri, Samy K\u00e9fi-J\u00e9r\u00f4me, Gilles Rossary-Lenglet, ainsi que Mme Vocanson, directrice de cabinet adjointe, sont convoqu\u00e9s dans les locaux de la PJ de Lyon et plac\u00e9s en garde \u00e0 vue. <a href=\"https:\/\/www.leprogres.fr\/faits-divers-justice\/2022\/09\/13\/chantage-a-la-video-cinq-protagonistes-du-dossier-dont-le-maire-convoques-pour-une-audition-sous-le-regime-de-la-garde-a-vue\" target=\"_blank\" rel=\"noopener\">Ils sont lib\u00e9r\u00e9s en fin de journ\u00e9e<\/a>.<\/p>\n<p>20 septembre 2022\u00a0: Pierre Gauttieri licenci\u00e9<\/p>\n<p>Ga\u00ebl Perdriau licencie Pierre Gautieri, son directeur de cabinet \u00e0 la Ville et \u00e0 la M\u00e9tropole, pour \u00ab perte de confiance\u00a0\u00bb. Celui-ci touchera\u00a0<a href=\"https:\/\/www.leprogres.fr\/politique\/2022\/12\/08\/34-255-65-d-indemnites-pour-l-ex-directeur-de-cabinet-de-gael-perdriau\" target=\"_blank\" rel=\"noopener\">une indemnit\u00e9 de 34 000 euros<\/a> (de la Ville et de la M\u00e9tropole).<\/p>\n<p>Soutien du maire d\u00e8s le d\u00e9but de l&rsquo;affaire, Pierre Gauttieri se retournera contre lui plusieurs mois plus tard. En janvier 2024, il affirme m\u00eame aux juges que \u00ab c\u2019est bien Ga\u00ebl Perdriau qui a d\u00e9cid\u00e9 de faire le kompromat\u00a0\u00bb. Ga\u00ebl Perdriau, lui, continue de contester.<\/p>\n<p>8 d\u00e9cembre 2022\u00a0: Ga\u00ebl Perdriau se met en retrait de la M\u00e9tropole<\/p>\n<p>L&rsquo;affaire a rapidement des r\u00e9percussions sur la vie politique locale. Les demandes de d\u00e9mission ne tardent pas, d\u00e8s les premi\u00e8res r\u00e9v\u00e9lations. De la part de l&rsquo;opposition municipale d&rsquo;abord, puis de neuf membres de la majorit\u00e9, qui, le 9 septembre 2022, se d\u00e9solidarisent du maire de Saint-Etienne, rejoignant\u00a0les \u00e9lus UDI, Lionel Boucher et Denis Chambre (d\u00e9c\u00e9d\u00e9 depuis), amis de Gilles Artigues. Ils sont ensuite rejoints par <a href=\"https:\/\/www.leprogres.fr\/politique\/2022\/12\/01\/la-majorite-au-bord-de-l-explosion-je-demande-a-gael-perdriau-de-demissionner\" target=\"_blank\" rel=\"noopener\">deux autres adjoints LR, Nicole Peycelon et Claude Liogier<\/a>.<\/p>\n<p>Neuf \u00e9lus de la majorit\u00e9,<a href=\"https:\/\/www.leprogres.fr\/elections\/2024\/09\/16\/conseil-municipal-pourquoi-les-dissidents-de-gael-perdriau-renoncent-a-demissionner\" target=\"_blank\" rel=\"noopener\"> formant un groupe dissident au conseil municipal<\/a>, finiront m\u00eame par d\u00e9missionner de leurs fonctions d&rsquo;adjoints ou conseillers municipaux, en juin 2024.<\/p>\n<p>Ga\u00ebl Perdriau d\u00e9cide, le 20 septembre 2022, de d\u00e9l\u00e9guer les repr\u00e9sentations municipales ext\u00e9rieures \u00e0 ses adjoints. Il reste maire et continue de pr\u00e9sider les conseils municipaux, qui virent souvent \u00e0 la foire d&#8217;empoigne. Il compte pourtant <a href=\"https:\/\/www.leprogres.fr\/politique\/2022\/12\/05\/affaire-de-la-video-intime-32-elus-municipaux-serrent-les-rangs-derriere-le-chef\" target=\"_blank\" rel=\"noopener\">toujours des soutiens au sein de son \u00e9quipe<\/a>, qui n&rsquo;ont de cesse de le d\u00e9fendre, r\u00e9clamant d&rsquo;attendre les d\u00e9cisions de justice.<\/p>\n<p>Il est tout aussi chahut\u00e9 \u00e0 la M\u00e9tropole. Au point d&rsquo;annoncer sa mise en retrait total, \u00e0 la surprise g\u00e9n\u00e9rale, lors du conseil m\u00e9tropolitain du 8 d\u00e9cembre.<\/p>\n<p>Mais l&rsquo;affaire a des retentissements politiques au-del\u00e0 de la Loire. Ainsi, Les R\u00e9publicains, parti de Ga\u00ebl Perdriau, <a href=\"https:\/\/www.leprogres.fr\/politique\/2022\/11\/24\/gael-perdriau-exclut-officiellement-des-republicains\" target=\"_blank\" rel=\"noopener\">l&rsquo;excluent d\u00e8s novembre 2022<\/a>.<\/p>\n<p>4 avril 2023\u00a0: les mises en examen<\/p>\n<p>Ga\u00ebl Perdriau, Pierre Gauttieri, Samy K\u00e9fi-J\u00e9r\u00f4me et Gilles Rossary-Lenglet <a href=\"https:\/\/www.leprogres.fr\/faits-divers-justice\/2023\/04\/06\/chantage-a-la-video-intime-perdriau-et-trois-proches-mis-en-examen\" target=\"_blank\" rel=\"noopener\">sont mis en examen et plac\u00e9s sous contr\u00f4le judiciaire<\/a>, apr\u00e8s avoir pass\u00e9 deux jours et deux nuits en garde \u00e0 vue et des interrogatoires des juges d&rsquo;instruction lyonnais. Les chefs d&rsquo;accusation : chantage et soustraction pour Ga\u00ebl Perdriau (\u00e9galement plac\u00e9 sous le statut de t\u00e9moin assist\u00e9 pour des faits de d\u00e9tournement de fonds publics). Les autres sont en plus mis en examen pour atteinte \u00e0 la vie priv\u00e9e et pour d\u00e9tournement de fonds.<\/p>\n<p>19 juin 2023\u00a0: Pierre Gauttieri en prison<\/p>\n<p><a href=\"https:\/\/www.leprogres.fr\/faits-divers-justice\/2023\/06\/19\/il-disait-fonctionner-comme-un-criminel-pierre-gauttieri-est-en-prison\" target=\"_blank\" rel=\"noopener\">Pierre Gauttieri est incarc\u00e9r\u00e9 \u00e0 la maison d&rsquo;arr\u00eat de Lyon-Corbas<\/a> pour n&rsquo;avoir pas pay\u00e9 dans les d\u00e9lais le premier versement de sa caution de 80\u00a0000 euros au total, fix\u00e9e apr\u00e8s sa mise en examen. Apr\u00e8s avoir apport\u00e9 des assurances \u00e0 la Justice quant au paiement de sa caution, il est remis en libert\u00e9 trois semaines plus tard.<\/p>\n<p>1\u1d49\u02b3 octobre 2023\u00a0: un pi\u00e8ge visant Michel Thiolli\u00e8re<\/p>\n<p>Le nom de Michel Thiolli\u00e8re, maire de Saint-Etienne de 1994 \u00e0 2008, appara\u00eet dans de nouvelles r\u00e9v\u00e9lations de Mediapart. Des extraits de vid\u00e9o montrent un entretien entre Gilles Rossary-Lenglet et Pierre Gauttieri en 2015. Ils y \u00e9voquent un pi\u00e8ge pour filmer Michel Thiolli\u00e8re en compagnie d&rsquo;une prostitu\u00e9e mineure (qui ne sera jamais mis \u00e0 ex\u00e9cution).<\/p>\n<p>En cause selon Mediapart\u00a0: les d\u00e9saccords de Michel Thiolli\u00e8re avec Ga\u00ebl Perdriau lors des \u00e9lections d\u00e9partementales de 2015 et le fait que Pierre Gauttieri ait \u00e9t\u00e9 \u00e9cart\u00e9 du cabinet de Michel Thiolli\u00e8re quand il \u00e9tait maire.<\/p>\n<p>Michel Thiolli\u00e8re se constitue partie civile en janvier 2024.<\/p>\n<p>    &#13;<br \/>\n    &#13;<br \/>\n    &#13;<br \/>\n    <a href=\"https:\/\/cdn-s-www.leprogres.fr\/images\/eca3e972-06cb-41bf-9435-3f1bfea82b56\/NW_raw\/michel-thiolliere-maire-de-saint-etienne-de-1994-a-2008-est-partie-civile-dans-l-affaire-photo-archives-ilan-coupet-1752834026.jpg\" title=\"Michel Thiolli\u00e8re, maire de Saint-\u00c9tienne de 1994 \u00e0 2008, est partie civile dans l\u2019affaire. Photo archives Ilan Coupet\" class=\"chocolat-image GA-tracking\" data-ga_type=\"click\" data-ga_category=\"D\u00e9tail\" data-ga_action=\"zoomer\" data-ga_label=\"aggrandir image\" target=\"_blank\" rel=\"noopener\">&#13;<br \/>\n        <img src=\"https:\/\/www.europesays.com\/fr\/wp-content\/uploads\/2025\/09\/michel-thiolliere-maire-de-saint-etienne-de-1994-a-2008-est-partie-civile-dans-l-affaire-photo-archi.jpeg\"   alt=\"Michel Thiolli\u00e8re, maire de Saint-\u00c9tienne de 1994 \u00e0 2008, est partie civile dans l\u2019affaire. Photo archives Ilan Coupet\" fetchpriority=\"high\" decoding=\"async\" data-mobile=\"NW_listA_M|1752834026\" data-base=\"NW_listA|1752834026\"\/>&#13;<br \/>\n    <\/a>&#13;<\/p>\n<p>Michel Thiolli\u00e8re, maire de Saint-\u00c9tienne de 1994 \u00e0 2008, est partie civile dans l\u2019affaire. Photo archives Ilan Coupet<\/p>\n<p>Auparavant, le 30 novembre 2022, Mediapart avait r\u00e9v\u00e9l\u00e9 que l&rsquo;ancien maire de Saint-Etienne n&rsquo;\u00e9tait pas le seul \u00e0 subir l&rsquo;animosit\u00e9 de Ga\u00ebl Perdriau et Pierre Gauttieri\u00a0: <a href=\"https:\/\/www.leprogres.fr\/faits-divers-justice\/2022\/11\/30\/la-rumeur-de-gael-perdriau-sur-laurent-wauquiez-enfin-revelee-au-grand-jour\" target=\"_blank\" rel=\"noopener\">Laurent Wauquiez, pr\u00e9sident (LR) de la R\u00e9gion, a lui aussi \u00e9t\u00e9 l&rsquo;objet de leurs conversations<\/a>, par des propos calomnieux, Ga\u00ebl Perdriau disant dans un enregistrement que <a href=\"https:\/\/www.leprogres.fr\/p\/laurent-wauquiez\" target=\"_blank\" rel=\"noopener\">Laurent Wauquiez<\/a> s&rsquo;adonne \u00e0 des pratiques p\u00e9docriminelles. Ce dernier porte plainte pour diffamation dans la foul\u00e9e.<\/p>\n<p>    &#13;<br \/>\n    &#13;<br \/>\n    &#13;<br \/>\n    <a href=\"https:\/\/cdn-s-www.leprogres.fr\/images\/78b30abb-ae02-4360-8a16-0e5053f6cb3c\/NW_raw\/selon-mediapart-laurent-wauquiez-a-ete-l-objet-de-propos-calomnieux-photo-archives-michel-taffin-1747597288.jpg\" title=\"Selon Mediapart, Laurent Wauquiez a \u00e9t\u00e9 l&#039;objet de propos calomnieux. Photo archives Michel Taffin\" class=\"chocolat-image GA-tracking\" data-ga_type=\"click\" data-ga_category=\"D\u00e9tail\" data-ga_action=\"zoomer\" data-ga_label=\"aggrandir image\" target=\"_blank\" rel=\"noopener\">&#13;<br \/>\n        <img src=\"https:\/\/www.europesays.com\/fr\/wp-content\/uploads\/2025\/09\/selon-mediapart-laurent-wauquiez-a-ete-l-objet-de-propos-calomnieux-photo-archives-michel-taffin-174.jpeg\"   alt=\"Selon Mediapart, Laurent Wauquiez a \u00e9t\u00e9 l'objet de propos calomnieux. Photo archives Michel Taffin\" fetchpriority=\"high\" decoding=\"async\" data-mobile=\"NW_listA_M|1747597288\" data-base=\"NW_listA|1747597288\"\/>&#13;<br \/>\n    <\/a>&#13;<\/p>\n<p>Selon Mediapart, Laurent Wauquiez a \u00e9t\u00e9 l&rsquo;objet de propos calomnieux. Photo archives Michel Taffin<\/p>\n<p>  Du 22 au 26 septembre 2025<\/p>\n<p>Les dates du proc\u00e8s sont d\u00e9sormais fix\u00e9es. Ils seront <a href=\"https:\/\/www.leprogres.fr\/faits-divers-justice\/2025\/06\/06\/sextape-gael-perdriau-au-tribunal-en-septembre-avec-sept-co-prevenus\" target=\"_blank\" rel=\"noopener\">huit sur le banc des pr\u00e9venus<\/a>, au tribunal correctionnel de Lyon\u00a0: Ga\u00ebl Perdriau, Pierre Gauttieri, Samy K\u00e9fi-J\u00e9r\u00f4me, Gilles Rossary-Lenglet, ainsi que quatre dirigeants des associations Agap et France-Lettonie.<\/p>\n<p>  &#13;<br \/>\n      <a href=\"https:\/\/cdn-s-www.leprogres.fr\/images\/73878680-af50-4df0-bdca-1d34a27f57c6\/NW_raw\/gael-perdriau-lors-du-dernier-defile-du-14-juillet-photo-charly-jurine-1757514075.jpg\" title=\"Ga\u00ebl Perdriau lors du dernier d\u00e9fil\u00e9 du 14-Juillet. Photo Charly Jurine\" class=\"chocolat-image GA-tracking\" data-ga_type=\"click\" data-ga_category=\"D\u00e9tail\" data-ga_action=\"zoomer\" data-ga_label=\"agrandir image\" target=\"_blank\" rel=\"noopener\">&#13;<br \/>\n          <img loading=\"lazy\" decoding=\"async\" src=\"https:\/\/www.europesays.com\/fr\/wp-content\/uploads\/2025\/09\/gael-perdriau-lors-du-dernier-defile-du-14-juillet-photo-charly-jurine-1757514075.jpg\" data-mobile=\"NW_listC_M|1757514075\" data-base=\"NW_listC|1757514075\" alt=\"Ga\u00ebl Perdriau lors du dernier d\u00e9fil\u00e9 du 14-Juillet. Photo Charly Jurine\"\/>&#13;<br \/>\n      <\/a>&#13;<\/p>\n<p>Ga\u00ebl Perdriau lors du dernier d\u00e9fil\u00e9 du 14-Juillet. Photo Charly Jurine<\/p>\n<p>&#13;<\/p>\n<p>Ga\u00ebl Perdriau sera jug\u00e9 pour chantage, soustraction et d\u00e9tournement de fonds publics par un d\u00e9positaire de l\u2019autorit\u00e9 publique.<\/p>\n<p>  &#13;<br \/>\n      <a href=\"https:\/\/cdn-s-www.leprogres.fr\/images\/33d917d3-3648-4967-b5c2-8084e8ed7785\/NW_raw\/pierre-gauttieri-ancien-directeur-de-cabinet-de-gael-perdriau-photo-archives-remy-perrin-1680817610.jpg\" title=\"Pierre Gauttieri, ancien directeur de cabinet de Ga\u00ebl Perdriau. Photo archives R\u00e9my Perrin\" class=\"chocolat-image GA-tracking\" data-ga_type=\"click\" data-ga_category=\"D\u00e9tail\" data-ga_action=\"zoomer\" data-ga_label=\"agrandir image\" target=\"_blank\" rel=\"noopener\">&#13;<br \/>\n          <img loading=\"lazy\" decoding=\"async\" src=\"https:\/\/www.europesays.com\/fr\/wp-content\/uploads\/2025\/09\/pierre-gauttieri-ancien-directeur-de-cabinet-de-gael-perdriau-photo-archives-remy-perrin-1680817610..jpeg\" data-mobile=\"NW_listC_M|1680817610\" data-base=\"NW_listC|1680817610\" alt=\"Pierre Gauttieri, ancien directeur de cabinet de Ga\u00ebl Perdriau. Photo archives R\u00e9my Perrin\"\/>&#13;<br \/>\n      <\/a>&#13;<\/p>\n<p>Pierre Gauttieri, ancien directeur de cabinet de Ga\u00ebl Perdriau. Photo archives R\u00e9my Perrin<\/p>\n<p>&#13;<\/p>\n<p>Pierre Gauttieri devra r\u00e9pondre de chantage, utilisation, conservation ou divulgation d\u2019un document ou enregistrement portant sur des paroles ou images \u00e0 caract\u00e8re sexuel et obtenu par une atteinte \u00e0 l\u2019intimit\u00e9 de la vie priv\u00e9e d\u2019autrui, complicit\u00e9 de soustraction, d\u00e9tournement de fonds publics par un d\u00e9positaire de l\u2019autorit\u00e9 publique.<\/p>\n<p>  &#13;<br \/>\n      <a href=\"https:\/\/cdn-s-www.leprogres.fr\/images\/0be6256c-2855-40ee-a0c0-09e9fc7c0c2e\/NW_raw\/samy-kefi-jerome-ancien-adjoint-a-l-education-photo-archives-remy-perrin-1712563812.jpg\" title=\"Samy Kefi-J\u00e9r\u00f4me, ancien adjoint \u00e0 l&#039;Education. Photo archives R\u00e9my Perrin\" class=\"chocolat-image GA-tracking\" data-ga_type=\"click\" data-ga_category=\"D\u00e9tail\" data-ga_action=\"zoomer\" data-ga_label=\"agrandir image\" target=\"_blank\" rel=\"noopener\">&#13;<br \/>\n          <img loading=\"lazy\" decoding=\"async\" src=\"https:\/\/www.europesays.com\/fr\/wp-content\/uploads\/2025\/09\/samy-kefi-jerome-ancien-adjoint-a-l-education-photo-archives-remy-perrin-1712563812.jpg\" data-mobile=\"NW_listC_M|1712563812\" data-base=\"NW_listC|1712563812\" alt=\"Samy Kefi-J\u00e9r\u00f4me, ancien adjoint \u00e0 l'Education. Photo archives R\u00e9my Perrin\"\/>&#13;<br \/>\n      <\/a>&#13;<\/p>\n<p>Samy Kefi-J\u00e9r\u00f4me, ancien adjoint \u00e0 l&rsquo;Education. Photo archives R\u00e9my Perrin<\/p>\n<p>&#13;<\/p>\n<p>Samy K\u00e9fi-J\u00e9r\u00f4me est poursuivi pour chantage, atteinte \u00e0 l\u2019intimit\u00e9 de la vie priv\u00e9e par fixation, enregistrement ou transmission de l\u2019image d\u2019une personne pr\u00e9sentant un caract\u00e8re sexuel, utilisation, conservation ou divulgation d\u2019un document ou enregistrement portant sur des paroles ou images \u00e0 caract\u00e8re sexuel et obtenu par une atteinte \u00e0 l\u2019intimit\u00e9 de la vie priv\u00e9e d\u2019autrui, recel de bien obtenu \u00e0 l\u2019aide d\u2019un d\u00e9tournement de fonds.<\/p>\n<p>  &#13;<br \/>\n      <a href=\"https:\/\/cdn-s-www.leprogres.fr\/images\/97d3c5ba-0a68-4baf-a230-b97b152e5940\/NW_raw\/gilles-rossary-lenglet-ancien-compagnon-de-samy-kefi-jerome-a-revele-l-affaire-aux-medias-photo-archives-philippe-vacher-1663919346.jpg\" title=\"Gilles Rossary-Lenglet, ancien compagnon de Samy K\u00e9fi-J\u00e9r\u00f4me, a r\u00e9v\u00e9l\u00e9 l&#039;affaire aux m\u00e9dias. Photo archives Philippe Vacher\" class=\"chocolat-image GA-tracking\" data-ga_type=\"click\" data-ga_category=\"D\u00e9tail\" data-ga_action=\"zoomer\" data-ga_label=\"agrandir image\" target=\"_blank\" rel=\"noopener\">&#13;<br \/>\n          <img loading=\"lazy\" decoding=\"async\" src=\"https:\/\/www.europesays.com\/fr\/wp-content\/uploads\/2025\/09\/gilles-rossary-lenglet-ancien-compagnon-de-samy-kefi-jerome-a-revele-l-affaire-aux-medias-photo-arch.jpeg\" data-mobile=\"NW_listC_M|1663919346\" data-base=\"NW_listC|1663919346\" alt=\"Gilles Rossary-Lenglet, ancien compagnon de Samy K\u00e9fi-J\u00e9r\u00f4me, a r\u00e9v\u00e9l\u00e9 l'affaire aux m\u00e9dias. Photo archives Philippe Vacher\"\/>&#13;<br \/>\n      <\/a>&#13;<\/p>\n<p>Gilles Rossary-Lenglet, ancien compagnon de Samy K\u00e9fi-J\u00e9r\u00f4me, a r\u00e9v\u00e9l\u00e9 l&rsquo;affaire aux m\u00e9dias. Photo archives Philippe Vacher<\/p>\n<p>&#13;<\/p>\n<p>Et il est reproch\u00e9 \u00e0 Gilles Rossary-Lenglet des infractions de complicit\u00e9 de chantage, utilisation, conservation ou divulgation d\u2019un document ou enregistrement portant sur des paroles ou images \u00e0 caract\u00e8re sexuel et obtenu par une atteinte \u00e0 l\u2019intimit\u00e9 de la vie priv\u00e9e d\u2019autrui, recel de bien obtenu \u00e0 l\u2019aide d\u2019un d\u00e9tournement de fonds.<\/p>\n<p>Les quatre sont \u00e9galement accus\u00e9s de participation \u00e0 une association de malfaiteurs en vue de la pr\u00e9paration d\u2019un d\u00e9lit puni d\u2019au moins cinq ans d\u2019emprisonnement.<\/p>\n<p>Les quatre autres pr\u00e9venus sont Robert Giacomel et son \u00e9pouse Nicole Deville, dirigeants de l\u2019association France-Lettonie, ainsi que Philippe Buil et son \u00e9pouse Chantal Sabatier, \u00e0 la t\u00eate de la galerie Art pluriel. Ils seront jug\u00e9s pour abus de confiance.<\/p>\n","protected":false},"excerpt":{"rendered":"26 ao\u00fbt 2022 \u00a0: les premi\u00e8res r\u00e9v\u00e9lations Stupeur \u00e0 Saint-\u00c9tienne. Un article de Mediapart sort la ville de&hellip;\n","protected":false},"author":2,"featured_media":395234,"comment_status":"","ping_status":"","sticky":false,"template":"","format":"standard","meta":{"footnotes":""},"categories":[9653],"tags":[52728,1111,11,42797,2430,1777,674,1011,27,12,25,4001],"class_list":{"0":"post-395233","1":"post","2":"type-post","3":"status-publish","4":"format-standard","5":"has-post-thumbnail","7":"category-saint-etienne","8":"tag-a-propos","9":"tag-actu","10":"tag-actualites","11":"tag-affaire-perdriau","12":"tag-auvergne-rhone-alpes","13":"tag-eu","14":"tag-europe","15":"tag-fr","16":"tag-france","17":"tag-news","18":"tag-republique-francaise","19":"tag-saint-etienne"},"share_on_mastodon":{"url":"https:\/\/pubeurope.com\/@fr\/115214424169036063","error":""},"_links":{"self":[{"href":"https:\/\/www.europesays.com\/fr\/wp-json\/wp\/v2\/posts\/395233","targetHints":{"allow":["GET"]}}],"collection":[{"href":"https:\/\/www.europesays.com\/fr\/wp-json\/wp\/v2\/posts"}],"about":[{"href":"https:\/\/www.europesays.com\/fr\/wp-json\/wp\/v2\/types\/post"}],"author":[{"embeddable":true,"href":"https:\/\/www.europesays.com\/fr\/wp-json\/wp\/v2\/users\/2"}],"replies":[{"embeddable":true,"href":"https:\/\/www.europesays.com\/fr\/wp-json\/wp\/v2\/comments?post=395233"}],"version-history":[{"count":0,"href":"https:\/\/www.europesays.com\/fr\/wp-json\/wp\/v2\/posts\/395233\/revisions"}],"wp:featuredmedia":[{"embeddable":true,"href":"https:\/\/www.europesays.com\/fr\/wp-json\/wp\/v2\/media\/395234"}],"wp:attachment":[{"href":"https:\/\/www.europesays.com\/fr\/wp-json\/wp\/v2\/media?parent=395233"}],"wp:term":[{"taxonomy":"category","embeddable":true,"href":"https:\/\/www.europesays.com\/fr\/wp-json\/wp\/v2\/categories?post=395233"},{"taxonomy":"post_tag","embeddable":true,"href":"https:\/\/www.europesays.com\/fr\/wp-json\/wp\/v2\/tags?post=395233"}],"curies":[{"name":"wp","href":"https:\/\/api.w.org\/{rel}","templated":true}]}}