{"id":395239,"date":"2025-09-16T14:24:12","date_gmt":"2025-09-16T14:24:12","guid":{"rendered":"https:\/\/www.europesays.com\/fr\/395239\/"},"modified":"2025-09-16T14:24:12","modified_gmt":"2025-09-16T14:24:12","slug":"apres-un-desistement-la-ville-relance-lappel-a-projet-pour-exploiter-le-terrain-de-coste-chaude-a-la-seyne","status":"publish","type":"post","link":"https:\/\/www.europesays.com\/fr\/395239\/","title":{"rendered":"Apr\u00e8s un d\u00e9sistement, la Ville relance l\u2019appel \u00e0 projet pour exploiter le terrain de Coste Chaude \u00e0 La Seyne"},"content":{"rendered":"<p>Interrog\u00e9e par le CIL La Seyne ouest et Sud, l\u2019adjointe au maire Sandra Torres annonce que l\u2019agricultrice dont la candidature avait \u00e9t\u00e9 retenue pour s\u2019installer sur le terrain de Coste Chaude \u00ab\u00a0s\u2019est d\u00e9sist\u00e9e pour raison personnelle. La Ville, explique-t-elle, va donc relancer un appel \u00e0 manifestation d\u2019int\u00e9r\u00eat pour s\u00e9lectionner un nouveau candidat. Mais avec une diff\u00e9rence: dans le premier appel, il \u00e9tait demand\u00e9 que le candidat prenne \u00e0 sa charge la cl\u00f4ture du terrain. Mais comme le co\u00fbt peut \u00eatre dissuasif, la Ville va financer cette op\u00e9ration\u00a0\u00bb<\/p>\n<p>Quant au type de culture(s) attendue(s) sur le site, Sandra Torres indique qu\u2019il convient de pr\u00e9f\u00e9rer des activit\u00e9s \u00ab\u00a0qui ne demandent pas trop d\u2019eau. On partira donc davantage sur un projet de type agriculture raisonn\u00e9e, et on continue de travailler avec la Chambre d\u2019agriculture afin de s\u2019assurer que le projet du candidat retenu pourra tenir dans la dur\u00e9e\u00a0\u00bb. <\/p>\n","protected":false},"excerpt":{"rendered":"Interrog\u00e9e par le CIL La Seyne ouest et Sud, l\u2019adjointe au maire Sandra Torres annonce que l\u2019agricultrice dont&hellip;\n","protected":false},"author":2,"featured_media":395240,"comment_status":"","ping_status":"","sticky":false,"template":"","format":"standard","meta":{"footnotes":""},"categories":[9619],"tags":[1111,11,1777,674,1011,27,12,882,25,2310,3366],"class_list":{"0":"post-395239","1":"post","2":"type-post","3":"status-publish","4":"format-standard","5":"has-post-thumbnail","7":"category-toulon","8":"tag-actu","9":"tag-actualites","10":"tag-eu","11":"tag-europe","12":"tag-fr","13":"tag-france","14":"tag-news","15":"tag-provence-alpes-cote-dazur","16":"tag-republique-francaise","17":"tag-toulon","18":"tag-vie-locale"},"share_on_mastodon":{"url":"https:\/\/pubeurope.com\/@fr\/115214435224919901","error":""},"_links":{"self":[{"href":"https:\/\/www.europesays.com\/fr\/wp-json\/wp\/v2\/posts\/395239","targetHints":{"allow":["GET"]}}],"collection":[{"href":"https:\/\/www.europesays.com\/fr\/wp-json\/wp\/v2\/posts"}],"about":[{"href":"https:\/\/www.europesays.com\/fr\/wp-json\/wp\/v2\/types\/post"}],"author":[{"embeddable":true,"href":"https:\/\/www.europesays.com\/fr\/wp-json\/wp\/v2\/users\/2"}],"replies":[{"embeddable":true,"href":"https:\/\/www.europesays.com\/fr\/wp-json\/wp\/v2\/comments?post=395239"}],"version-history":[{"count":0,"href":"https:\/\/www.europesays.com\/fr\/wp-json\/wp\/v2\/posts\/395239\/revisions"}],"wp:featuredmedia":[{"embeddable":true,"href":"https:\/\/www.europesays.com\/fr\/wp-json\/wp\/v2\/media\/395240"}],"wp:attachment":[{"href":"https:\/\/www.europesays.com\/fr\/wp-json\/wp\/v2\/media?parent=395239"}],"wp:term":[{"taxonomy":"category","embeddable":true,"href":"https:\/\/www.europesays.com\/fr\/wp-json\/wp\/v2\/categories?post=395239"},{"taxonomy":"post_tag","embeddable":true,"href":"https:\/\/www.europesays.com\/fr\/wp-json\/wp\/v2\/tags?post=395239"}],"curies":[{"name":"wp","href":"https:\/\/api.w.org\/{rel}","templated":true}]}}