{"id":395245,"date":"2025-09-16T14:27:10","date_gmt":"2025-09-16T14:27:10","guid":{"rendered":"https:\/\/www.europesays.com\/fr\/395245\/"},"modified":"2025-09-16T14:27:10","modified_gmt":"2025-09-16T14:27:10","slug":"elle-avait-frappe-une-passagere-du-tramway-avec-une-bouteille-brisee-une-femme-condamnee","status":"publish","type":"post","link":"https:\/\/www.europesays.com\/fr\/395245\/","title":{"rendered":"Elle avait frapp\u00e9 une passag\u00e8re du tramway avec une bouteille bris\u00e9e, une femme condamn\u00e9e"},"content":{"rendered":"<p>Elle avait frapp\u00e9 une passag\u00e8re avec une bouteille de rhum\u00a0dans le tramway de <a href=\"https:\/\/www.20minutes.fr\/magazine\/le-nouveau-montpellier-mag\/\" class=\"c-link c-link--is-underlined\" target=\"_blank\" rel=\"noopener\">Montpellier<\/a>, le soir de la <a href=\"https:\/\/www.20minutes.fr\/dossier\/fete_de_la_musique\" class=\"c-link c-link--is-underlined\" target=\"_blank\" rel=\"noopener\">f\u00eate de la musique<\/a>. Une jeune femme \u00e2g\u00e9e de 25 ans a \u00e9t\u00e9 condamn\u00e9e\u00a0le 27\u00a0ao\u00fbt dernier \u00e0 6 mois de prison ferme, rapporte <a href=\"https:\/\/www.midilibre.fr\/2025\/09\/01\/elle-avait-brise-une-bouteille-de-rhum-et-frappe-violemment-la-tete-dune-femme-dans-le-tramway-a-montpellier-juste-apres-sa-cure-de-desintoxication-12902835.php\" target=\"_blank\" class=\"c-link c-link--is-underlined\" rel=\"noopener\">Midi Libre<\/a>. Une peine \u00e0 laquelle s\u2019ajoute\u00a0la r\u00e9vocation d\u2019un sursis de trois mois, pour un total de\u00a0neuf mois d\u2019emprisonnement.<\/p>\n<p>Elle attaque la victime avec une bouteille bris\u00e9e<\/p>\n<p>Le 21 juin dernier, elle n\u2019avait pas support\u00e9 que la victime lui fasse remarquer qu\u2019elle g\u00eanait le passage dans la rame. Selon un t\u00e9moin, elle avait alors bris\u00e9 la bouteille sur une barre avant <a href=\"https:\/\/www.20minutes.fr\/dossier\/agression\" class=\"c-link c-link--is-underlined\" target=\"_blank\" rel=\"noopener\">d\u2019agresser<\/a> la passag\u00e8re avec. Cette derni\u00e8re, qui souffrait d\u2019une plaie de huit centim\u00e8tres \u00e0 la t\u00eate et d\u2019un traumatisme cr\u00e2nien, avait \u00e9t\u00e9 recousue sur place par les pompiers puis transport\u00e9e\u00a0vers le CHU.<\/p>\n<p>\u00ab\u00a0Les excuses n\u2019enl\u00e8vent pas la douleur et les s\u00e9quelles. Ma cliente a toujours peur d\u2019\u00eatre agress\u00e9e\u00a0\u00bb, a d\u00e9clar\u00e9 son avocate lors de l\u2019audience. La pr\u00e9venue souffre d\u2019une addiction \u00e0 l\u2019alcool et\u00a0venait de sortir d\u2019une\u00a0cure de d\u00e9sintoxication au moment des faits.\u00a0Sa peine comporte \u00e9galement une obligation de soins et l\u2019interdiction de fr\u00e9quenter\u00a0des d\u00e9bits de boissons et de d\u00e9tenir une arme.<\/p>\n","protected":false},"excerpt":{"rendered":"Elle avait frapp\u00e9 une passag\u00e8re avec une bouteille de rhum\u00a0dans le tramway de Montpellier, le soir de la&hellip;\n","protected":false},"author":2,"featured_media":395246,"comment_status":"","ping_status":"","sticky":false,"template":"","format":"standard","meta":{"footnotes":""},"categories":[9599],"tags":[1111,47,11,1120,1777,674,118,25885,1011,27,7089,303,2681,2208,12,2680,25,3693],"class_list":{"0":"post-395245","1":"post","2":"type-post","3":"status-publish","4":"format-standard","5":"has-post-thumbnail","7":"category-montpellier","8":"tag-actu","9":"tag-actualite","10":"tag-actualites","11":"tag-agression","12":"tag-eu","13":"tag-europe","14":"tag-faits-divers","15":"tag-fete-de-la-musique","16":"tag-fr","17":"tag-france","18":"tag-herault","19":"tag-justice","20":"tag-languedoc-roussillon","21":"tag-montpellier","22":"tag-news","23":"tag-occitanie","24":"tag-republique-francaise","25":"tag-tribunal"},"share_on_mastodon":{"url":"https:\/\/pubeurope.com\/@fr\/115214446953010514","error":""},"_links":{"self":[{"href":"https:\/\/www.europesays.com\/fr\/wp-json\/wp\/v2\/posts\/395245","targetHints":{"allow":["GET"]}}],"collection":[{"href":"https:\/\/www.europesays.com\/fr\/wp-json\/wp\/v2\/posts"}],"about":[{"href":"https:\/\/www.europesays.com\/fr\/wp-json\/wp\/v2\/types\/post"}],"author":[{"embeddable":true,"href":"https:\/\/www.europesays.com\/fr\/wp-json\/wp\/v2\/users\/2"}],"replies":[{"embeddable":true,"href":"https:\/\/www.europesays.com\/fr\/wp-json\/wp\/v2\/comments?post=395245"}],"version-history":[{"count":0,"href":"https:\/\/www.europesays.com\/fr\/wp-json\/wp\/v2\/posts\/395245\/revisions"}],"wp:featuredmedia":[{"embeddable":true,"href":"https:\/\/www.europesays.com\/fr\/wp-json\/wp\/v2\/media\/395246"}],"wp:attachment":[{"href":"https:\/\/www.europesays.com\/fr\/wp-json\/wp\/v2\/media?parent=395245"}],"wp:term":[{"taxonomy":"category","embeddable":true,"href":"https:\/\/www.europesays.com\/fr\/wp-json\/wp\/v2\/categories?post=395245"},{"taxonomy":"post_tag","embeddable":true,"href":"https:\/\/www.europesays.com\/fr\/wp-json\/wp\/v2\/tags?post=395245"}],"curies":[{"name":"wp","href":"https:\/\/api.w.org\/{rel}","templated":true}]}}