{"id":395251,"date":"2025-09-16T14:30:19","date_gmt":"2025-09-16T14:30:19","guid":{"rendered":"https:\/\/www.europesays.com\/fr\/395251\/"},"modified":"2025-09-16T14:30:19","modified_gmt":"2025-09-16T14:30:19","slug":"quand-robert-redford-rencontrait-le-plus-grenoblois-des-chefs-papous","status":"publish","type":"post","link":"https:\/\/www.europesays.com\/fr\/395251\/","title":{"rendered":"quand\u00a0Robert Redford rencontrait le plus grenoblois des chefs papous"},"content":{"rendered":"<p>Disparu ce mardi 16 septembre, l&rsquo;acteur <a href=\"https:\/\/www.ledauphine.com\/p\/robert-redford\" target=\"_blank\" rel=\"nofollow noopener\">Robert Redford<\/a> \u00e9tait aussi un ardent d\u00e9fenseur de l&rsquo;environnement et des peuples autochtones. Il l&rsquo;avait notamment d\u00e9montr\u00e9 en 2015, lorsqu&rsquo;il avait invit\u00e9 \u00e0 la COP 21 Mundiya Kepanga, le plus grenoblois des chefs papous.<\/p>\n<p>Avec son ami Marc Dozier, lui aussi grenoblois, le\u00a0chef papou de la tribu des Hulis, en Papouasie-Nouvelle-Guin\u00e9e,\u00a0avait pu pr\u00e9senter un extrait de\u00a0Fr\u00e8res des arbres, l&rsquo;appel d&rsquo;un chef papou. Un documentaire visant \u00e0 alerter sur la situation dramatique de la for\u00eat primaire de Papouasie-Nouvelle-Guin\u00e9e.<\/p>\n<p>  \u00ab\u00a0Nous sommes tous les deux les parents de la for\u00eat\u00a0\u00bb<\/p>\n<p><a href=\"https:\/\/www.ledauphine.com\/actualite\/2017\/03\/17\/l-appel-d-un-chef-papou-pour-la-foret-lance-avec-redford\" target=\"_blank\" rel=\"nofollow noopener\">Cette rencontre<\/a> entre Mundiya Kepanga et l&rsquo;acteur am\u00e9ricain a notamment \u00e9t\u00e9 le th\u00e9\u00e2tre d&rsquo;un \u00e9change savoureux entre les deux hommes.<\/p>\n<p>\u00ab\u00a0Dites-lui que nous sommes tous les deux les parents de la for\u00eat et qu&rsquo;il est beaucoup mieux habill\u00e9 que moi \u00bb, demandait Robert Redford \u00e0 Marc Dozier qui assurait la traduction. \u00ab\u00a0Je vous proposerais bien d&rsquo;\u00e9changer de tenue, mais je suis s\u00fbr que vous n&rsquo;avez pas le temps, lui avait r\u00e9pondu\u00a0Mundiya Kepanga. Mais vous pourrez le faire si vous venez chez moi, vous pourrez vous habiller comme moi, l\u00e0-bas\u00a0!\u00a0\u00bb<\/p>\n","protected":false},"excerpt":{"rendered":"Disparu ce mardi 16 septembre, l&rsquo;acteur Robert Redford \u00e9tait aussi un ardent d\u00e9fenseur de l&rsquo;environnement et des peuples&hellip;\n","protected":false},"author":2,"featured_media":395252,"comment_status":"","ping_status":"","sticky":false,"template":"","format":"standard","meta":{"footnotes":""},"categories":[9566],"tags":[1111,11,2430,436,1777,674,107,1011,27,2731,1757,108,12,973,25],"class_list":{"0":"post-395251","1":"post","2":"type-post","3":"status-publish","4":"format-standard","5":"has-post-thumbnail","7":"category-grenoble","8":"tag-actu","9":"tag-actualites","10":"tag-auvergne-rhone-alpes","11":"tag-environnement","12":"tag-eu","13":"tag-europe","14":"tag-fil-info","15":"tag-fr","16":"tag-france","17":"tag-grenoble","18":"tag-insolite","19":"tag-isere","20":"tag-news","21":"tag-people","22":"tag-republique-francaise"},"share_on_mastodon":{"url":"https:\/\/pubeurope.com\/@fr\/115214458856559958","error":""},"_links":{"self":[{"href":"https:\/\/www.europesays.com\/fr\/wp-json\/wp\/v2\/posts\/395251","targetHints":{"allow":["GET"]}}],"collection":[{"href":"https:\/\/www.europesays.com\/fr\/wp-json\/wp\/v2\/posts"}],"about":[{"href":"https:\/\/www.europesays.com\/fr\/wp-json\/wp\/v2\/types\/post"}],"author":[{"embeddable":true,"href":"https:\/\/www.europesays.com\/fr\/wp-json\/wp\/v2\/users\/2"}],"replies":[{"embeddable":true,"href":"https:\/\/www.europesays.com\/fr\/wp-json\/wp\/v2\/comments?post=395251"}],"version-history":[{"count":0,"href":"https:\/\/www.europesays.com\/fr\/wp-json\/wp\/v2\/posts\/395251\/revisions"}],"wp:featuredmedia":[{"embeddable":true,"href":"https:\/\/www.europesays.com\/fr\/wp-json\/wp\/v2\/media\/395252"}],"wp:attachment":[{"href":"https:\/\/www.europesays.com\/fr\/wp-json\/wp\/v2\/media?parent=395251"}],"wp:term":[{"taxonomy":"category","embeddable":true,"href":"https:\/\/www.europesays.com\/fr\/wp-json\/wp\/v2\/categories?post=395251"},{"taxonomy":"post_tag","embeddable":true,"href":"https:\/\/www.europesays.com\/fr\/wp-json\/wp\/v2\/tags?post=395251"}],"curies":[{"name":"wp","href":"https:\/\/api.w.org\/{rel}","templated":true}]}}