{"id":395255,"date":"2025-09-16T14:32:10","date_gmt":"2025-09-16T14:32:10","guid":{"rendered":"https:\/\/www.europesays.com\/fr\/395255\/"},"modified":"2025-09-16T14:32:10","modified_gmt":"2025-09-16T14:32:10","slug":"bloquons-tout-de-nouveaux-blocages-annonces-mercredi-a-rennes-ce-qui-est-prevu","status":"publish","type":"post","link":"https:\/\/www.europesays.com\/fr\/395255\/","title":{"rendered":"\u00ab\u00a0Bloquons Tout\u00a0\u00bb\u00a0: de nouveaux blocages annonc\u00e9s mercredi \u00e0 Rennes, ce qui est pr\u00e9vu"},"content":{"rendered":"<p>Le mouvement veut s\u2019inscrire dans la dur\u00e9e. En attendant, la grande manifestation du jeudi 18 septembre qui devrait permettre de rassembler les syndicats et les militants \u00ab Bloquons Tout \u00bb autour d\u2019un mot d\u2019ordre commun contre l\u2019aust\u00e9rit\u00e9, des actions sporadiques ont eu lieu ces derniers jours un peu partout en France.<\/p>\n<p>Apr\u00e8s <a href=\"https:\/\/www.letelegramme.fr\/ille-et-vilaine\/rennes-35000\/direct-10-septembre-suivez-les-blocages-a-rennes-et-en-ille-et-vilaine-6885744.php\" target=\"_blank\" rel=\"noopener\">la manifestation du 10 septembre<\/a> qui avait rassembl\u00e9 plus de 10 000 personnes dans le centre-ville, la mobilisation s\u2019est poursuivie \ufeffsamedi dernier \u00e0 Rennes. Une petite centaine de manifestants, dispers\u00e9s aux entr\u00e9es de plusieurs zones commerciales ont r\u00e9ussi \u00e0 perturber la circulation pendant quelques dizaines de minutes \u00e0 la mi-journ\u00e9e. Certains faisant m\u00eame preuve d\u2019une certaine dose d\u2019imagination pour ralentir le trafic : baisers \u00e9chang\u00e9s au milieu d\u2019un passage pi\u00e9ton, tours de ronds-points \u00e0 v\u00e9lo\u2026<\/p>\n<p>Des actions annonc\u00e9es ce mercredi matin<\/p>\n<p>Les participants au mouvement comptent bien battre le fer tant qu\u2019il est chaud. Des appels \u00e0 se rassembler aux stations de m\u00e9tro Villejean et Cleunay, ce mercredi 17 septembre, d\u00e8s 6 h, circulent sur les r\u00e9seaux sociaux et les diff\u00e9rentes boucles de discussions li\u00e9es \u00e0 \u00ab Bloquons Tout \u00bb. Ces actions devraient, une fois encore, viser \u00e0 perturber la circulation sur la rocade.<\/p>\n<p>De quoi aggraver encore un peu plus les difficult\u00e9s pour les automobilistes rennais. D\u00e9j\u00e0 rendue compliqu\u00e9e par la fermeture du pont d\u2019Alma, ferm\u00e9 suite \u00e0 <a href=\"https:\/\/www.letelegramme.fr\/ille-et-vilaine\/rennes-35000\/10-septembre-a-rennes-lincendie-du-bus-a-ete-allume-par-lun-des-auteurs-du-blocage-de-la-rocade-selon-le-parquet-6887538.php\" target=\"_blank\" rel=\"noopener\">l\u2019incendie d\u2019un bus du STAR<\/a> lors de la manifestation du 10 septembre, la circulation est aussi impact\u00e9e par l\u2019ouverture du SPACE, le grand rendez-vous agricole qui attire chaque ann\u00e9e des milliers de visiteurs au Parc-Expo.<\/p>\n","protected":false},"excerpt":{"rendered":"Le mouvement veut s\u2019inscrire dans la dur\u00e9e. En attendant, la grande manifestation du jeudi 18 septembre qui devrait&hellip;\n","protected":false},"author":2,"featured_media":395256,"comment_status":"","ping_status":"","sticky":false,"template":"","format":"standard","meta":{"footnotes":""},"categories":[2821],"tags":[1111,11,829,765,1777,674,1011,27,848,11639,12,50972,584,25],"class_list":{"0":"post-395255","1":"post","2":"type-post","3":"status-publish","4":"format-standard","5":"has-post-thumbnail","7":"category-rennes","8":"tag-actu","9":"tag-actualites","10":"tag-bretagne","11":"tag-en-continu","12":"tag-eu","13":"tag-europe","14":"tag-fr","15":"tag-france","16":"tag-ille-et-vilaine","17":"tag-mouvement-social","18":"tag-news","19":"tag-newsletter-la-rennes-quotidienne","20":"tag-rennes","21":"tag-republique-francaise"},"share_on_mastodon":{"url":"https:\/\/pubeurope.com\/@fr\/115214466777019029","error":""},"_links":{"self":[{"href":"https:\/\/www.europesays.com\/fr\/wp-json\/wp\/v2\/posts\/395255","targetHints":{"allow":["GET"]}}],"collection":[{"href":"https:\/\/www.europesays.com\/fr\/wp-json\/wp\/v2\/posts"}],"about":[{"href":"https:\/\/www.europesays.com\/fr\/wp-json\/wp\/v2\/types\/post"}],"author":[{"embeddable":true,"href":"https:\/\/www.europesays.com\/fr\/wp-json\/wp\/v2\/users\/2"}],"replies":[{"embeddable":true,"href":"https:\/\/www.europesays.com\/fr\/wp-json\/wp\/v2\/comments?post=395255"}],"version-history":[{"count":0,"href":"https:\/\/www.europesays.com\/fr\/wp-json\/wp\/v2\/posts\/395255\/revisions"}],"wp:featuredmedia":[{"embeddable":true,"href":"https:\/\/www.europesays.com\/fr\/wp-json\/wp\/v2\/media\/395256"}],"wp:attachment":[{"href":"https:\/\/www.europesays.com\/fr\/wp-json\/wp\/v2\/media?parent=395255"}],"wp:term":[{"taxonomy":"category","embeddable":true,"href":"https:\/\/www.europesays.com\/fr\/wp-json\/wp\/v2\/categories?post=395255"},{"taxonomy":"post_tag","embeddable":true,"href":"https:\/\/www.europesays.com\/fr\/wp-json\/wp\/v2\/tags?post=395255"}],"curies":[{"name":"wp","href":"https:\/\/api.w.org\/{rel}","templated":true}]}}