{"id":395257,"date":"2025-09-16T14:33:10","date_gmt":"2025-09-16T14:33:10","guid":{"rendered":"https:\/\/www.europesays.com\/fr\/395257\/"},"modified":"2025-09-16T14:33:10","modified_gmt":"2025-09-16T14:33:10","slug":"face-au-vieillissement-de-la-population-rennes-mise-sur-la-participation-des-seniors","status":"publish","type":"post","link":"https:\/\/www.europesays.com\/fr\/395257\/","title":{"rendered":"Face au vieillissement de la population, Rennes mise sur la participation des seniors"},"content":{"rendered":"<p>\t\tChiffres-cl\u00e9s<\/p>\n<p class=\"title\"><strong>2012<\/strong><\/p>\n<p>La ville de Rennes obtient le label \u00ab Bien vieillir &#8211; vivre ensemble \u00bb et lance un premier diagnostic participatif.<\/p>\n<p>&#13;<\/p>\n<p class=\"title\"><strong>2014<\/strong><\/p>\n<p>Premier plan d\u2019action Ville amie des a\u00een\u00e9s.<\/p>\n<p>&#13;<\/p>\n<p class=\"title\"><strong>2022<\/strong><\/p>\n<p>Deuxi\u00e8me diagnostic participatif.<\/p>\n<p>&#13;<\/p>\n<p class=\"title\"><strong>2023<\/strong><\/p>\n<p>Deuxi\u00e8me plan d\u2019action.<\/p>\n<p>Rennes, l\u2019une des premi\u00e8res adh\u00e9rentes du R\u00e9seau francophone des villes amies des a\u00een\u00e9s (RFVAA) en\u00a02011, d\u00e9tient le label \u00ab Platine \u00bb, un gage d\u2019engagement et d\u2019effectivit\u00e9 des actions men\u00e9es pour faciliter la vie des seniors. La m\u00e9tropole rennaise (43\u00a0communes, 474 000\u00a0hab.) l\u2019a suivie depuis. Une convergence qui \u00ab facilite les choses \u00bb, souligne Christophe Fouill\u00e8re, adjoint (PS) \u00e0 la maire, d\u00e9l\u00e9gu\u00e9 au vieillissement. A elles deux, elles agissent sur l\u2019ensemble des domaines impact\u00e9s par le vieillissement des habitants et tous leurs services sont impliqu\u00e9s.<\/p>\n<p>Emulation collective<\/p>\n<p>La volont\u00e9 politique de prendre en main l\u2019adaptation au vieillissement de la population \u00adconstitue le moteur de l\u2019engagement de la collectivit\u00e9 dans cette voie. Et l\u2019impliquer dans le dispositif Vada a renforc\u00e9 ce &#8230;<\/p>\n<p class=\"blocCut__title\">\n\t\t\t\t\t\t\t\t\t[80% reste \u00e0 lire]\n\t\t\t\t\t\t\t<\/p>\n<p class=\"blocCut__title--type2\">Article r\u00e9serv\u00e9 aux abonn\u00e9s<\/p>\n<p class=\"blocCut__title--type3\">Gazette des Communes, Club Sant\u00e9 Social<\/p>\n<p class=\"blocCut__title--type2\">VOUS N&rsquo;\u00eaTES PAS ABONN\u00e9 ?<\/p>\n<p class=\"blocCut__title--type4\">Testez notre Offre D\u00e9couverte Club Sant\u00e9 Social pendant 15 jours<\/p>\n<p>\t\t\t\t\t\t\t\t<a href=\"https:\/\/www.abonnement.infopro-digital.com\/offre-decouverte-du-club-sante-social\/inscription\/623\/3423#xtor=CS5-330-[site_paywall]-[https:\/\/www.lagazettedescommunes.com\/999247\/face-au-vieillissement-de-la-population-rennes-mise-sur-la-participation-des-seniors\/]-[page_article]-[a]\" target=\"_blank\" class=\"btn__full buttonTypeA buttonTypeA--1\" rel=\"noopener\">J\u2019en profite<\/a><\/p>\n<p>\t\t\t<a class=\"jqButtonTypeOpen buttonTypeOpen\" href=\"#\"><\/a><\/p>\n<p class=\"blocFolder__subtitle\">Cet article fait partie du Dossier<\/p>\n<p>\t\t\tLes villes face au vieillissement de la population<\/p>\n","protected":false},"excerpt":{"rendered":"Chiffres-cl\u00e9s 2012 La ville de Rennes obtient le label \u00ab Bien vieillir &#8211; vivre ensemble \u00bb et lance&hellip;\n","protected":false},"author":2,"featured_media":395258,"comment_status":"","ping_status":"","sticky":false,"template":"","format":"standard","meta":{"footnotes":""},"categories":[2821],"tags":[1111,2344,47,2341,11,2349,829,2340,4451,52729,1777,674,1011,27,52730,36288,52731,12,584,25,2343],"class_list":{"0":"post-395257","1":"post","2":"type-post","3":"status-publish","4":"format-standard","5":"has-post-thumbnail","7":"category-rennes","8":"tag-actu","9":"tag-actu-expert-sante-social","10":"tag-actualite","11":"tag-actualite-sante-social","12":"tag-actualites","13":"tag-articles-reserves","14":"tag-bretagne","15":"tag-club-sante-social","16":"tag-democratie-participative","17":"tag-dossier-sante-social","18":"tag-eu","19":"tag-europe","20":"tag-fr","21":"tag-france","22":"tag-glanglois","23":"tag-grand-age","24":"tag-les-villes-face-au-vieillissement-de-la-population","25":"tag-news","26":"tag-rennes","27":"tag-republique-francaise","28":"tag-toute-lactu-sante-social"},"share_on_mastodon":{"url":"https:\/\/pubeurope.com\/@fr\/115214470746987143","error":""},"_links":{"self":[{"href":"https:\/\/www.europesays.com\/fr\/wp-json\/wp\/v2\/posts\/395257","targetHints":{"allow":["GET"]}}],"collection":[{"href":"https:\/\/www.europesays.com\/fr\/wp-json\/wp\/v2\/posts"}],"about":[{"href":"https:\/\/www.europesays.com\/fr\/wp-json\/wp\/v2\/types\/post"}],"author":[{"embeddable":true,"href":"https:\/\/www.europesays.com\/fr\/wp-json\/wp\/v2\/users\/2"}],"replies":[{"embeddable":true,"href":"https:\/\/www.europesays.com\/fr\/wp-json\/wp\/v2\/comments?post=395257"}],"version-history":[{"count":0,"href":"https:\/\/www.europesays.com\/fr\/wp-json\/wp\/v2\/posts\/395257\/revisions"}],"wp:featuredmedia":[{"embeddable":true,"href":"https:\/\/www.europesays.com\/fr\/wp-json\/wp\/v2\/media\/395258"}],"wp:attachment":[{"href":"https:\/\/www.europesays.com\/fr\/wp-json\/wp\/v2\/media?parent=395257"}],"wp:term":[{"taxonomy":"category","embeddable":true,"href":"https:\/\/www.europesays.com\/fr\/wp-json\/wp\/v2\/categories?post=395257"},{"taxonomy":"post_tag","embeddable":true,"href":"https:\/\/www.europesays.com\/fr\/wp-json\/wp\/v2\/tags?post=395257"}],"curies":[{"name":"wp","href":"https:\/\/api.w.org\/{rel}","templated":true}]}}