{"id":395267,"date":"2025-09-16T14:38:24","date_gmt":"2025-09-16T14:38:24","guid":{"rendered":"https:\/\/www.europesays.com\/fr\/395267\/"},"modified":"2025-09-16T14:38:24","modified_gmt":"2025-09-16T14:38:24","slug":"greve-du-18-septembre-forte-participation-prevue-et-important-dispositif-de-securite","status":"publish","type":"post","link":"https:\/\/www.europesays.com\/fr\/395267\/","title":{"rendered":"Gr\u00e8ve du 18\u00a0septembre\u00a0: forte participation pr\u00e9vue et important dispositif de s\u00e9curit\u00e9"},"content":{"rendered":"<p>L\u2019intersyndicale (CGT, CFDT, FO, CFE-CGC, CFTC, Unsa, Solidaires, FSU), qui esp\u00e8re mobiliser plus largement que le 10\u00a0septembre (pr\u00e8s de 200\u00a0000\u00a0manifestants dans toute la France), appelle \u00e0 une grande journ\u00e9e de gr\u00e8ve et de manifestations dans tout le pays jeudi 18\u00a0septembre 2025, pour d\u00e9noncer les mesures d\u2019aust\u00e9rit\u00e9 du projet de budget 2026 et r\u00e9clamer un changement de cap. Apr\u00e8s le 18, ce sera au tour des agriculteurs de la FNSEA, le 26 septembre, de mener \u00abune grande journ\u00e9e d\u2019actions\u00bb autour des \u00e9changes internationaux de produits agricoles.<\/p>\n<p>Six rendez-vous en Loire-Atlantique<\/p>\n<p><a href=\"https:\/\/nantes.maville.com\/actu\/actudet_-mobilisation-du-18-septembre-a-quoi-s-attendre-en-loire-atlantique-_8-6972341_actu.Htm\" target=\"_blank\" rel=\"noopener\">R\u00e9unie jeudi 11 septembre, l\u2019intersyndicale d\u00e9partementale a arr\u00eat\u00e9 les horaires des quatre manifestations pr\u00e9vues en Loire-Atlantique jeudi prochain 18 septembre 2025<\/a>, dans le cadre de la journ\u00e9e de mobilisation nationale.<\/p>\n<p>?\u00c0 Nantes, le rendez-vous est fix\u00e9 \u00e0 10 h 30, au miroir d\u2019eau. Le cort\u00e8ge fera une boucle autour du centre-ville, via la pr\u00e9fecture, Talensac, la place Bretagne, le cours des 50-Otages et la crois\u00e9e des trams pour revenir \u00e0 son point de d\u00e9part.<br \/>?\u00c0 Saint-Nazaire, la manifestation partira \u00e0 10 h de la place de l\u2019Am\u00e9rique-Latine.<br \/>?\u00c0 Ancenis, le rendez-vous est fix\u00e9 \u00e0 10 h devant la station Esso.<br \/>?\u00c0 10 h 30 devant la mairie de Ch\u00e2teaubriant.<br \/>?Clisson : 10h30 parvis de la gare.<br \/>? Blain : 10h Rando manif rond point de l\u2019Ecluse.<\/p>\n<p>Actions coups de poing<\/p>\n<p>Pour cette journ\u00e9e de mobilisation, les services de renseignement \u00e9voquent une \u00a0menace hybride\u00a0, c\u2019est-\u00e0-dire des actions coups de poing d\u00e8s la veille au soir ou t\u00f4t le matin, une partie syndicale constitu\u00e9e des cort\u00e8ges classiques et une s\u00e9quence \u00a0plus politique\u00a0 emmen\u00e9e par des \u00a0militants de La France insoumise\u00a0 notamment.<\/p>\n<p>Bruno Retailleau a pr\u00e9sid\u00e9 lundi 15\u00a0septembre une r\u00e9union de travail en pr\u00e9vision de cette journ\u00e9e d\u2019action \u00e0 laquelle les pr\u00e9fets ont particip\u00e9 ainsi que les responsables de forces de l\u2019ordre.<\/p>\n<p><a href=\"https:\/\/nantes.maville.com\/actu\/actudet_-temoignages.-bloquons-tout-en-loire-atlantique-c-est-toujours-les-petits-qui-morflent-_8-6969640_actu.Htm\" target=\"_blank\" rel=\"noopener\"> <strong>T\u00c9MOIGNAGES.<\/strong> \u00ab\u00a0Bloquons tout\u00a0\u00bb en Loire-Atlantique\u00a0: \u00ab\u00a0C\u2019est toujours les petits qui morflent\u00a0\u00bb<\/a><\/p>\n<p>La participation plus \u00e9lev\u00e9e que le 10\u00a0septembre\u00a0?<\/p>\n<p>Le dispositif de s\u00e9curit\u00e9 sera du m\u00eame ordre que celui mis en place le 10\u00a0septembre, soit environ 80\u00a0000\u00a0policiers et gendarmes accompagn\u00e9s du d\u00e9ploiement des engins blind\u00e9s Centaure de la gendarmerie et de canons \u00e0 eau, selon des participants \u00e0 cette r\u00e9union interrog\u00e9s par l\u2019AFP.<\/p>\n<p>Lundi, quarante cort\u00e8ges ont d\u00e9j\u00e0 \u00e9t\u00e9 d\u00e9clar\u00e9s et d\u2019autres devraient l\u2019\u00eatre d\u2019ici \u00e0 jeudi. Les services estiment que la participation sera nettement plus \u00e9lev\u00e9e que le 10\u00a0septembre et pourrait atteindre plus de 400\u00a0000\u00a0personnes, contre 200\u00a0000\u00a0recens\u00e9es par le minist\u00e8re de l\u2019Int\u00e9rieur mercredi 10\u00a0septembre.<\/p>\n<p>\u00ab\u00a0100\u00a0000\u00a0\u00bb dans le grand Ouest<\/p>\n<p>\u00c0 Paris, les estimations vont de \u00a030\u00a0000\u00a0\u00e0 60\u00a0000 personnes\u00a0, \u00a0100\u00a0000\u00a0 dans le grand Ouest. Les points d\u2019attention pour les forces de l\u2019ordre restent comme mercredi, outre Paris, les villes de Rennes, Nantes, Toulouse, Dijon, Lyon, Montpellier et Bordeaux.<\/p>\n<p><a href=\"https:\/\/nantes.maville.com\/actu\/actudet_--bloquons-tout-en-loire-atlantique-retour-sur-la-premiere-journee-et-les-suites-du-mouvement-_8-6970277_actu.Htm\" target=\"_blank\" rel=\"noopener\"> <strong>LIRE AUSSI.<\/strong> \u00ab\u00a0Bloquons tout\u00a0\u00bb en Loire-Atlantique\u00a0: retour sur la premi\u00e8re journ\u00e9e et les suites du mouvement<\/a><\/p>\n<p>\u00ab\u00a0\u00c9l\u00e9ments radicaux\u00a0\u00bb<\/p>\n<p>\u00a0Entre 150 et 300\u00a0\u00e9l\u00e9ments radicaux du type Black Block\u00a0 pourraient \u00eatre pr\u00e9sents dans les manifestations dans les grandes villes, selon les services qui envisagent en outre des actions coups de poing \u00e0 l\u2019appel du mouvement \u00a0Bloquons tout\u00a0.<\/p>\n<p>Au regard des premiers \u00e9l\u00e9ments recueillis, les perturbations dans les transports en commun pourraient \u00eatre plus fortes que mercredi dernier, selon un participant.\u00a0Les services ont relev\u00e9 \u00e9galement une \u00a0mont\u00e9e en tension des discours\u00a0 dont certains avec \u00a0une tonalit\u00e9 insurrectionnelle\u00a0, ce qui leur fait craindre des d\u00e9bordements.<\/p>\n<p>Dans la capitale, comme lors de chaque journ\u00e9e d\u2019action d\u2019ampleur, les lieux embl\u00e9matiques du pouvoir tels que l\u2019\u00c9lys\u00e9e, Matignon, l\u2019Assembl\u00e9e nationale ou le S\u00e9nat feront l\u2019objet d\u2019une protection renforc\u00e9e.<\/p>\n<p>\u00a0<\/p>\n","protected":false},"excerpt":{"rendered":"L\u2019intersyndicale (CGT, CFDT, FO, CFE-CGC, CFTC, Unsa, Solidaires, FSU), qui esp\u00e8re mobiliser plus largement que le 10\u00a0septembre (pr\u00e8s&hellip;\n","protected":false},"author":2,"featured_media":395268,"comment_status":"","ping_status":"","sticky":false,"template":"","format":"standard","meta":{"footnotes":""},"categories":[2818],"tags":[16187,1111,11,9119,1777,674,9212,1011,27,6151,12699,766,12,48274,2636,16884,25,656,395],"class_list":{"0":"post-395267","1":"post","2":"type-post","3":"status-publish","4":"format-standard","5":"has-post-thumbnail","7":"category-nantes","8":"tag-16187","9":"tag-actu","10":"tag-actualites","11":"tag-dispositif","12":"tag-eu","13":"tag-europe","14":"tag-forte","15":"tag-fr","16":"tag-france","17":"tag-greve","18":"tag-important","19":"tag-nantes","20":"tag-news","21":"tag-participation","22":"tag-pays-de-la-loire","23":"tag-prevue","24":"tag-republique-francaise","25":"tag-securite","26":"tag-septembre"},"share_on_mastodon":{"url":"https:\/\/pubeurope.com\/@fr\/115214490267351638","error":""},"_links":{"self":[{"href":"https:\/\/www.europesays.com\/fr\/wp-json\/wp\/v2\/posts\/395267","targetHints":{"allow":["GET"]}}],"collection":[{"href":"https:\/\/www.europesays.com\/fr\/wp-json\/wp\/v2\/posts"}],"about":[{"href":"https:\/\/www.europesays.com\/fr\/wp-json\/wp\/v2\/types\/post"}],"author":[{"embeddable":true,"href":"https:\/\/www.europesays.com\/fr\/wp-json\/wp\/v2\/users\/2"}],"replies":[{"embeddable":true,"href":"https:\/\/www.europesays.com\/fr\/wp-json\/wp\/v2\/comments?post=395267"}],"version-history":[{"count":0,"href":"https:\/\/www.europesays.com\/fr\/wp-json\/wp\/v2\/posts\/395267\/revisions"}],"wp:featuredmedia":[{"embeddable":true,"href":"https:\/\/www.europesays.com\/fr\/wp-json\/wp\/v2\/media\/395268"}],"wp:attachment":[{"href":"https:\/\/www.europesays.com\/fr\/wp-json\/wp\/v2\/media?parent=395267"}],"wp:term":[{"taxonomy":"category","embeddable":true,"href":"https:\/\/www.europesays.com\/fr\/wp-json\/wp\/v2\/categories?post=395267"},{"taxonomy":"post_tag","embeddable":true,"href":"https:\/\/www.europesays.com\/fr\/wp-json\/wp\/v2\/tags?post=395267"}],"curies":[{"name":"wp","href":"https:\/\/api.w.org\/{rel}","templated":true}]}}