{"id":395273,"date":"2025-09-16T14:41:12","date_gmt":"2025-09-16T14:41:12","guid":{"rendered":"https:\/\/www.europesays.com\/fr\/395273\/"},"modified":"2025-09-16T14:41:12","modified_gmt":"2025-09-16T14:41:12","slug":"le-trace-du-semi-marathon-de-bordeaux-a-ete-devoile-mais-aussi-celui-des-deux-autres-courses","status":"publish","type":"post","link":"https:\/\/www.europesays.com\/fr\/395273\/","title":{"rendered":"Le trac\u00e9 du semi-marathon de Bordeaux a \u00e9t\u00e9 d\u00e9voil\u00e9, mais aussi celui des deux autres courses"},"content":{"rendered":"<p>            Par<br \/>\n        <strong><br \/>\n            <a href=\"https:\/\/actu.fr\/auteur\/redaction-bordeaux\" title=\"Consulter tous les articles de R\u00e9daction Bordeaux\" target=\"_blank\" rel=\"noopener\">R\u00e9daction Bordeaux<\/a><br \/>\n        <\/strong><\/p>\n<p>        Publi\u00e9 le<\/p>\n<p>            16 sept. 2025 \u00e0 16h35        <\/p>\n<p>Trois courses en une journ\u00e9e\u2009: les plus sportifs ont rendez-vous <strong>dimanche 9\u00a0novembre 2025<\/strong> pour <a href=\"https:\/\/actu.fr\/nouvelle-aquitaine\/bordeaux_33063\/bordeaux-les-13-000-coureurs-du-semi-marathon-soumis-a-la-reconnaissance-faciale-qu-ils-le-veuillent-ou-non_62398405.html\" target=\"_blank\" rel=\"noopener\">le semi-marathon de Bordeaux<\/a>, mais aussi pour les 10 et 5\u00a0km. Un d\u00e9fi dont les <strong>inscriptions<\/strong> au grand public sont <strong>ouvertes<\/strong> et dont une deuxi\u00e8me vague est disponible depuis ce mardi 16 septembre. Les trac\u00e9s sont \u00e9galement connus.<\/p>\n<p class=\" wall-content\">Contrairement aux 10\u00a0km et au semi, le d\u00e9part <a href=\"https:\/\/www.semi10kmdebordeaux.fr\/5km-matmut-nes-pour-bouger\" target=\"_blank\" rel=\"noopener\">des 5\u00a0km<\/a> se fera \u00e0 10\u2009h\u200945 au <a href=\"https:\/\/actu.fr\/nouvelle-aquitaine\/bordeaux_33063\/ce-parc-de-bordeaux-a-ete-occupe-par-un-campement-pendant-des-annees-les-riverains-veulent-se-le-reapproprier_62009570.html\" target=\"_blank\" rel=\"noopener\">parc aux Ang\u00e9liques<\/a>, rive droite. Les coureurs emprunteront <a href=\"https:\/\/actu.fr\/tag\/pont-chaban-delmas\" target=\"_blank\" rel=\"noopener\">le pont Chaban-Delmas <\/a>et passeront par la <strong>voie pi\u00e9tonne des quais<\/strong> pour une arriv\u00e9e proche de la place de la Bourse. Le montant de l\u2019inscription est de 10\u00a0euros.<\/p>\n<p>    <a href=\"https:\/\/www.facebook.com\/plugins\/post.php?href=https%3A%2F%2Fwww.facebook.com%2Fsemidebordeaux%2Fposts%2Fpfbid0nECnBjDTSjTFhqaj5Y7MbEq1kgPdrFVvxeH52ToygakRt9LhaLM6bdWFiSQY5Njkl&amp;show_text=true&amp;width=350\" title=\"Ouvrie le lien\" target=\"_blank\" rel=\"noopener\">Cliquez ici pour visualiser le contenu<\/a><\/p>\n<p>Un passage in\u00e9dit dans le centre-ville<\/p>\n<p class=\" wall-content\">Pour les deux autres courses, dont l\u2019inscription est de 19 euros pour <a href=\"https:\/\/www.semi10kmdebordeaux.fr\/10km-des-quais\" target=\"_blank\" rel=\"noopener\">les 10 km<\/a> (d\u00e9part \u00e0 12\u2009h\u200930) et 38 euros pour <a href=\"https:\/\/www.semi10kmdebordeaux.fr\/semi-marathon\" target=\"_blank\" rel=\"noopener\">le semi-marathon<\/a> (d\u00e9part \u00e0 9 heures), c\u2019est une premi\u00e8re car les participants passeront par le centre-ville de Bordeaux et pas que par les art\u00e8res principales.<\/p>\n<p class=\" wall-content\">Le trac\u00e9 indique \u00e9galement un passage dans <strong>des quartiers encore jamais explor\u00e9s<\/strong> lors de ces courses mais uniquement sur la rive gauche. Avant l\u2019arriv\u00e9e <a href=\"https:\/\/actu.fr\/nouvelle-aquitaine\/bordeaux_33063\/le-palmares-des-batiments-les-plus-beaux-de-bordeaux-selon-les-bordelais_62568446.html\" target=\"_blank\" rel=\"noopener\">place de la Bourse<\/a>, les coureurs auront notamment foul\u00e9 les <a href=\"https:\/\/actu.fr\/nouvelle-aquitaine\/bordeaux_33063\/bordeaux-des-gens-vivent-ici-rappellent-les-riverains-des-bassins-a-flots-excedes-par-le-bruit_59789727.html\" target=\"_blank\" rel=\"noopener\">Bassins \u00e0 flot<\/a> ou encore Bacalan. Pour plus de d\u00e9tails, les organisateurs pr\u00e9cisent que<strong> les trac\u00e9s GPX<\/strong> sont disponibles sur <a href=\"https:\/\/www.semi10kmdebordeaux.fr\/\" target=\"_blank\" rel=\"noopener\">le site de l\u2019\u00e9v\u00e9nement<\/a>.<\/p>\n<p class=\" wall-content\">Pour ces courses,<strong> le d\u00e9part se fera par vagues<\/strong> toutes les 3 minutes en fonction des niveaux des participants. Il y aura quatre d\u00e9marrages \u00e0 chaque fois.\u00a0<\/p>\n<p class=\" wall-content\">De plus, des meneurs d\u2019allures permettront \u00e0 tous de garder le rythme tout au long de leurs courses\u2009: le temps est limit\u00e9 \u00e0 <strong>1\u2009h\u200926 pour les 10\u00a0km<\/strong> et <strong>3\u2009h\u200915 pour le semi-marathon<\/strong>. En cas de d\u00e9lais d\u00e9pass\u00e9s, et pour des raisons de logistique et de s\u00e9curit\u00e9, les coureurs pourront\u00a0\u00eatre redirig\u00e9s hors du parcours.<\/p>\n<p class=\" wall-content\">Personnalisez votre actualit\u00e9 en ajoutant vos villes et m\u00e9dias en favori avec <a href=\"https:\/\/moncompte.actu.fr\" title=\"D\u00e9couvez Mon Actu\" rel=\"nofollow noopener\" data-trk=\"{&quot;cta&quot;:{&quot;action&quot;:&quot;https:\\\/\\\/moncompte.actu.fr&quot;,&quot;category&quot;:&quot;mon compte&quot;,&quot;from&quot;:&quot;article footer&quot;,&quot;name&quot;:&quot;Mon actu&quot;,&quot;type&quot;:&quot;cta&quot;}}\" target=\"_blank\">Mon Actu<\/a>.<\/p>\n","protected":false},"excerpt":{"rendered":"Par R\u00e9daction Bordeaux Publi\u00e9 le 16 sept. 2025 \u00e0 16h35 Trois courses en une journ\u00e9e\u2009: les plus sportifs&hellip;\n","protected":false},"author":2,"featured_media":395274,"comment_status":"","ping_status":"","sticky":false,"template":"","format":"standard","meta":{"footnotes":""},"categories":[2817],"tags":[1111,11,1997,1777,674,1011,27,12,2219,4399,12780,25,60],"class_list":{"0":"post-395273","1":"post","2":"type-post","3":"status-publish","4":"format-standard","5":"has-post-thumbnail","7":"category-bordeaux","8":"tag-actu","9":"tag-actualites","10":"tag-bordeaux","11":"tag-eu","12":"tag-europe","13":"tag-fr","14":"tag-france","15":"tag-news","16":"tag-nouvelle-aquitaine","17":"tag-pont-chaban-delmas","18":"tag-quais-de-bordeaux","19":"tag-republique-francaise","20":"tag-sports"},"share_on_mastodon":{"url":"https:\/\/pubeurope.com\/@fr\/115214502096297260","error":""},"_links":{"self":[{"href":"https:\/\/www.europesays.com\/fr\/wp-json\/wp\/v2\/posts\/395273","targetHints":{"allow":["GET"]}}],"collection":[{"href":"https:\/\/www.europesays.com\/fr\/wp-json\/wp\/v2\/posts"}],"about":[{"href":"https:\/\/www.europesays.com\/fr\/wp-json\/wp\/v2\/types\/post"}],"author":[{"embeddable":true,"href":"https:\/\/www.europesays.com\/fr\/wp-json\/wp\/v2\/users\/2"}],"replies":[{"embeddable":true,"href":"https:\/\/www.europesays.com\/fr\/wp-json\/wp\/v2\/comments?post=395273"}],"version-history":[{"count":0,"href":"https:\/\/www.europesays.com\/fr\/wp-json\/wp\/v2\/posts\/395273\/revisions"}],"wp:featuredmedia":[{"embeddable":true,"href":"https:\/\/www.europesays.com\/fr\/wp-json\/wp\/v2\/media\/395274"}],"wp:attachment":[{"href":"https:\/\/www.europesays.com\/fr\/wp-json\/wp\/v2\/media?parent=395273"}],"wp:term":[{"taxonomy":"category","embeddable":true,"href":"https:\/\/www.europesays.com\/fr\/wp-json\/wp\/v2\/categories?post=395273"},{"taxonomy":"post_tag","embeddable":true,"href":"https:\/\/www.europesays.com\/fr\/wp-json\/wp\/v2\/tags?post=395273"}],"curies":[{"name":"wp","href":"https:\/\/api.w.org\/{rel}","templated":true}]}}