{"id":395281,"date":"2025-09-16T14:45:19","date_gmt":"2025-09-16T14:45:19","guid":{"rendered":"https:\/\/www.europesays.com\/fr\/395281\/"},"modified":"2025-09-16T14:45:19","modified_gmt":"2025-09-16T14:45:19","slug":"roncq-un-accident-entre-deux-poids-lourds-et-une-voiture-provoque-un-gros-bouchon-sur-la22","status":"publish","type":"post","link":"https:\/\/www.europesays.com\/fr\/395281\/","title":{"rendered":"Roncq. Un accident entre deux poids lourds et une voiture provoque un gros bouchon sur l&rsquo;A22"},"content":{"rendered":"<p>            Par<br \/>\n        <strong><br \/>\n            <a href=\"https:\/\/actu.fr\/auteur\/hervine-mahaud\" title=\"Consulter tous les articles de Hervine Mahaud\" target=\"_blank\" rel=\"noopener\">Hervine Mahaud<\/a><br \/>\n        <\/strong><\/p>\n<p>        Publi\u00e9 le<\/p>\n<p>            16 sept. 2025 \u00e0 15h19        <\/p>\n<p>Le secteur est \u00e0 \u00ab\u00a0\u00e9viter absolument\u00a0\u00bb, selon les mots de la pr\u00e9fecture du <b>Nord<\/b>. Ce mardi 16 septembre 2025 en milieu d\u2019apr\u00e8s-midi, un <b>accident<\/b> s\u2019est produit sur l\u2019<b>autoroute A22<\/b> \u00e0 hauteur de <b>Roncq<\/b>, dans la m\u00e9tropole de Lille. <b>Deux poids lourds et un v\u00e9hicule l\u00e9ger<\/b> sont impliqu\u00e9s.<\/p>\n<p>Un bouchon de 4km \u00ab\u00a0en augmentation\u00a0\u00bb\u00a0<\/p>\n<p class=\" wall-content\">Le choc s\u2019est produit sur l\u2019A22, dans le sens Gand\/Lille, \u00e0 hauteur de la sortie 17. C\u2019est ici m\u00eame qu\u2019une sortie obligatoire a \u00e9t\u00e9 mise en place par les services de voierie.<\/p>\n<p class=\" wall-content\">\u00ab\u00a0Un bouchon de 4km, en augmentation, s\u2019est form\u00e9 en amont de cet accident\u00a0\u00bb, informe la cellule de la vigilance routi\u00e8re, rattach\u00e9e \u00e0 la pr\u00e9fecture.<\/p>\n<p class=\" wall-content\">Il faut absolument \u00e9viter le secteur pour le moment.<\/p>\n<p class=\" wall-content\">Plus d\u2019infos \u00e0 venir.<\/p>\n<p class=\" wall-content\">Personnalisez votre actualit\u00e9 en ajoutant vos villes et m\u00e9dias en favori avec <a href=\"https:\/\/moncompte.actu.fr\" title=\"D\u00e9couvez Mon Actu\" rel=\"nofollow noopener\" data-trk=\"{&quot;cta&quot;:{&quot;action&quot;:&quot;https:\\\/\\\/moncompte.actu.fr&quot;,&quot;category&quot;:&quot;mon compte&quot;,&quot;from&quot;:&quot;article footer&quot;,&quot;name&quot;:&quot;Mon actu&quot;,&quot;type&quot;:&quot;cta&quot;}}\" target=\"_blank\">Mon Actu<\/a>.<\/p>\n","protected":false},"excerpt":{"rendered":"Par Hervine Mahaud Publi\u00e9 le 16 sept. 2025 \u00e0 15h19 Le secteur est \u00e0 \u00ab\u00a0\u00e9viter absolument\u00a0\u00bb, selon les&hellip;\n","protected":false},"author":2,"featured_media":395282,"comment_status":"","ping_status":"","sticky":false,"template":"","format":"standard","meta":{"footnotes":""},"categories":[2815],"tags":[119,1111,11,1777,674,118,1011,27,811,803,1307,12,25],"class_list":{"0":"post-395281","1":"post","2":"type-post","3":"status-publish","4":"format-standard","5":"has-post-thumbnail","7":"category-lille","8":"tag-accident","9":"tag-actu","10":"tag-actualites","11":"tag-eu","12":"tag-europe","13":"tag-faits-divers","14":"tag-fr","15":"tag-france","16":"tag-hauts-de-france","17":"tag-info-trafic","18":"tag-lille","19":"tag-news","20":"tag-republique-francaise"},"share_on_mastodon":{"url":"","error":""},"_links":{"self":[{"href":"https:\/\/www.europesays.com\/fr\/wp-json\/wp\/v2\/posts\/395281","targetHints":{"allow":["GET"]}}],"collection":[{"href":"https:\/\/www.europesays.com\/fr\/wp-json\/wp\/v2\/posts"}],"about":[{"href":"https:\/\/www.europesays.com\/fr\/wp-json\/wp\/v2\/types\/post"}],"author":[{"embeddable":true,"href":"https:\/\/www.europesays.com\/fr\/wp-json\/wp\/v2\/users\/2"}],"replies":[{"embeddable":true,"href":"https:\/\/www.europesays.com\/fr\/wp-json\/wp\/v2\/comments?post=395281"}],"version-history":[{"count":0,"href":"https:\/\/www.europesays.com\/fr\/wp-json\/wp\/v2\/posts\/395281\/revisions"}],"wp:featuredmedia":[{"embeddable":true,"href":"https:\/\/www.europesays.com\/fr\/wp-json\/wp\/v2\/media\/395282"}],"wp:attachment":[{"href":"https:\/\/www.europesays.com\/fr\/wp-json\/wp\/v2\/media?parent=395281"}],"wp:term":[{"taxonomy":"category","embeddable":true,"href":"https:\/\/www.europesays.com\/fr\/wp-json\/wp\/v2\/categories?post=395281"},{"taxonomy":"post_tag","embeddable":true,"href":"https:\/\/www.europesays.com\/fr\/wp-json\/wp\/v2\/tags?post=395281"}],"curies":[{"name":"wp","href":"https:\/\/api.w.org\/{rel}","templated":true}]}}