{"id":395287,"date":"2025-09-16T14:48:12","date_gmt":"2025-09-16T14:48:12","guid":{"rendered":"https:\/\/www.europesays.com\/fr\/395287\/"},"modified":"2025-09-16T14:48:12","modified_gmt":"2025-09-16T14:48:12","slug":"rhone-transavia-annonce-deux-nouvelles-destinations-2026-au-depart-de-lyon","status":"publish","type":"post","link":"https:\/\/www.europesays.com\/fr\/395287\/","title":{"rendered":"Rh\u00f4ne. Transavia annonce deux nouvelles destinations 2026 au d\u00e9part de Lyon"},"content":{"rendered":"<p>Transavia pense d\u00e9j\u00e0 \u00e0 2026\u00a0: la compagnie a\u00e9rienne low-cost, qui a propos\u00e9 35 destinations au d\u00e9part de Lyon lors de la saison estivale 2025, qui n\u2019est pas tout \u00e0 fait achev\u00e9e, annonce d\u2019ores et d\u00e9j\u00e0 deux nouveaut\u00e9s.<\/p>\n<p>La filiale d\u2019Air France entend op\u00e9rer Lyon-Izmir (Turquie) \u00e0 partir du 5\u00a0avril 2026, \u00e0 raison d\u2019un vol par semaine le dimanche et Lyon-Catane (Sicile) d\u00e8s le 18\u00a0juillet prochain, avec l\u00e0 aussi une liaison hebdomadaire, cette fois le samedi.<\/p>\n<p>  472 000 passagers au d\u00e9part de Lyon<\/p>\n<p>Transavia, qui renforce par ailleurs son r\u00e9seau domestique au d\u00e9part de Paris-Orly, indique poursuivre \u00ab\u00a0le renforcement de son offre de vols au d\u00e9part de ses bases r\u00e9gionales\u00a0\u00bb.<\/p>\n<p>L\u2019an dernier, <a href=\"https:\/\/www.leprogres.fr\/economie\/2025\/04\/09\/nouvelles-lignes-nouveaux-avions-baisse-des-emissions-transavia-fete-les-15-ans-de-sa-base-lyonnaise\" target=\"_blank\" rel=\"nofollow noopener\">Transavia<\/a> a transport\u00e9 472\u00a0000 passagers au d\u00e9part de Lyon, o\u00f9 elle compte cinq avions bas\u00e9s \u00e0 l\u2019ann\u00e9e (six en \u00e9t\u00e9) avec un taux de remplissage des vols de pr\u00e8s 85\u00a0%.<\/p>\n","protected":false},"excerpt":{"rendered":"Transavia pense d\u00e9j\u00e0 \u00e0 2026\u00a0: la compagnie a\u00e9rienne low-cost, qui a propos\u00e9 35 destinations au d\u00e9part de Lyon&hellip;\n","protected":false},"author":2,"featured_media":395288,"comment_status":"","ping_status":"","sticky":false,"template":"","format":"standard","meta":{"footnotes":""},"categories":[1889],"tags":[1111,11,2430,33,2757,1777,674,107,1011,27,2428,2756,12,25,2429,602,2803],"class_list":{"0":"post-395287","1":"post","2":"type-post","3":"status-publish","4":"format-standard","5":"has-post-thumbnail","7":"category-lyon","8":"tag-actu","9":"tag-actualites","10":"tag-auvergne-rhone-alpes","11":"tag-economie","12":"tag-edition-lyon-villeurbanne","13":"tag-eu","14":"tag-europe","15":"tag-fil-info","16":"tag-fr","17":"tag-france","18":"tag-lyon","19":"tag-lyon-bassin","20":"tag-news","21":"tag-republique-francaise","22":"tag-rhone","23":"tag-tourisme","24":"tag-transport"},"share_on_mastodon":{"url":"https:\/\/pubeurope.com\/@fr\/115214529622292226","error":""},"_links":{"self":[{"href":"https:\/\/www.europesays.com\/fr\/wp-json\/wp\/v2\/posts\/395287","targetHints":{"allow":["GET"]}}],"collection":[{"href":"https:\/\/www.europesays.com\/fr\/wp-json\/wp\/v2\/posts"}],"about":[{"href":"https:\/\/www.europesays.com\/fr\/wp-json\/wp\/v2\/types\/post"}],"author":[{"embeddable":true,"href":"https:\/\/www.europesays.com\/fr\/wp-json\/wp\/v2\/users\/2"}],"replies":[{"embeddable":true,"href":"https:\/\/www.europesays.com\/fr\/wp-json\/wp\/v2\/comments?post=395287"}],"version-history":[{"count":0,"href":"https:\/\/www.europesays.com\/fr\/wp-json\/wp\/v2\/posts\/395287\/revisions"}],"wp:featuredmedia":[{"embeddable":true,"href":"https:\/\/www.europesays.com\/fr\/wp-json\/wp\/v2\/media\/395288"}],"wp:attachment":[{"href":"https:\/\/www.europesays.com\/fr\/wp-json\/wp\/v2\/media?parent=395287"}],"wp:term":[{"taxonomy":"category","embeddable":true,"href":"https:\/\/www.europesays.com\/fr\/wp-json\/wp\/v2\/categories?post=395287"},{"taxonomy":"post_tag","embeddable":true,"href":"https:\/\/www.europesays.com\/fr\/wp-json\/wp\/v2\/tags?post=395287"}],"curies":[{"name":"wp","href":"https:\/\/api.w.org\/{rel}","templated":true}]}}