{"id":395293,"date":"2025-09-16T14:51:11","date_gmt":"2025-09-16T14:51:11","guid":{"rendered":"https:\/\/www.europesays.com\/fr\/395293\/"},"modified":"2025-09-16T14:51:11","modified_gmt":"2025-09-16T14:51:11","slug":"mobilisation-du-18-septembre-de-fortes-perturbations-attendues-dans-les-transports-en-ile-de-france-voici-les-previsions-ligne-par-ligne","status":"publish","type":"post","link":"https:\/\/www.europesays.com\/fr\/395293\/","title":{"rendered":"Mobilisation du 18 septembre: De fortes perturbations attendues dans les transports en \u00cele-de-France &#8211; Voici les pr\u00e9visions ligne par ligne"},"content":{"rendered":"<p>Ce jeudi, une journ\u00e9e de mobilisation se tiendra \u00e0 l\u2019appel de tous les syndicats contre le budget 2026 , qui va fortement perturber les transports \u00e0 Paris et dans le reste de la r\u00e9gion.\u00a0Le trafic sera fortement perturb\u00e9 apr\u00e8s-demain \u00e0 la RATP, annonce d&rsquo;ailleurs le ministre des Transports d\u00e9missionnaire, qui appelle les Franciliens \u00e0\u00a0\u00ab\u00a0privil\u00e9gier le t\u00e9l\u00e9travail\u00a0\u00bb.<\/p>\n<p>Il annonce 90% des TGV en circulation demain, trois TER sur 5 en moyenne et un train Intercit\u00e9s sur deux.<\/p>\n<p>Dans les a\u00e9roports, le syndicat majoritaire des contr\u00f4les a\u00e9riens a\u00a0\u00ab\u00a0retir\u00e9 son pr\u00e9avis pour cette journ\u00e9e\u00a0\u00bb, explique Philippe Tabarot.\u00a0\u00ab\u00a0Cela va permettre d&rsquo;avoir un service quasi normal au niveau des vols dans notre pays\u00a0\u00bb, sauf dans le sud de la France, o\u00f9 la mobilisation sera sans doute\u00a0\u00ab\u00a0plus importante\u00a0\u00bb.<\/p>\n<p>Le ministre, pr\u00e9cise que le trafic sera perturb\u00e9 sur 13 lignes de m\u00e9tro sur 14 en r\u00e9gion parisienne.<\/p>\n<p>Du c\u00f4t\u00e9 du RER, le trafic sera perturb\u00e9 sur les lignes A, B et C, et tr\u00e8s perturb\u00e9 sur les lignes D et E. Trois lignes de tramway seront par ailleurs perturb\u00e9es.<\/p>\n<p>Voici les informations connues \u00e0 ce stade sur l&rsquo;\u00e9tat du trafic dans les transports jeudi:<\/p>\n<p>C\u00f4t\u00e9 m\u00e9tro, seules les 3 lignes de m\u00e9tro automatiques seront fonctionnelles. Il s&rsquo;ait de la 1, la 4 et la 14.<\/p>\n<p>Les autres lignes du r\u00e9seau seront \u00ab perturb\u00e9es \u00bb et assur\u00e9es uniquement aux heures de pointe sur les lignes 7, 9, 10 et 13, indique la RATP.<\/p>\n<p>Le trafic sera \u00ab tr\u00e8s perturb\u00e9 \u00bb sur les lignes, 2, 3, 3bis, 5, 6, 7bis, 8, 11 et 12. Anoter que le trafic sera assur\u00e9 par les agents RATP uniquement aux heures de pointe.<\/p>\n<p>Sur les RER A et B , le trafic sera \u00ab perturb\u00e9 \u00bb. L&rsquo;interconnexion sera maintenue \u00e0 la Gare du Nord.<\/p>\n<p>Concernant les lignes de bus, certaines lignes \u00ab pourraient \u00eatre totalement ferm\u00e9es \u00bb.<\/p>\n<p>Du c\u00f4t\u00e9 du tram, le trafic sera quasi normal sur le T1, le T2, le T3a, le T3b et le T6. L<\/p>\n<p>En revanche, la RATP pr\u00e9voit un trafic perturb\u00e9 sur le T5, le T7 et le T8.<\/p>\n","protected":false},"excerpt":{"rendered":"Ce jeudi, une journ\u00e9e de mobilisation se tiendra \u00e0 l\u2019appel de tous les syndicats contre le budget 2026&hellip;\n","protected":false},"author":2,"featured_media":395294,"comment_status":"","ping_status":"","sticky":false,"template":"","format":"standard","meta":{"footnotes":""},"categories":[1592],"tags":[1111,11,1777,674,1011,27,18119,662,12,626,25,800],"class_list":{"0":"post-395293","1":"post","2":"type-post","3":"status-publish","4":"format-standard","5":"has-post-thumbnail","7":"category-ile-de-france","8":"tag-actu","9":"tag-actualites","10":"tag-eu","11":"tag-europe","12":"tag-fr","13":"tag-france","14":"tag-gru00e8ve","15":"tag-ile-de-france","16":"tag-news","17":"tag-paris","18":"tag-republique-francaise","19":"tag-transports"},"share_on_mastodon":{"url":"https:\/\/pubeurope.com\/@fr\/115214541419740750","error":""},"_links":{"self":[{"href":"https:\/\/www.europesays.com\/fr\/wp-json\/wp\/v2\/posts\/395293","targetHints":{"allow":["GET"]}}],"collection":[{"href":"https:\/\/www.europesays.com\/fr\/wp-json\/wp\/v2\/posts"}],"about":[{"href":"https:\/\/www.europesays.com\/fr\/wp-json\/wp\/v2\/types\/post"}],"author":[{"embeddable":true,"href":"https:\/\/www.europesays.com\/fr\/wp-json\/wp\/v2\/users\/2"}],"replies":[{"embeddable":true,"href":"https:\/\/www.europesays.com\/fr\/wp-json\/wp\/v2\/comments?post=395293"}],"version-history":[{"count":0,"href":"https:\/\/www.europesays.com\/fr\/wp-json\/wp\/v2\/posts\/395293\/revisions"}],"wp:featuredmedia":[{"embeddable":true,"href":"https:\/\/www.europesays.com\/fr\/wp-json\/wp\/v2\/media\/395294"}],"wp:attachment":[{"href":"https:\/\/www.europesays.com\/fr\/wp-json\/wp\/v2\/media?parent=395293"}],"wp:term":[{"taxonomy":"category","embeddable":true,"href":"https:\/\/www.europesays.com\/fr\/wp-json\/wp\/v2\/categories?post=395293"},{"taxonomy":"post_tag","embeddable":true,"href":"https:\/\/www.europesays.com\/fr\/wp-json\/wp\/v2\/tags?post=395293"}],"curies":[{"name":"wp","href":"https:\/\/api.w.org\/{rel}","templated":true}]}}