{"id":395297,"date":"2025-09-16T14:53:14","date_gmt":"2025-09-16T14:53:14","guid":{"rendered":"https:\/\/www.europesays.com\/fr\/395297\/"},"modified":"2025-09-16T14:53:14","modified_gmt":"2025-09-16T14:53:14","slug":"lea-salame-de-sortie-en-plein-paris-sa-presence-remarquee-au-cote-de-christophe-dechavanne-et-de-sa-fille-ninon","status":"publish","type":"post","link":"https:\/\/www.europesays.com\/fr\/395297\/","title":{"rendered":"L\u00e9a Salam\u00e9 de sortie en plein Paris, sa pr\u00e9sence remarqu\u00e9e au c\u00f4t\u00e9 de Christophe Dechavanne et de sa fille Ninon"},"content":{"rendered":"<p class=\"mb-4 text-lg md:leading-8 break-words\">Un audacieux projet qui fait son immense fiert\u00e9 ! Le 11 septembre 2025 dans le 16\u00e8me arrondissement de Paris, Christophe Dechavanne a assist\u00e9 \u00e0 l&rsquo;inauguration du studio de tufting de sa fille Ninon, n\u00e9e de son histoire pass\u00e9e avec l\u2019actrice Manon Saidan. Un nouvel atelier qui met \u00e0 l&rsquo;honneur l&rsquo;exploration cr\u00e9ative. M\u00eame son ancienne coll\u00e8gue L\u00e9a Salam\u00e9 a r\u00e9pondu pr\u00e9sent pour les soutenir.<\/p>\n<p class=\"mb-4 text-lg md:leading-8 break-words\">Connu des Fran\u00e7ais pour s&rsquo;\u00eatre illustr\u00e9 dans le PAF, <a href=\"https:\/\/www.purepeople.com\/people\/christophe-dechavanne_p560\" rel=\"nofollow noopener\" target=\"_blank\" data-ylk=\"slk:Christophe Dechavanne;elm:context_link;itc:0;sec:content-canvas\" class=\"link \">Christophe Dechavanne<\/a> est aussi <a href=\"https:\/\/fr.news.yahoo.com\/cest-faute-christophe-dechavanne-%C3%A9voque-163200592.html\" data-ylk=\"slk:l&#039;heureux et fier papa de trois enfants;elm:context_link;itc:0;sec:content-canvas;outcm:mb_qualified_link;_E:mb_qualified_link;ct:story;\" class=\"link  yahoo-link\" target=\"_blank\" rel=\"noopener\">l&rsquo;heureux et fier papa de trois enfants<\/a> : <a href=\"https:\/\/fr.news.yahoo.com\/christophe-dechavanne-humiliant-agressif-envers-080300106.html\" data-ylk=\"slk:Pauline, n\u00e9e en 1987;elm:context_link;itc:0;sec:content-canvas;outcm:mb_qualified_link;_E:mb_qualified_link;ct:story;\" class=\"link  yahoo-link\" target=\"_blank\" rel=\"noopener\">Pauline, n\u00e9e en 1987<\/a> de sa relation pass\u00e9e avec la productrice Marie Genest, <a href=\"https:\/\/fr.news.yahoo.com\/fait-vie-christophe-dechavanne-ne-125000737.html\" data-ylk=\"slk:Paul-Henri, qu&#039;il a eu en 1990;elm:context_link;itc:0;sec:content-canvas;outcm:mb_qualified_link;_E:mb_qualified_link;ct:story;\" class=\"link  yahoo-link\" target=\"_blank\" rel=\"noopener\">Paul-Henri, qu&rsquo;il a eu en 1990<\/a> avec Isabelle et Ninon qui a vu le jour huit ans plus tard, fruits de ses amours avec l\u2019actrice Manon Saidani. <a href=\"https:\/\/fr.news.yahoo.com\/apr%C3%A8s-proc%C3%A8s-d%C3%A9part-france-t%C3%A9l%C3%A9visions-130400424.html\" data-ylk=\"slk:Se faisant d\u00e9sormais plus discret;elm:context_link;itc:0;sec:content-canvas;outcm:mb_qualified_link;_E:mb_qualified_link;ct:story;\" class=\"link  yahoo-link\" target=\"_blank\" rel=\"noopener\">Se faisant d\u00e9sormais plus discret<\/a> depuis <a href=\"https:\/\/fr.news.yahoo.com\/apr%C3%A8s-mois-dattente-sentence-tombe-151400223.html\" data-ylk=\"slk:sa condamnation pour conduite sous stup\u00e9fiants;elm:context_link;itc:0;sec:content-canvas;outcm:mb_qualified_link;_E:mb_qualified_link;ct:story;\" class=\"link  yahoo-link\" target=\"_blank\" rel=\"noopener\">sa condamnation pour conduite sous stup\u00e9fiants<\/a>, le c\u00e9l\u00e8bre animateur et producteur est pourtant en premi\u00e8re ligne pour <a href=\"https:\/\/fr.news.yahoo.com\/retrait-t%C3%A9l%C3%A9-depuis-plusieurs-mois-165300870.html\" data-ylk=\"slk:soutenir les projets de sa fille cadette;elm:context_link;itc:0;sec:content-canvas;outcm:mb_qualified_link;_E:mb_qualified_link;ct:story;\" class=\"link  yahoo-link\" target=\"_blank\" rel=\"noopener\">soutenir les projets de sa fille cadette<\/a> <strong>dont il est particuli\u00e8rement proche. <\/strong>Polyvalente comme son illustre g\u00e9niteur, Ninon Dechavanne semble avoir trouv\u00e9 sa voie : le tufting, une technique qui consiste \u00e0 confectionner d&rsquo;innombrables cr\u00e9ations en tous genres<strong> \u00e0 l\u2019aide d\u2019un pistolet \u00e0 laine.<\/strong><\/p>\n<p class=\"mb-4 text-lg md:leading-8 break-words\">C&rsquo;est d&rsquo;ailleurs par hasard et gr\u00e2ce \u00e0 une \u00ab\u00a0<strong>artiste qui proposait des cours de tufting dans son appartement<\/strong>\u00a0\u00bb qu&rsquo;elle s&rsquo;est d\u00e9couverte une nouvelle passion. \u00ab\u00a0Elle nous a initi\u00e9s \u00e0 cette discipline et j\u2019ai tout de suite ador\u00e9. Comme je suis hyperactive, c\u2019est une activit\u00e9 parfaite parce que c\u2019est tr\u00e8s instinctif&rsquo;, a expliqu\u00e9 aux <a href=\"https:\/\/www.parismatch.com\/People\/ninon-dechavanne-se-lance-dans-une-drole-dactivite-le-tufting-mon-pere-me-soutient-dans-tout-ce-que-je-fais-256898\" rel=\"nofollow noopener\" target=\"_blank\" data-ylk=\"slk:\u00e9quipes de Paris Match;elm:context_link;itc:0;sec:content-canvas\" class=\"link \">\u00e9quipes de Paris Match<\/a> celle qui a d\u00e9cid\u00e9 d&rsquo;en faire son m\u00e9tier. Ambitieuse et passionn\u00e9e, la jeune femme a d\u00e9cid\u00e9 de transmettre \u00e0 son tour cette pratique encore m\u00e9connue dans l&rsquo;Hexagone. Et pour le faire, elle a d\u00e9cid\u00e9 d&rsquo;installer son local dans le 16\u00e8me arrondissement de Paris nich\u00e9 \u00e0 deux pas de chez elle. Le 11 septembre 2025, la p\u00e9tillante brune a d&rsquo;ailleurs inaugur\u00e9 son Tufting Studio qui peut d\u00e9sormais accueillir toutes les personnes voulant participer \u00e0 ses ateliers anim\u00e9s par des professionnels. <strong>Et elle a pu compter sur la pr\u00e9sence de son c\u00e9l\u00e8bre papa et celle de sa demi-soeur Pauline pour l&rsquo;inauguration.<\/strong><\/p>\n<p class=\"mb-4 text-lg md:leading-8 break-words\">Christophe Dechavanne tr\u00e8s impliqu\u00e9 dans le nouveau projet de sa fille Ninon, elle raconte<\/p>\n<p class=\"mb-4 text-lg md:leading-8 break-words\">Devant les photographes, l&rsquo;ex-\u00e9poux de St\u00e9phanie Long et Sophie Lapointe a pos\u00e9 tout sourire aux c\u00f4t\u00e9s de sa digne h\u00e9riti\u00e8re. Ayant \u00e9chang\u00e9 pendant plusieurs heures avec les autres invit\u00e9s \u00e0 l&rsquo;instar du journaliste <a href=\"https:\/\/www.purepeople.com\/people\/patrice-carmouze_p1935\" rel=\"nofollow noopener\" target=\"_blank\" data-ylk=\"slk:Patrice Carmouze;elm:context_link;itc:0;sec:content-canvas\" class=\"link \">Patrice Carmouze<\/a>, il a visiblement \u00e9t\u00e9 tr\u00e8s heureux <a href=\"https:\/\/fr.news.yahoo.com\/mois-apr%C3%A8s-retrait-%C3%A9poque-christophe-092100225.html\" data-ylk=\"slk:de retrouver son ex-coll\u00e8gue;elm:context_link;itc:0;sec:content-canvas;outcm:mb_qualified_link;_E:mb_qualified_link;ct:story;\" class=\"link  yahoo-link\" target=\"_blank\" rel=\"noopener\">de retrouver son ex-coll\u00e8gue<\/a> <a href=\"https:\/\/www.purepeople.com\/people\/lea-salame_p149105\" rel=\"nofollow noopener\" target=\"_blank\" data-ylk=\"slk:L\u00e9a Salam\u00e9;elm:context_link;itc:0;sec:content-canvas\" class=\"link \">L\u00e9a Salam\u00e9<\/a> dans Quelle \u00e9poque !, d\u00e9sormais \u00e0 la t\u00eate du <a href=\"https:\/\/fr.news.yahoo.com\/l%C3%A9a-salam%C3%A9-perd-patience-au-103700624.html\" data-ylk=\"slk:JT de 20 heures sur France 2;elm:context_link;itc:0;sec:content-canvas;outcm:mb_qualified_link;_E:mb_qualified_link;ct:story;\" class=\"link  yahoo-link\" target=\"_blank\" rel=\"noopener\">JT de 20 heures sur France 2<\/a> et qui a r\u00e9cemment pouss\u00e9 Marion Cotillard \u00e0 \u00a0Devant l&rsquo;assembl\u00e9e, Ninon Dechavanne plus rayonnante que jamais a pris plaisir \u00e0 pr\u00e9senter son audacieux projet. \u00ab\u00a0J\u2019ai fait une \u00e9tude de march\u00e9, et j\u2019ai su que je devais cr\u00e9er un studio consacr\u00e9 \u00e0 cet art, comme une \u00e9vidence\u00a0\u00bb, avait rapport\u00e9 cette derni\u00e8re \u00e0 Paris Match tout en pr\u00e9cisant que pour le moment ce n&rsquo;\u00e9tait pas elle qui donnerait les cours. \u00ab\u00a0Avant d&rsquo;avoir l&rsquo;id\u00e9e d&rsquo;ouvrir mon atelier, je n\u2019en avais fait que deux fois. Mais j\u2019ai appris tr\u00e8s vite, et puis une fois qu\u2019on a le truc, on a le truc. <strong>Donc je continue \u00e0 me former, \u00e0 m\u2019entra\u00eener\u00a0\u00bb.<\/strong><\/p>\n<p class=\"mb-4 text-lg md:leading-8 break-words\">En se lan\u00e7ant dans cette nouvelle aventure, elle a aussi pu b\u00e9n\u00e9ficier <strong>des pr\u00e9cieux conseils de son paternel.<\/strong> \u00ab\u00a0D\u00e9j\u00e0, il a un r\u00f4le dans toute ma vie. Disons qu\u2019il participe plus que grandement \u00e0 ce que ce projet fonctionne. C&rsquo;est comme dans la vie, c&rsquo;est mon associ\u00e9. Il a cr\u00e9\u00e9 sa soci\u00e9t\u00e9, il sait ce que c\u2019est d\u2019entreprendre, alors que moi, je d\u00e9bute\u00a0\u00bb, a ajout\u00e9 Ninon Dechavanne \u00e0 l&rsquo;hebdomadaire. \u00ab\u00a0Donc il m\u2019aide et il m\u2019encourage. Il me soutient dans tout ce que je fais. On est comme une paire de sushis, on va par deux\u00a0! [Rires] On s\u2019adore. On a toujours \u00e9t\u00e9 ins\u00e9parables, mais j\u2019ai grandi, notre relation a \u00e9volu\u00e9, et on ne s\u2019est jamais aussi bien entendus qu\u2019aujourd\u2019hui\u00a0\u00bb.<\/p>\n<p class=\"mb-4 text-lg md:leading-8 break-words\"><a href=\"https:\/\/www.purepeople.com\/article\/lea-salame-de-sortie-en-plein-paris-sa-presence-remarquee-au-cote-de-christophe-dechavanne-et-de-sa-fille-ninon_a542554\/1\" rel=\"nofollow noopener\" target=\"_blank\" data-ylk=\"slk:Article original sur Purepeople;elm:context_link;itc:0;sec:content-canvas\" class=\"link \">Article original sur Purepeople<\/a><\/p>\n","protected":false},"excerpt":{"rendered":"Un audacieux projet qui fait son immense fiert\u00e9 ! Le 11 septembre 2025 dans le 16\u00e8me arrondissement de&hellip;\n","protected":false},"author":2,"featured_media":395298,"comment_status":"","ping_status":"","sticky":false,"template":"","format":"standard","meta":{"footnotes":""},"categories":[1888],"tags":[1111,1928,11,1927,19005,1777,674,1011,27,3806,52734,12,1926,52732,52733,626,1925,25],"class_list":{"0":"post-395297","1":"post","2":"type-post","3":"status-publish","4":"format-standard","5":"has-post-thumbnail","7":"category-paris","8":"tag-actu","9":"tag-actu-paris","10":"tag-actualites","11":"tag-actualites-paris","12":"tag-christophe-dechavanne","13":"tag-eu","14":"tag-europe","15":"tag-fr","16":"tag-france","17":"tag-lea-salame","18":"tag-manon-saidani","19":"tag-news","20":"tag-news-paris","21":"tag-ninon","22":"tag-ninon-dechavanne","23":"tag-paris","24":"tag-paris-news","25":"tag-republique-francaise"},"share_on_mastodon":{"url":"https:\/\/pubeurope.com\/@fr\/115214549305489377","error":""},"_links":{"self":[{"href":"https:\/\/www.europesays.com\/fr\/wp-json\/wp\/v2\/posts\/395297","targetHints":{"allow":["GET"]}}],"collection":[{"href":"https:\/\/www.europesays.com\/fr\/wp-json\/wp\/v2\/posts"}],"about":[{"href":"https:\/\/www.europesays.com\/fr\/wp-json\/wp\/v2\/types\/post"}],"author":[{"embeddable":true,"href":"https:\/\/www.europesays.com\/fr\/wp-json\/wp\/v2\/users\/2"}],"replies":[{"embeddable":true,"href":"https:\/\/www.europesays.com\/fr\/wp-json\/wp\/v2\/comments?post=395297"}],"version-history":[{"count":0,"href":"https:\/\/www.europesays.com\/fr\/wp-json\/wp\/v2\/posts\/395297\/revisions"}],"wp:featuredmedia":[{"embeddable":true,"href":"https:\/\/www.europesays.com\/fr\/wp-json\/wp\/v2\/media\/395298"}],"wp:attachment":[{"href":"https:\/\/www.europesays.com\/fr\/wp-json\/wp\/v2\/media?parent=395297"}],"wp:term":[{"taxonomy":"category","embeddable":true,"href":"https:\/\/www.europesays.com\/fr\/wp-json\/wp\/v2\/categories?post=395297"},{"taxonomy":"post_tag","embeddable":true,"href":"https:\/\/www.europesays.com\/fr\/wp-json\/wp\/v2\/tags?post=395297"}],"curies":[{"name":"wp","href":"https:\/\/api.w.org\/{rel}","templated":true}]}}