{"id":395319,"date":"2025-09-16T15:04:14","date_gmt":"2025-09-16T15:04:14","guid":{"rendered":"https:\/\/www.europesays.com\/fr\/395319\/"},"modified":"2025-09-16T15:04:14","modified_gmt":"2025-09-16T15:04:14","slug":"filip-nikolic-son-ex-compagnon-arnaud-raconte-en-details-sa-derniere-nuit","status":"publish","type":"post","link":"https:\/\/www.europesays.com\/fr\/395319\/","title":{"rendered":"Filip Nikolic : son ex-compagnon Arnaud raconte en d\u00e9tails sa derni\u00e8re nuit"},"content":{"rendered":"<p>Le 24 octobre 2025, une deuxi\u00e8me saison de la <a href=\"https:\/\/www.public.fr\/exclu-public-lex-compagnon-de-filip-nikolic-sort-du-silence-et-dezingue-a-tout-va-apres-la-diffusion-du-telefilm\" target=\"_blank\" rel=\"noopener\">s\u00e9rie Culte, va sortir sur Prime<\/a>. Apr\u00e8s Loft Story, et le destin de Loana, elle va raconter les 2Be3 boys band embl\u00e9matique des ann\u00e9es 90, et <a href=\"https:\/\/vsd.fr\/87550-filip-tf1-devoile-les-premieres-image-du-biopic-tant-attendu-des-fans-des-2be3\/\" target=\"_blank\" rel=\"noopener\">notamment Filip Nikolic. <\/a><\/p>\n<p><strong>Le beau gosse est mort en 2009, \u00e0 l&rsquo;\u00e2ge de 35 ans<\/strong>, d&rsquo;une overdose de m\u00e9dicaments. Et 16 ans apr\u00e8s, tandis que sa fille <a href=\"https:\/\/www.public.fr\/sasha-nikolic-la-fille-de-filip-nikolic-2be3-sest-mariee-elle-devoile-les-photos-de-son-mariage-avec-son-mysterieux-et-tres-tatoue-epoux\" target=\"_blank\" rel=\"noopener\">Sasha vient tout juste de se marier<\/a>, c&rsquo;est une autre voix qui s&rsquo;\u00e9l\u00e8ve pour lui rendre hommage. <\/p>\n<p>Il s&rsquo;appelle Arnaud et il dit \u00eatre le <strong>dernier compagnon de Filip Nikolic<\/strong>. Il a <a href=\"https:\/\/www.public.fr\/notre-histoire-a-dure-huit-ans-filip-nikolic-les-confessions-tres-intimes-de-son-ex-compagnon-arnaud\" target=\"_blank\" rel=\"noopener\">partag\u00e9 sa vie pendant 8 ans<\/a>, de fa\u00e7on confidentielle, puisque le jeune homme d&rsquo;origine serbe n&rsquo;a jamais fait son coming-out. <\/p>\n<p>Arnaud son ex-compagnon t\u00e9moigne<\/p>\n<p>Et c&rsquo;est au cours d&rsquo;une nuit ensemble que le chanteur a trouv\u00e9 la mort. Dans les colonnes de Paris Match, Arnaud raconte qu&rsquo;il <strong>\u00e9tait addict au Lexomil,<\/strong> un puissant somnif\u00e8re.<\/p>\n<p>Et d&rsquo;expliquer :  \u00ab\u00a0Il pouvait prendre une bo\u00eete compl\u00e8te de Lexomil, \u00e7a ne lui faisait plus rien\u00a0\u00bb. D&rsquo;ailleurs, apr\u00e8s plusieurs cures de d\u00e9sintoxication, \u00ab\u00a0les m\u00e9decins essayaient \u00e0 l&rsquo;\u00e9poque de le sevrer. Ils avaient ainsi chang\u00e9 la mol\u00e9cule des Lexomil qu&rsquo;il prenait\u00a0\u00bb.<\/p>\n<p>Le soir de sa mort, le couple ne dormait pas dans le m\u00eame lit. Filip, fatigu\u00e9, \u00e9tait parti se coucher, et Arnaud \u00e9tait rest\u00e9 devant la t\u00e9l\u00e9vision. <\/p>\n<p>Il avait alors montr\u00e9 \u00e0 Arnaud la quantit\u00e9 de m\u00e9dicament qu&rsquo;il allait ing\u00e9rer. Et Arnaud t\u00e9moigne : \u00ab\u00a0Ce soir-l\u00e0, continue Arnaud, il m\u2019a montr\u00e9 qu\u2019il avait bien <strong>pris la moiti\u00e9 de la bo\u00eete de Lexomil prescrite<\/strong>, ce qui repr\u00e9sentait \u00e0 l\u2019\u00e9poque un effort \u00e9norme pour lui, parce que passer de 24 comprim\u00e9s \u00e0 10, ce n\u2019\u00e9tait pas facile\u2026\u00a0\u00bb<\/p>\n<p>Malheureusement, Filip Nikolic n&rsquo;a pas seulement pris ce m\u00e9dicament.  Arnaud se souvient : \u00ab\u00a0ce qui s\u2019est pass\u00e9, et ce que je n\u2019ai pas vu, c\u2019est que <strong>Filip avait \u00e9galement pris la moiti\u00e9 de la bo\u00eete de l\u2019autre<\/strong> mol\u00e9cule. Or, il ne fallait pas m\u00e9langer. Cette nouvelle mol\u00e9cule n\u2019\u00e9tait pas compatible avec les Lexomil habituels\u2026\u00a0\u00bb. <\/p>\n<p>Et si Arnaud a bien entendu un \u00ab\u00a0r\u00e2le\u00a0\u00bb \u00e0 4h30 du matin, dit-il, il r\u00e9v\u00e8le : \u00ab\u00a0Mon cerveau s\u2019est divis\u00e9 en deux. Dans une partie de ma t\u00eate, je me suis dit : &lsquo;Tout va bien&rsquo;, mais une autre partie de ma t\u00eate s\u2019est dit qu\u2019il y avait un souci. J\u2019ai d\u00e9cid\u00e9 de penser, je ne sais pas pourquoi, que \u00e7a allait bien\u2026\u00a0\u00bb <\/p>\n<p>Ce qui a entrain\u00e9 la mort de Filip Nikolic<\/p>\n<p>Dans son interview, Arnaud raconte finalement : <strong>\u00ab\u00a0Quand je me suis r\u00e9veill\u00e9, le lendemain matin, Filip \u00e9tait mort\u00a0\u00bb<\/strong>. Il \u00e9tait d\u00e9j\u00e0 trop tard pour le sauver. Si bien que son voisin m\u00e9decin lui a d\u00e9clar\u00e9 : \u00ab\u00a0ce n\u2019est m\u00eame pas la peine d\u2019appeler les pompiers\u00a0\u00bb.<\/p>\n<p>Aujourd&rsquo;hui, apr\u00e8s ce drame tr\u00e8s personnel, Arnaud a tent\u00e9 de trouver un sens \u00e0 cette overdose. Et il s&rsquo;est souvenu : \u00ab\u00a0<a href=\"https:\/\/www.public.fr\/sasha-nikolic-la-fille-de-filip-nikolic-2be3-devoile-un-titre-inedit-de-son-pere-pres-de-16-ans-apres-sa-mort\" target=\"_blank\" rel=\"noopener\">Filip \u00e9tait impatient, c\u2019\u00e9tait un ogre<\/a>. Quand \u00e7a n\u2019allait pas, quand il voulait dormir, il fallait que cela se r\u00e9solve dans les 10 minutes\u2026\u00a0\u00bb.<\/p>\n<p>      Mentionn\u00e9s dans cet article<\/p>\n<p>      Sur le m\u00eame sujet<\/p>\n","protected":false},"excerpt":{"rendered":"Le 24 octobre 2025, une deuxi\u00e8me saison de la s\u00e9rie Culte, va sortir sur Prime. Apr\u00e8s Loft Story,&hellip;\n","protected":false},"author":2,"featured_media":395320,"comment_status":"","ping_status":"","sticky":false,"template":"","format":"standard","meta":{"footnotes":""},"categories":[2],"tags":[3038,11,37599,1011,27,12,25],"class_list":{"0":"post-395319","1":"post","2":"type-post","3":"status-publish","4":"format-standard","5":"has-post-thumbnail","7":"category-actualites","8":"tag-2be3","9":"tag-actualites","10":"tag-filip-nikolic","11":"tag-fr","12":"tag-france","13":"tag-news","14":"tag-republique-francaise"},"share_on_mastodon":{"url":"https:\/\/pubeurope.com\/@fr\/115214592545053525","error":""},"_links":{"self":[{"href":"https:\/\/www.europesays.com\/fr\/wp-json\/wp\/v2\/posts\/395319","targetHints":{"allow":["GET"]}}],"collection":[{"href":"https:\/\/www.europesays.com\/fr\/wp-json\/wp\/v2\/posts"}],"about":[{"href":"https:\/\/www.europesays.com\/fr\/wp-json\/wp\/v2\/types\/post"}],"author":[{"embeddable":true,"href":"https:\/\/www.europesays.com\/fr\/wp-json\/wp\/v2\/users\/2"}],"replies":[{"embeddable":true,"href":"https:\/\/www.europesays.com\/fr\/wp-json\/wp\/v2\/comments?post=395319"}],"version-history":[{"count":0,"href":"https:\/\/www.europesays.com\/fr\/wp-json\/wp\/v2\/posts\/395319\/revisions"}],"wp:featuredmedia":[{"embeddable":true,"href":"https:\/\/www.europesays.com\/fr\/wp-json\/wp\/v2\/media\/395320"}],"wp:attachment":[{"href":"https:\/\/www.europesays.com\/fr\/wp-json\/wp\/v2\/media?parent=395319"}],"wp:term":[{"taxonomy":"category","embeddable":true,"href":"https:\/\/www.europesays.com\/fr\/wp-json\/wp\/v2\/categories?post=395319"},{"taxonomy":"post_tag","embeddable":true,"href":"https:\/\/www.europesays.com\/fr\/wp-json\/wp\/v2\/tags?post=395319"}],"curies":[{"name":"wp","href":"https:\/\/api.w.org\/{rel}","templated":true}]}}