{"id":39532,"date":"2025-04-20T18:35:15","date_gmt":"2025-04-20T18:35:15","guid":{"rendered":"https:\/\/www.europesays.com\/fr\/39532\/"},"modified":"2025-04-20T18:35:15","modified_gmt":"2025-04-20T18:35:15","slug":"la-tronche-decouvrir-les-oeuvres-de-kaarina-kaikkonen-au-musee-hebert","status":"publish","type":"post","link":"https:\/\/www.europesays.com\/fr\/39532\/","title":{"rendered":"La Tronche. D\u00e9couvrir les \u0153uvres de Kaarina Kaikkonen au mus\u00e9e H\u00e9bert"},"content":{"rendered":"<p>Jusqu\u2019au 1er \u00a0septembre, le Mus\u00e9e H\u00e9bert a donn\u00e9 carte blanche \u00e0 Kaarina Kaikkonen pour son exposition Ne m\u2019oublie pas. Cette derni\u00e8re explore avec po\u00e9sie la puissance \u00e9vocatrice de pi\u00e8ces vestimentaires de seconde main qui, marqu\u00e9es par le v\u00e9cu de ceux qui les ont port\u00e9es, deviennent une m\u00e9taphore du lien et de la m\u00e9moire. Dans la grande galerie du mus\u00e9e sont expos\u00e9es ses \u0153uvres qui d\u00e9tournent chaussures, accessoires et v\u00eatements. Sur la terrasse ext\u00e9rieure prend place une cr\u00e9ation qu\u2019elle a r\u00e9alis\u00e9e in situ \u00e0 l\u2019aide de chemises offertes par la communaut\u00e9 Emma\u00fcs de Grenoble.<\/p>\n<p class=\"note\">Ouvert ce lundi 21\u00a0avril de 10 heures \u00e0 18 heures. Entr\u00e9e gratuite.<\/p>\n","protected":false},"excerpt":{"rendered":"Jusqu\u2019au 1er \u00a0septembre, le Mus\u00e9e H\u00e9bert a donn\u00e9 carte blanche \u00e0 Kaarina Kaikkonen pour son exposition Ne m\u2019oublie&hellip;\n","protected":false},"author":2,"featured_media":39533,"comment_status":"","ping_status":"","sticky":false,"template":"","format":"standard","meta":{"footnotes":""},"categories":[9566],"tags":[1111,11,2430,1687,112,1777,674,2271,1011,27,2731,12297,9598,12,25],"class_list":{"0":"post-39532","1":"post","2":"type-post","3":"status-publish","4":"format-standard","5":"has-post-thumbnail","7":"category-grenoble","8":"tag-actu","9":"tag-actualites","10":"tag-auvergne-rhone-alpes","11":"tag-culture-loisirs","12":"tag-edition-grenoble-agglomeration","13":"tag-eu","14":"tag-europe","15":"tag-exposition-arts-plastiques","16":"tag-fr","17":"tag-france","18":"tag-grenoble","19":"tag-la-tronche","20":"tag-meylan-et-autour","21":"tag-news","22":"tag-republique-francaise"},"share_on_mastodon":{"url":"https:\/\/pubeurope.com\/@fr\/114371737988044943","error":""},"_links":{"self":[{"href":"https:\/\/www.europesays.com\/fr\/wp-json\/wp\/v2\/posts\/39532","targetHints":{"allow":["GET"]}}],"collection":[{"href":"https:\/\/www.europesays.com\/fr\/wp-json\/wp\/v2\/posts"}],"about":[{"href":"https:\/\/www.europesays.com\/fr\/wp-json\/wp\/v2\/types\/post"}],"author":[{"embeddable":true,"href":"https:\/\/www.europesays.com\/fr\/wp-json\/wp\/v2\/users\/2"}],"replies":[{"embeddable":true,"href":"https:\/\/www.europesays.com\/fr\/wp-json\/wp\/v2\/comments?post=39532"}],"version-history":[{"count":0,"href":"https:\/\/www.europesays.com\/fr\/wp-json\/wp\/v2\/posts\/39532\/revisions"}],"wp:featuredmedia":[{"embeddable":true,"href":"https:\/\/www.europesays.com\/fr\/wp-json\/wp\/v2\/media\/39533"}],"wp:attachment":[{"href":"https:\/\/www.europesays.com\/fr\/wp-json\/wp\/v2\/media?parent=39532"}],"wp:term":[{"taxonomy":"category","embeddable":true,"href":"https:\/\/www.europesays.com\/fr\/wp-json\/wp\/v2\/categories?post=39532"},{"taxonomy":"post_tag","embeddable":true,"href":"https:\/\/www.europesays.com\/fr\/wp-json\/wp\/v2\/tags?post=39532"}],"curies":[{"name":"wp","href":"https:\/\/api.w.org\/{rel}","templated":true}]}}