{"id":395324,"date":"2025-09-16T15:09:09","date_gmt":"2025-09-16T15:09:09","guid":{"rendered":"https:\/\/www.europesays.com\/fr\/395324\/"},"modified":"2025-09-16T15:09:09","modified_gmt":"2025-09-16T15:09:09","slug":"wta-la-nouvelle-annonce-de-serena-et-venus-williams-la-boucle-est-bouclee","status":"publish","type":"post","link":"https:\/\/www.europesays.com\/fr\/395324\/","title":{"rendered":"WTA > La nouvelle annonce de Serena et Venus Williams : \u00ab\u00a0La boucle est boucl\u00e9e\u00a0\u00bb"},"content":{"rendered":"<p>V\u00e9ritables l\u00e9gendes du tennis, Serena et Venus Williams ont d\u00e9cid\u00e9 de succomber \u00e0 la nouvelle mode du podcast.\u00a0<\/p>\n<p>Les soeurs am\u00e9ri\u00adcaines ont en effet lanc\u00e9 une nouvelle s\u00e9rie exclu\u00adsive sur X (ancien\u00adne\u00adment Twitter) \u00ab\u202fOriginals\u00a0: Stockton Street\u202f\u00bb. Le premier \u00e9pisode, qui sera diffus\u00e9 ce mercredi 17 septembre, a \u00e9t\u00e9 tourn\u00e9 au milieu du court central Arthur Ashe de l\u2019US\u00a0Open.\u00a0<\/p>\n<p>Un lieu forc\u00e9\u00adment embl\u00e9\u00adma\u00adtique pour celles qui cumulent huit troph\u00e9es \u00e0 Flushing Meadows (six pour Serena, deux pour\u00a0Venus).\u00a0<\/p>\n<blockquote class=\"twitter-tweet\">\n<p lang=\"zxx\" dir=\"ltr\"><a href=\"https:\/\/t.co\/xB0O0AJul6\" data-wpel-link=\"external\" target=\"_blank\" rel=\"nofollow external noopener\">https:\/\/t.co\/xB0O0AJul6<\/a><\/p>\n<p>\u2014 X Originals (@XOriginals) <a href=\"https:\/\/twitter.com\/XOriginals\/status\/1967620604221087826?ref_src=twsrc%5Etfw\" data-wpel-link=\"external\" target=\"_blank\" rel=\"nofollow external noopener\">September 15,\u00a02025<\/a><\/p><\/blockquote>\n<p><strong>\u00ab\u202fNous sommes tr\u00e8s heureuses de lancer notre tout premier \u00e9pisode de podcast dans l\u2019embl\u00e9matique stade Arthur Ashe de l\u2019US Open. La boucle est boucl\u00e9e\u00a0: cet endroit est charg\u00e9 de souve\u00adnirs pr\u00e9cieux pour nous et constitue le lieu id\u00e9al pour cette premi\u00e8re. Nous sommes impa\u00adtientes de renouer direc\u00adte\u00adment avec nos fans de longue date et d\u2019ac\u00adcueillir de nouveaux audi\u00adteurs d\u2019une mani\u00e8re origi\u00adnale et authentique.\u202f\u00bb<\/strong><\/p>\n<p class=\"post-published-date\" style=\"color: silver; font-size: 75%; text-align: left;\">Publi\u00e9 le mardi 16 septembre 2025 \u00e0 15:45<\/p>\n<p><script async src=\"https:\/\/platform.twitter.com\/widgets.js\" charset=\"utf-8\"><\/script><\/p>\n","protected":false},"excerpt":{"rendered":"V\u00e9ritables l\u00e9gendes du tennis, Serena et Venus Williams ont d\u00e9cid\u00e9 de succomber \u00e0 la nouvelle mode du podcast.\u00a0&hellip;\n","protected":false},"author":2,"featured_media":395325,"comment_status":"","ping_status":"","sticky":false,"template":"","format":"standard","meta":{"footnotes":""},"categories":[1415],"tags":[1011,27,2201,60,1467],"class_list":{"0":"post-395324","1":"post","2":"type-post","3":"status-publish","4":"format-standard","5":"has-post-thumbnail","7":"category-tennis","8":"tag-fr","9":"tag-france","10":"tag-serena-williams","11":"tag-sports","12":"tag-tennis"},"share_on_mastodon":{"url":"https:\/\/pubeurope.com\/@fr\/115214612113758347","error":""},"_links":{"self":[{"href":"https:\/\/www.europesays.com\/fr\/wp-json\/wp\/v2\/posts\/395324","targetHints":{"allow":["GET"]}}],"collection":[{"href":"https:\/\/www.europesays.com\/fr\/wp-json\/wp\/v2\/posts"}],"about":[{"href":"https:\/\/www.europesays.com\/fr\/wp-json\/wp\/v2\/types\/post"}],"author":[{"embeddable":true,"href":"https:\/\/www.europesays.com\/fr\/wp-json\/wp\/v2\/users\/2"}],"replies":[{"embeddable":true,"href":"https:\/\/www.europesays.com\/fr\/wp-json\/wp\/v2\/comments?post=395324"}],"version-history":[{"count":0,"href":"https:\/\/www.europesays.com\/fr\/wp-json\/wp\/v2\/posts\/395324\/revisions"}],"wp:featuredmedia":[{"embeddable":true,"href":"https:\/\/www.europesays.com\/fr\/wp-json\/wp\/v2\/media\/395325"}],"wp:attachment":[{"href":"https:\/\/www.europesays.com\/fr\/wp-json\/wp\/v2\/media?parent=395324"}],"wp:term":[{"taxonomy":"category","embeddable":true,"href":"https:\/\/www.europesays.com\/fr\/wp-json\/wp\/v2\/categories?post=395324"},{"taxonomy":"post_tag","embeddable":true,"href":"https:\/\/www.europesays.com\/fr\/wp-json\/wp\/v2\/tags?post=395324"}],"curies":[{"name":"wp","href":"https:\/\/api.w.org\/{rel}","templated":true}]}}