{"id":395326,"date":"2025-09-16T15:11:13","date_gmt":"2025-09-16T15:11:13","guid":{"rendered":"https:\/\/www.europesays.com\/fr\/395326\/"},"modified":"2025-09-16T15:11:13","modified_gmt":"2025-09-16T15:11:13","slug":"pourquoi-jorge-martin-a-t-il-ete-penalise-a-misano","status":"publish","type":"post","link":"https:\/\/www.europesays.com\/fr\/395326\/","title":{"rendered":"Pourquoi Jorge Mart\u00edn a-t-il \u00e9t\u00e9 p\u00e9nalis\u00e9 \u00e0 Misano\u00a0?"},"content":{"rendered":"<p><a href=\"https:\/\/fr.motorsport.com\/driver\/jorge-martin\/109391\/\" target=\"_blank\" rel=\"noopener\">Jorge Mart\u00edn<\/a> a re\u00e7u un double <a href=\"https:\/\/fr.motorsport.com\/motogp\/news\/penalite-long-lap-definition-fonctionnement-explications\/6516270\/\" target=\"_self\" rel=\"noopener\">long-lap<\/a> au d\u00e9part de la course de dimanche, \u00e0 Misano, ce qui a ensuite contribu\u00e9 \u00e0 lui faire terminer la course \u00e0 la 13e place. C&rsquo;est un probl\u00e8me m\u00e9canique qui en est \u00e0 l&rsquo;origine, puisque son Aprilia s&rsquo;est arr\u00eat\u00e9e dans le tour d&rsquo;installation sur la grille, \u00e0 une vingtaine de minutes du d\u00e9part de la course.<\/p>\n<p>L&rsquo;Espagnol a ensuite d\u00fb se plier \u00e0 la <a href=\"https:\/\/fr.motorsport.com\/motogp\/news\/changement-procedure-depart-reglement-motogp\/10720147\/\" target=\"_self\" rel=\"noopener\">nouvelle sanction mise en place cette ann\u00e9e<\/a>, et selon laquelle un pilote quittant la grille pendant la proc\u00e9dure de d\u00e9part doit reprendre son emplacement apr\u00e8s le tour de chauffe mais s&rsquo;acquitter de deux p\u00e9nalit\u00e9s long-lap pendant la course. Cette nouvelle r\u00e8gle fait suite \u00e0 l&rsquo;\u00e9pisode controvers\u00e9 du GP des Am\u00e9riques, <a href=\"https:\/\/fr.motorsport.com\/motogp\/news\/depart-chaos-volontaire-marquez-austin\/10708444\/\" target=\"_self\" rel=\"noopener\">o\u00f9 Marc M\u00e1rquez avait utilis\u00e9 une zone grise du r\u00e8glement \u00e0 son avantage<\/a> en entra\u00eenant une situation quelque peu chaotique.<\/p>\n<p>\u00ab\u00a0Elle s&rsquo;est juste coup\u00e9e\u00a0\u00bb, a expliqu\u00e9 Jorge Mart\u00edn au sujet de sa moto. \u00ab\u00a0Avant le virage 12, j&rsquo;ai vu qu&rsquo;elle s&rsquo;arr\u00eatait. Je me suis dit &lsquo;non, \u00e7a n&rsquo;est pas possible\u00a0!&rsquo;, j&rsquo;ai tent\u00e9 de red\u00e9marrer en essayant de r\u00e9trograder, mais elle \u00e9tait compl\u00e8tement coup\u00e9e. Quand je l&rsquo;ai compris, je l&rsquo;ai confi\u00e9e \u00e0 un commissaire et j&rsquo;ai couru comme un fou pour rejoindre les stands.\u00a0\u00bb<\/p>\n<p>Mart\u00edn a alors \u00e9t\u00e9 pris en passager sur le scooter d&rsquo;un commissaire de piste. Cela lui a valu un petit pic d&rsquo;adr\u00e9naline\u2026 \u00ab\u00a0Le commissaire qui m&rsquo;a ramen\u00e9 au stand \u00e9tait tr\u00e8s dou\u00e9\u00a0!\u00a0Il a roul\u00e9 comme un fou\u00a0!\u00a0J&rsquo;ai eu assez peur mais il a r\u00e9ussi \u00e0 arriver jusqu&rsquo;au stand\u00a0\u00bb, a-t-il relat\u00e9 dans la bonne humeur.<\/p>\n<p>\u00ab\u00a0J&rsquo;ai fonc\u00e9 dans le stand, mais la pitlane a ferm\u00e9 au moment o\u00f9 je suis arriv\u00e9. \u00c0 partir de l\u00e0, c&rsquo;\u00e9tait une situation difficile \u00e0 g\u00e9rer\u00a0\u00bb, a ajout\u00e9 le champion du monde en titre, estimant que la sanction qui l&rsquo;attendait \u00e9tait disproportionn\u00e9e.<\/p>\n<p>\u00ab\u00a0On m&rsquo;a dit que je devais faire deux long-laps mais en reprenant ma position de d\u00e9part. C&rsquo;est la proc\u00e9dure maintenant. Je ne comprends pas vraiment. Je pense qu&rsquo;il vaudrait mieux faire comme avant, c&rsquo;est-\u00e0-dire se placer dernier et ensuite faire la course. Quand vous faites deux long-laps, toute votre course est fichue.\u00a0\u00bb<\/p>\n<p>   <img decoding=\"async\" draggable=\"false\" src=\"https:\/\/www.europesays.com\/fr\/wp-content\/uploads\/2025\/09\/1758035473_169_jorge-martin-aprilia-racing.jpg\" alt=\"Jorge Mart\u00edn a exp\u00e9riment\u00e9 la nouvelle sanction pr\u00e9vue pour tout incident survenant avant le d\u00e9part.\" width=\"1200\" height=\"800\" loading=\"lazy\"\/> <\/p>\n<p class=\"title\">Jorge Mart\u00edn a exp\u00e9riment\u00e9 la nouvelle sanction pr\u00e9vue pour tout incident survenant avant le d\u00e9part.<\/p>\n<p class=\"photographer\">Photo de: Gold and Goose Photography \/ LAT Images \/ via Getty Images<\/p>\n<p>\u00ab\u00a0En tout cas, je retiens le positif. Je pense avoir pris un tr\u00e8s bon d\u00e9part. Dans les premiers tours, j&rsquo;\u00e9tais neuvi\u00e8me. J&rsquo;aurais pu d\u00e9passer, mais \u00e7a n&rsquo;avait aucun sens. J&rsquo;ai essay\u00e9 d&rsquo;\u00e9conomiser mes pneus pour le moment o\u00f9 j&rsquo;allais \u00eatre dernier. Ensuite, j&rsquo;ai simplement essay\u00e9 de comprendre ce que je pourrais am\u00e9liorer pour l&rsquo;avenir. Voil\u00e0, en gros, ma journ\u00e9e.\u00a0\u00bb<\/p>\n<p>Interrog\u00e9 dimanche dans la soir\u00e9e, Massimo Rivola n&rsquo;a pas \u00e9t\u00e9 en mesure de donner de pr\u00e9cision quant \u00e0 la nature du probl\u00e8me rencontr\u00e9 par la RS-GP, mais s&rsquo;en est n\u00e9anmoins excus\u00e9 aupr\u00e8s du pilote.<\/p>\n<p>\u00ab\u00a0La moto semble simplement s&rsquo;\u00eatre coup\u00e9e. Il roulait tr\u00e8s, tr\u00e8s lentement\u00a0;\u00a0il y avait une raison \u00e0 cela, mais peut-\u00eatre \u00e9tait-il trop lent. Franchement, je n&rsquo;en connais pas la raison\u00a0\u00bb, a indiqu\u00e9 le patron d&rsquo;Aprilia Racing. \u00ab\u00a0C&rsquo;est dommage. Il a perdu sept secondes pour ce que je pense \u00eatre une erreur de notre part et non de la sienne, alors je lui pr\u00e9sente nos excuses. Heureusement, ces courses sont en quelque sorte un test pour lui.\u00a0\u00bb<\/p>\n<p>Le pilote, quant \u00e0 lui, a mis cette m\u00e9saventure sur le compte de l&rsquo;absence de mode \u00e9conomique, g\u00e9n\u00e9ralement activ\u00e9 pendant le tour d&rsquo;installation pour que la moto n&rsquo;utilise que tr\u00e8s peu de carburant. \u00ab\u00a0Je roulais vraiment en mode \u00e9co. J&rsquo;\u00e9tais en sixi\u00e8me sans m\u00eame mettre les gaz, j&rsquo;essayais de ne pas consommer de carburant\u00a0\u00bb, a-t-il expliqu\u00e9. \u00ab\u00a0Je pense qu&rsquo;Aprilia n&rsquo;a plus de mode \u00e9co depuis qu&rsquo;il est arriv\u00e9 quelque chose de similaire \u00e0 Aleix Espargar\u00f3. C&rsquo;est donc au pilote de rouler en sixi\u00e8me et en utilisant le filet de gaz en mode \u00e9conomie.\u00a0\u00bb<\/p>\n<p>Lire aussi :<\/p>\n<p>Rins et Fern\u00e1ndez sanctionn\u00e9s pour faux d\u00e9part<\/p>\n<p>Deux autres pilotes ont re\u00e7u un double long-lap d\u00e8s le d\u00e9but de la course, dimanche, en l&rsquo;occurrence <a href=\"https:\/\/fr.motorsport.com\/driver\/alex-rins\/109402\/\" target=\"_blank\" rel=\"noopener\">\u00c1lex Rins<\/a> et <a href=\"https:\/\/fr.motorsport.com\/driver\/augusto-fernandez\/452210\/\" target=\"_blank\" rel=\"noopener\">Augusto Fern\u00e1ndez<\/a>. Dans les deux cas, c&rsquo;est un faux d\u00e9part constat\u00e9 sur leur Yamaha qui a \u00e9t\u00e9 sanctionn\u00e9, l&rsquo;un roulant sur la M1 de l&rsquo;\u00e9quipe officielle et l&rsquo;autre avec le prototype de moto \u00e9quip\u00e9e d&rsquo;un V4.<\/p>\n<p>\u00ab\u00a0Je crois que \u00e7a doit \u00eatre le premier ou deuxi\u00e8me faux d\u00e9part de ma vie !\u00a0\u00bb, a expliqu\u00e9 \u00c1lex Rins \u00e0 chaud, mettant son mouvement sur le compte d&rsquo;une latence des feux.\u00a0\u00ab\u00a0Hier, les lumi\u00e8res [se sont \u00e9teintes] super vite, et aujourd&rsquo;hui \u00e7a a pris un peu plus de temps. J&rsquo;ai simplement un tout petit peu boug\u00e9 la moto avec le pied et \u00e7a a donn\u00e9 un faux d\u00e9part. Je suis d&rsquo;accord, j&rsquo;ai fait bouger la moto mais je n&rsquo;ai gagn\u00e9 aucun avantage.\u00a0\u00bb<\/p>\n<p>Les trois pilotes se sont retrouv\u00e9s en dehors des points lorsqu&rsquo;ils se sont acquitt\u00e9s de leur p\u00e9nalit\u00e9 dans le cinqui\u00e8me tour. Jorge Mart\u00edn a ensuite r\u00e9ussi \u00e0 remonter jusqu&rsquo;\u00e0 la 13e position, Augusto Fern\u00e1ndez \u00e0 la 14e place, 32 secondes plus loin, tandis qu&rsquo;\u00c1lex Rins a abandonn\u00e9 sur chute.<\/p>\n<p style=\"text-align: right;\">Avec Oriol Puigdemont<\/p>\n<p>Dans cet article<\/p>\n<p>Soyez le premier inform\u00e9 et souscrivez aux alertes mails pour recevoir les infos en temps r\u00e9el<\/p>\n<p>    S&rsquo;abonner aux alertes de news<\/p>\n","protected":false},"excerpt":{"rendered":"Jorge Mart\u00edn a re\u00e7u un double long-lap au d\u00e9part de la course de dimanche, \u00e0 Misano, ce qui&hellip;\n","protected":false},"author":2,"featured_media":395327,"comment_status":"","ping_status":"","sticky":false,"template":"","format":"standard","meta":{"footnotes":""},"categories":[1413],"tags":[3563,1011,27,48392,3564,48393,1457,1456,1458,52737,60],"class_list":{"0":"post-395326","1":"post","2":"type-post","3":"status-publish","4":"format-standard","5":"has-post-thumbnail","7":"category-moto","8":"tag-aprilia-racing-team","9":"tag-fr","10":"tag-france","11":"tag-gp-de-saint-marin","12":"tag-jorge-martu00edn","13":"tag-misano-world-circuit-marco-simoncelli","14":"tag-moto","15":"tag-motocycle","16":"tag-motogp","17":"tag-pourquoi-jorge-martu00edn-a-t-il-u00e9tu00e9-pu00e9nalisu00e9-u00e0-misanou00a0","18":"tag-sports"},"share_on_mastodon":{"url":"https:\/\/pubeurope.com\/@fr\/115214620107028255","error":""},"_links":{"self":[{"href":"https:\/\/www.europesays.com\/fr\/wp-json\/wp\/v2\/posts\/395326","targetHints":{"allow":["GET"]}}],"collection":[{"href":"https:\/\/www.europesays.com\/fr\/wp-json\/wp\/v2\/posts"}],"about":[{"href":"https:\/\/www.europesays.com\/fr\/wp-json\/wp\/v2\/types\/post"}],"author":[{"embeddable":true,"href":"https:\/\/www.europesays.com\/fr\/wp-json\/wp\/v2\/users\/2"}],"replies":[{"embeddable":true,"href":"https:\/\/www.europesays.com\/fr\/wp-json\/wp\/v2\/comments?post=395326"}],"version-history":[{"count":0,"href":"https:\/\/www.europesays.com\/fr\/wp-json\/wp\/v2\/posts\/395326\/revisions"}],"wp:featuredmedia":[{"embeddable":true,"href":"https:\/\/www.europesays.com\/fr\/wp-json\/wp\/v2\/media\/395327"}],"wp:attachment":[{"href":"https:\/\/www.europesays.com\/fr\/wp-json\/wp\/v2\/media?parent=395326"}],"wp:term":[{"taxonomy":"category","embeddable":true,"href":"https:\/\/www.europesays.com\/fr\/wp-json\/wp\/v2\/categories?post=395326"},{"taxonomy":"post_tag","embeddable":true,"href":"https:\/\/www.europesays.com\/fr\/wp-json\/wp\/v2\/tags?post=395326"}],"curies":[{"name":"wp","href":"https:\/\/api.w.org\/{rel}","templated":true}]}}