{"id":395342,"date":"2025-09-16T15:20:11","date_gmt":"2025-09-16T15:20:11","guid":{"rendered":"https:\/\/www.europesays.com\/fr\/395342\/"},"modified":"2025-09-16T15:20:11","modified_gmt":"2025-09-16T15:20:11","slug":"nino-un-premier-film-en-eclat-durgence-liberation","status":"publish","type":"post","link":"https:\/\/www.europesays.com\/fr\/395342\/","title":{"rendered":"\u00abNino\u00bb, un premier film en \u00e9clat d\u2019urgence \u2013 Lib\u00e9ration"},"content":{"rendered":"<p class=\"sc-cPiKLX AiZTS text-element\">Nino, dont le pr\u00e9nom est pourtant l\u2019\u00e9tendard du premier film de Pauline Loqu\u00e8s (pr\u00e9sent\u00e9 \u00e0 la derni\u00e8re Semaine de la critique cannoise) ne sait pas ce qui lui arrive, on dirait m\u00eame qu\u2019il s\u2019est tromp\u00e9 de film, comme on se trompe sur le lieu d\u2019un rendez-vous : l\u2019espace d\u2019un instant on ne comprend pas ce qu\u2019on fait l\u00e0, d\u2019o\u00f9 vient la m\u00e9prise, \u00e0 qui la faute. En r\u00e9alit\u00e9, apr\u00e8s un imbroglio administratif, l\u2019h\u00f4pital o\u00f9 il vient chercher de simples r\u00e9sultats d\u2019analyse lui r\u00e9serve une mauvaise surprise de taille. Nino a le cancer. Comme dans une chanson de <a href=\"https:\/\/www.liberation.fr\/musique\/2019\/10\/20\/alain-souchon-flaneur-pas-fane_1758711\/\" target=\"_blank\" rel=\"noreferrer nofollow noopener\" title=\"https:\/\/www.liberation.fr\/musique\/2019\/10\/20\/alain-souchon-flaneur-pas-fane_1758711\/\">Souchon<\/a>, Nino demande s\u2019il va mourir.  <\/p>\n<p class=\"sc-cPiKLX AiZTS text-element\">A partir de l\u00e0, dans l\u2019espace du week-end qui le s\u00e9pare de sa premi\u00e8re s\u00e9ance de chimio, le personnage ne va cesser de prendre de l\u2019\u00e9paisseur, lui qui au d\u00e9part n\u2019\u00e9tait qu\u2019une ombre parmi la foule parisienne, un mec sans histoire, affubl\u00e9 d\u2019un boulot \u00abhyper chiant\u00bb, et de potes et d\u2019une m\u00e8re comme on en a tous. Le film joue sur la corde du quotidien qui se d\u00e9forme lentement sous l\u2019influence de cette nouvelle plus grande que tout et qui reste en m\u00eame temps une menace invisible, totalement abstraite (\u00abje n\u2019ai pas de sympt\u00f4me\u00bb, ne cesse de r\u00e9p\u00e9ter notre malchanceux). <\/p>\n<p class=\"sc-cPiKLX AiZTS text-element\">Tr\u00e8s fin, bien construit sans for\u00e7age trop apparent de son sc\u00e9nario soigneusement tram\u00e9, Nino orc <\/p>\n","protected":false},"excerpt":{"rendered":"Nino, dont le pr\u00e9nom est pourtant l\u2019\u00e9tendard du premier film de Pauline Loqu\u00e8s (pr\u00e9sent\u00e9 \u00e0 la derni\u00e8re Semaine&hellip;\n","protected":false},"author":2,"featured_media":395343,"comment_status":"","ping_status":"","sticky":false,"template":"","format":"standard","meta":{"footnotes":""},"categories":[1354],"tags":[101,58,59,1346,1011,27,1360],"class_list":{"0":"post-395342","1":"post","2":"type-post","3":"status-publish","4":"format-standard","5":"has-post-thumbnail","7":"category-films","8":"tag-cancer","9":"tag-divertissement","10":"tag-entertainment","11":"tag-films","12":"tag-fr","13":"tag-france","14":"tag-movies"},"share_on_mastodon":{"url":"https:\/\/pubeurope.com\/@fr\/115214655542908070","error":""},"_links":{"self":[{"href":"https:\/\/www.europesays.com\/fr\/wp-json\/wp\/v2\/posts\/395342","targetHints":{"allow":["GET"]}}],"collection":[{"href":"https:\/\/www.europesays.com\/fr\/wp-json\/wp\/v2\/posts"}],"about":[{"href":"https:\/\/www.europesays.com\/fr\/wp-json\/wp\/v2\/types\/post"}],"author":[{"embeddable":true,"href":"https:\/\/www.europesays.com\/fr\/wp-json\/wp\/v2\/users\/2"}],"replies":[{"embeddable":true,"href":"https:\/\/www.europesays.com\/fr\/wp-json\/wp\/v2\/comments?post=395342"}],"version-history":[{"count":0,"href":"https:\/\/www.europesays.com\/fr\/wp-json\/wp\/v2\/posts\/395342\/revisions"}],"wp:featuredmedia":[{"embeddable":true,"href":"https:\/\/www.europesays.com\/fr\/wp-json\/wp\/v2\/media\/395343"}],"wp:attachment":[{"href":"https:\/\/www.europesays.com\/fr\/wp-json\/wp\/v2\/media?parent=395342"}],"wp:term":[{"taxonomy":"category","embeddable":true,"href":"https:\/\/www.europesays.com\/fr\/wp-json\/wp\/v2\/categories?post=395342"},{"taxonomy":"post_tag","embeddable":true,"href":"https:\/\/www.europesays.com\/fr\/wp-json\/wp\/v2\/tags?post=395342"}],"curies":[{"name":"wp","href":"https:\/\/api.w.org\/{rel}","templated":true}]}}