{"id":395348,"date":"2025-09-16T15:23:09","date_gmt":"2025-09-16T15:23:09","guid":{"rendered":"https:\/\/www.europesays.com\/fr\/395348\/"},"modified":"2025-09-16T15:23:09","modified_gmt":"2025-09-16T15:23:09","slug":"lacteur-robert-redford-legende-du-cinema-americain-est-mort","status":"publish","type":"post","link":"https:\/\/www.europesays.com\/fr\/395348\/","title":{"rendered":"L&rsquo;acteur Robert Redford, l\u00e9gende du cin\u00e9ma am\u00e9ricain, est mort"},"content":{"rendered":"<p>            Par<br \/>\n        <strong><br \/>\n            <a href=\"https:\/\/actu.fr\/auteur\/redaction-actu\" title=\"Consulter tous les articles de R\u00e9daction Actu\" target=\"_blank\" rel=\"noopener\">R\u00e9daction Actu<\/a><br \/>\n        <\/strong><\/p>\n<p>        Publi\u00e9 le<\/p>\n<p>            16 sept. 2025 \u00e0 14h27        <\/p>\n<p>Il incarnait une certaine id\u00e9e du cin\u00e9ma am\u00e9ricain, gr\u00e2ce \u00e0 des films progressistes, humains et engag\u00e9s. Figure magnifique de Butch Cassidy et le Kid, ainsi que de Nos plus belles ann\u00e9es, l<strong>\u2019acteur et r\u00e9alisateur Robert Redford<\/strong> est mort \u00e0 l\u2019\u00e2ge de 89 ans ce mardi 16 septembre 2025, a annonc\u00e9 le quotidien am\u00e9ricain New York Times.<\/p>\n<p class=\" wall-content\">L\u2019ange blond s\u2019est \u00e9teint dans son sommeil, mardi matin \u00ab\u00a0dans les montagnes pr\u00e8s de Provo\u00a0\u00bb, selon son agente Cindi Berger, de Rogers &amp; Cowan PMK, sans pour autant pr\u00e9ciser les causes de son d\u00e9c\u00e8s.<\/p>\n<p class=\" wall-content\">Journaliste chevronn\u00e9 dans Les Hommes du pr\u00e9sident, aventurier passionn\u00e9 dans Out of Africa, ou encore patient dresseur dans L\u2019homme qui murmurait \u00e0 l\u2019oreille des chevaux, l\u2019acteur-r\u00e9alisateur aura marqu\u00e9 l\u2019histoire du cin\u00e9ma avec son <strong>jeu audacieux<\/strong>, livrant des partitions engag\u00e9es.<\/p>\n<p>Face solaire de l\u2019Am\u00e9rique<\/p>\n<p class=\" wall-content\">N\u00e9 en 1936 \u00e0 Santa Monica, en Californie, Robert Redford grandit loin des studios hollywoodiens. Adolescent turbulent, il h\u00e9rite de sa m\u00e8re un certain go\u00fbt des arts, loin de la rigueur de son p\u00e8re comptable. Il souhaite devenir peintre, fait le tour d\u2019Europe dans sa pleine vingtaine, avant de rentrer aux \u00c9tats-Unis.<\/p>\n<p class=\" wall-content\">C\u2019est l\u00e0 qu\u2019il s\u2019inscrit \u00e0 l\u2019American Academy of Dramatic Arts. Bient\u00f4t, il brille sur les planches et est rep\u00e9r\u00e9 par des agents. Il commence dans les ann\u00e9es 1960 \u00e0 la t\u00e9l\u00e9vision, avant d\u2019\u00eatre r\u00e9v\u00e9l\u00e9 au cin\u00e9ma dans Butch Cassidy et le Kid (1969) et de conna\u00eetre le succ\u00e8s.\u00a0<\/p>\n<p class=\" wall-content\">Avec son <strong>insolente beaut\u00e9<\/strong>, il incarne une certaine face solaire de l\u2019Am\u00e9rique : \u00e9cologiste, engag\u00e9, ind\u00e9pendant et prosp\u00e8re.<\/p>\n<p>Votre r\u00e9gion, votre actu !<\/p>\n<p>Recevez chaque jour les infos qui comptent pour vous.<\/p>\n<p>\t<a href=\"https:\/\/actu.fr\/newsletter\" class=\"ac-btn ac-btn--corner ac-btn--medium ac-btn--blue800\" target=\"_blank\" rel=\"noopener\">S&rsquo;incrire<\/a><br \/>\nFondateur du festival de Sundance<\/p>\n<p class=\" wall-content\">D\u00e9mocrate convaincu, d\u00e9fenseur des tribus am\u00e9rindiennes et des paysages am\u00e9ricains, fondateur du Sundance Film Festival, devenu la r\u00e9f\u00e9rence internationale du film ind\u00e9pendant, le cowboy aux longues m\u00e8ches dor\u00e9es a cherch\u00e9 toute sa vie \u00e0 tracer sa voie, gardant d\u00e8s qu\u2019il pouvait se le permettre, <a href=\"https:\/\/actu.fr\/monde\/a-81-ans-robert-redford-annonce-quil-prend-retraite-dacteur_18083344.html\" target=\"_blank\" rel=\"noopener\">ses distances avec Hollywood<\/a>.\u00a0<\/p>\n<p class=\" wall-content\">Les grands studios lui ont offert <strong>quelque 70 r\u00f4les<\/strong>, pour la plupart des personnages positifs, engag\u00e9s (Les trois jours du Condor), romanesques (Gatsby le Magnifique) et inspirant toujours la sympathie m\u00eame lorsqu\u2019il jouait les escrocs comme dans L\u2019Arnaque ou son dernier The Old Man and the Gun (2018). Il a notamment tourn\u00e9 dans sept films de Sydney Pollack.<\/p>\n<p class=\" wall-content\">S\u2019il re\u00e7oit un Oscar en 2002 pour l\u2019ensemble de sa carri\u00e8re, il n\u2019a, comme acteur, jamais \u00e9t\u00e9 r\u00e9compens\u00e9 pour un film en particulier bien que plusieurs de ses <a href=\"https:\/\/actu.fr\/bretagne\/pleneuf-val-andre_22186\/robert-redford-inaugure-le-nouveau-cycle-sur-la-nature-au-cinema-a-pleneuf-val-andre_61671877.html\" target=\"_blank\" rel=\"noopener\">prestations aient \u00e9t\u00e9 salu\u00e9es<\/a> dans des films embl\u00e9matiques. Avec son d\u00e9c\u00e8s, une nouvelle page du cin\u00e9ma am\u00e9ricain se tourne.\u00a0<\/p>\n<p class=\" wall-content\"><strong>Avec AFP<\/strong><\/p>\n<p class=\" wall-content\">Personnalisez votre actualit\u00e9 en ajoutant vos villes et m\u00e9dias en favori avec <a href=\"https:\/\/moncompte.actu.fr\" title=\"D\u00e9couvez Mon Actu\" rel=\"nofollow noopener\" data-trk=\"{&quot;cta&quot;:{&quot;action&quot;:&quot;https:\\\/\\\/moncompte.actu.fr&quot;,&quot;category&quot;:&quot;mon compte&quot;,&quot;from&quot;:&quot;article footer&quot;,&quot;name&quot;:&quot;Mon actu&quot;,&quot;type&quot;:&quot;cta&quot;}}\" target=\"_blank\">Mon Actu<\/a>.<\/p>\n","protected":false},"excerpt":{"rendered":"Par R\u00e9daction Actu Publi\u00e9 le 16 sept. 2025 \u00e0 14h27 Il incarnait une certaine id\u00e9e du cin\u00e9ma am\u00e9ricain,&hellip;\n","protected":false},"author":2,"featured_media":395349,"comment_status":"","ping_status":"","sticky":false,"template":"","format":"standard","meta":{"footnotes":""},"categories":[8],"tags":[650,58,59,1011,27,1652,1391],"class_list":{"0":"post-395348","1":"post","2":"type-post","3":"status-publish","4":"format-standard","5":"has-post-thumbnail","7":"category-divertissement","8":"tag-cinema","9":"tag-divertissement","10":"tag-entertainment","11":"tag-fr","12":"tag-france","13":"tag-loisirs-culture","14":"tag-necrologie"},"share_on_mastodon":{"url":"https:\/\/pubeurope.com\/@fr\/115214667318340330","error":""},"_links":{"self":[{"href":"https:\/\/www.europesays.com\/fr\/wp-json\/wp\/v2\/posts\/395348","targetHints":{"allow":["GET"]}}],"collection":[{"href":"https:\/\/www.europesays.com\/fr\/wp-json\/wp\/v2\/posts"}],"about":[{"href":"https:\/\/www.europesays.com\/fr\/wp-json\/wp\/v2\/types\/post"}],"author":[{"embeddable":true,"href":"https:\/\/www.europesays.com\/fr\/wp-json\/wp\/v2\/users\/2"}],"replies":[{"embeddable":true,"href":"https:\/\/www.europesays.com\/fr\/wp-json\/wp\/v2\/comments?post=395348"}],"version-history":[{"count":0,"href":"https:\/\/www.europesays.com\/fr\/wp-json\/wp\/v2\/posts\/395348\/revisions"}],"wp:featuredmedia":[{"embeddable":true,"href":"https:\/\/www.europesays.com\/fr\/wp-json\/wp\/v2\/media\/395349"}],"wp:attachment":[{"href":"https:\/\/www.europesays.com\/fr\/wp-json\/wp\/v2\/media?parent=395348"}],"wp:term":[{"taxonomy":"category","embeddable":true,"href":"https:\/\/www.europesays.com\/fr\/wp-json\/wp\/v2\/categories?post=395348"},{"taxonomy":"post_tag","embeddable":true,"href":"https:\/\/www.europesays.com\/fr\/wp-json\/wp\/v2\/tags?post=395348"}],"curies":[{"name":"wp","href":"https:\/\/api.w.org\/{rel}","templated":true}]}}