{"id":395352,"date":"2025-09-16T15:25:11","date_gmt":"2025-09-16T15:25:11","guid":{"rendered":"https:\/\/www.europesays.com\/fr\/395352\/"},"modified":"2025-09-16T15:25:11","modified_gmt":"2025-09-16T15:25:11","slug":"%f0%9f%94%b4les-marches-attendent-la-fed-lindustrie-automobile-allemande-en-crise-lessentiel-de-lactualite-ce-mardi-16-septembre","status":"publish","type":"post","link":"https:\/\/www.europesays.com\/fr\/395352\/","title":{"rendered":"\ud83d\udd34Les march\u00e9s attendent la Fed, l&rsquo;industrie automobile allemande en crise&#8230; L&rsquo;essentiel de l&rsquo;actualit\u00e9 ce mardi 16 septembre"},"content":{"rendered":"<p>Bonjour \u00e0 toutes et \u00e0 tous, nous sommes le <strong>mardi\u00a016 septembre 2025<\/strong>. Parmi les actualit\u00e9s \u00e0 retenir ce jour, l&rsquo;ouverture de <strong>la r\u00e9union de politique mon\u00e9taire de la Fed<\/strong> attise tous les regards. En France, S\u00e9bastien Lecornu\u00a0va\u00a0<strong>mettre fin aux\u00a0\u00ab avantages \u00e0 vie \u00bb\u00a0des ex-ministres d\u00e8s 2026<\/strong>. L&rsquo;inqui\u00e9tude du jour, ce sont les annonces \u00e0 r\u00e9p\u00e9tition de plans sociaux dans <strong>l&rsquo;industrie automobile allemande<\/strong> aujourd&rsquo;hui.\u00a0Les d\u00e9tails sur ces infos, ainsi que\u00a0d&rsquo;autres actualit\u00e9s, sont \u00e0 d\u00e9couvrir dans notre fil.<\/p>\n<p>\ud83d\udccdLes march\u00e9s sur le qui-vive en attendant la Fed<\/p>\n<p>\u27a1\ufe0f\u200b Wall Street \u00e9volue sans \u00e9lan, au moment de l&rsquo;ouverture de <strong>la r\u00e9union de politique mon\u00e9taire de la R\u00e9serve f\u00e9d\u00e9rale<\/strong>. Les indices restaient globalement stables vers 13h45 GMT, <strong>le Dow Jones c\u00e9dant 0,12%<\/strong> tandis que le Nasdaq et le S&amp;P 500 oscillaient autour de l&rsquo;\u00e9quilibre. La veille, ces deux derniers avaient pourtant inscrit de nouveaux records. Les investisseurs s&rsquo;attendent \u00e0 <strong>une premi\u00e8re baisse des taux directeurs depuis d\u00e9cembre 2024,<\/strong> d&rsquo;un quart de point, dans un contexte de ralentissement du march\u00e9 de l&#8217;emploi.<\/p>\n<p>\u27a1\ufe0f\u200b<strong>L&rsquo;euro progressait<\/strong> nettement en d\u00e9but d&rsquo;apr\u00e8s-midi, atteignant son <strong>plus haut niveau face au dollar depuis septembre 2021<\/strong>, \u00e0 la veille de la d\u00e9cision de politique mon\u00e9taire de la R\u00e9serve f\u00e9d\u00e9rale am\u00e9ricaine. La monnaie unique est mont\u00e9e jusqu&rsquo;\u00e0 1,1847 dollar avant de s&rsquo;\u00e9tablir \u00e0 1,1838 vers 14h25 GMT, en hausse de 0,65%.<\/p>\n<p>\u27a1\ufe0f\u200b<strong>Stephen Miran<\/strong>, ancien conseiller du pr\u00e9sident Donald Trump, est devenu cet apr\u00e8s-midi\u00a0<strong>gouverneur de la R\u00e9serve f\u00e9d\u00e9rale am\u00e9ricaine<\/strong>. Il a pr\u00eat\u00e9 serment quelques heures apr\u00e8s la confirmation de sa nomination par le S\u00e9nat.<\/p>\n<p>\ud83d\udccdL&rsquo;industrie automobile allemande plus que jamais en crise<\/p>\n<p><strong>Bosch<\/strong> a annonc\u00e9\u00a0aujourd&rsquo;hui un renforcement de sa <strong>restructuration<\/strong> dans l&rsquo;automobile afin de combler un \u00e9cart de co\u00fbts annuel de 2,5 milliards d&rsquo;euros. Le groupe pr\u00e9voit de <strong>nouvelles suppressions de postes<\/strong>, notamment en Allemagne, o\u00f9 la demande reste faible.<\/p>\n<p><strong>Ford<\/strong> a de son c\u00f4t\u00e9 indiqu\u00e9 ce matin vouloir <strong>supprimer jusqu&rsquo;\u00e0 1 000 emplois<\/strong> suppl\u00e9mentaires \u00e0 Cologne, en raison d&rsquo;une demande en v\u00e9hicules \u00e9lectriques largement en de\u00e7\u00e0 des pr\u00e9visions. Ces coupes <strong>s&rsquo;ajoutent aux 2 900 d\u00e9j\u00e0 annonc\u00e9es<\/strong>.<\/p>\n<p>Ces r\u00e9ductions s&rsquo;inscrivent dans un contexte de crise persistante du secteur automobile allemand, frapp\u00e9 par la baisse de la demande mondiale, la concurrence chinoise et la hausse des co\u00fbts. <strong>Volkswagen pr\u00e9pare 35 000 suppressions de postes<\/strong>, tandis que d&rsquo;autres \u00e9quipementiers comme Continental ou Schaeffler r\u00e9duisent aussi leurs effectifs.<\/p>\n<p>\ud83d\udccdLe secteur associatif se mobilisera le 11 octobre<\/p>\n<p>Le Mouvement associatif, qui dit repr\u00e9senter 700 000 structures, appelle \u00e0 une <strong>mobilisation nationale le samedi 11 octobre<\/strong> pour alerter contre les<strong> coupes budg\u00e9taires<\/strong> mena\u00e7ant le tissu associatif. Les formes d&rsquo;action pourront aller de la journ\u00e9e sans b\u00e9n\u00e9voles dans les clubs \u00e0 des rassemblements publics.<\/p>\n<p>\u00ab La crise des financements publics contraint de nombreuses associations \u00e0 d<strong>es plans sociaux, \u00e0 des annulations d&rsquo;activit\u00e9s<\/strong>, voire \u00e0 des dissolutions \u00bb, pr\u00e9vient Claire Thoury, pr\u00e9sidente du Mouvement. Beno\u00eet Hamon, pr\u00e9sident d&rsquo;ESS France, souligne pour sa part que ces d\u00e9faillances mettent en danger des emplois et des missions d&rsquo;int\u00e9r\u00eat g\u00e9n\u00e9ral.<\/p>\n<p>Selon ESS France, <strong>l&#8217;emploi dans l&rsquo;\u00e9conomie sociale et solidaire a stagn\u00e9 au premier semestre 2025<\/strong>, apr\u00e8s deux ann\u00e9es de forte progression. Une cellule gouvernementale d&rsquo;accompagnement a \u00e9t\u00e9 mise en place, mais les acteurs du secteur d\u00e9noncent une \u00ab grande fatigue \u00bb face \u00e0 des moyens en baisse et des besoins croissants.<\/p>\n<p>\ud83d\udccdLecornu va mettre fin aux\u00ab avantages \u00e0 vie \u00bbdes ex-ministres d\u00e8s 2026<\/p>\n<p>Les \u00ab avantages \u00e0 vie \u00bb des anciens membres du <strong>gouvernement seront \u00ab supprim\u00e9s \u00bb d\u00e8s le 1er janvier 2026, <\/strong>a annonc\u00e9 lundi le Premier ministre S\u00e9bastien Lecornu, donnant corps \u00e0 une promesse lanc\u00e9e ce week-end dans un entretien \u00e0 la presse quotidienne r\u00e9gionale. Il n&rsquo;est \u00ab pas concevable \u00bb que les anciens ministres \u00ab puissent b\u00e9n\u00e9ficier d&rsquo;avantages \u00e0 vie en raison d&rsquo;un statut temporaire \u00bb, a \u00e9crit le locataire de Matignon sur X. Il a expliqu\u00e9 que la protection polici\u00e8re accord\u00e9e aux ex-Premiers ministres et ministres de l&rsquo;Int\u00e9rieur pourrait \u00eatre \u00ab\u00a0reconduite\u00a0\u00bb en fonction des risques, mais que les autres privil\u00e8ges (moyens mat\u00e9riels, chauffeur, v\u00e9hicule&#8230;) des anciens chefs du gouvernement ne seront d\u00e9sormais accord\u00e9s que pour \u00ab\u00a0<strong>une dur\u00e9e limit\u00e9e<\/strong>\u00a0\u00bb.<\/p>\n<p><strong>\ud83d\udc49Pour en savoir plus :<\/strong>\u00a0<a href=\"https:\/\/www.latribune.fr\/economie\/france\/avantages-a-vie-des-ex-premiers-ministres-le-coup-de-ciseau-a-4-4-millions-d-euros-de-sebastien-lecornu-1032547.html\" target=\"_blank\" rel=\"noopener\">Avantages \u00e0 vie des ex-Premiers ministres : le coup de ciseau \u00e0 4,4 millions d&rsquo;euros de S\u00e9bastien Lecornu<\/a><\/p>\n<p>\ud83d\udccd Shein offre ses services \u00e0 Pimkie<\/p>\n<p>Shein a nou\u00e9 un partenariat avec la marque fran\u00e7aise Pimkie, <strong>qui vise \u00e0 \u00ab soutenir le secteur fran\u00e7ais de la mode et de la distribution \u00bb,<\/strong> indique mardi la plateforme asiatique. Cette derni\u00e8re, souvent accus\u00e9e d&rsquo;\u00eatre une des causes des maux de ce secteur, se lance dans un nouveau type de partenariats dont elle esp\u00e8re r\u00e9colter les fruits en termes d&rsquo;image. Pimkie, \u00e9tablie elle depuis des d\u00e9cennies, verra ainsi d&rsquo;ici la fin de l&rsquo;ann\u00e9e ses produits mis en vente sur la plateforme Shein.\u00a0Appel\u00e9 Xcelerator, le programme de Shein va au-del\u00e0 de la simple vente sur le site en ligne, et inclue \u00e9galement un programme d&rsquo;aide aux cr\u00e9ateurs pour leur premi\u00e8re marque, pr\u00e9cise le groupe.<\/p>\n<p> <strong>\ud83d\udcc6 L&rsquo;agenda \u00e9co de la journ\u00e9e<\/strong> <\/p>\n<p><strong>Ce mardi | <\/strong>Paris &#8211;\u00a0Le Premier ministre S\u00e9bastien Lecornu re\u00e7oit les organisations patronales<\/p>\n<p><strong>Ce mardi |<\/strong> \u00c9tats-Unis &#8211; R\u00e9union du Comit\u00e9 de politique mon\u00e9taire de la Fed<\/p>\n<p>Veille r\u00e9alis\u00e9e avec AFP et Reuters<\/p>\n<p class=\"rev-margin-0 rev-text-xs-bold !text-lt-neutral-30 mt-[32px]\">Margot Ruault et Julien Gouesmat<\/p>\n","protected":false},"excerpt":{"rendered":"Bonjour \u00e0 toutes et \u00e0 tous, nous sommes le mardi\u00a016 septembre 2025. Parmi les actualit\u00e9s \u00e0 retenir ce&hellip;\n","protected":false},"author":2,"featured_media":329060,"comment_status":"","ping_status":"","sticky":false,"template":"","format":"standard","meta":{"footnotes":""},"categories":[6],"tags":[17,36901,52740,646,35,33,34,7512,1011,27,20635,635,52739],"class_list":{"0":"post-395352","1":"post","2":"type-post","3":"status-publish","4":"format-standard","5":"has-post-thumbnail","7":"category-economie","8":"tag-17","9":"tag-allemande","10":"tag-attendent","11":"tag-automobile","12":"tag-business","13":"tag-economie","14":"tag-economy","15":"tag-fed","16":"tag-fr","17":"tag-france","18":"tag-lindustrie","19":"tag-marches","20":"tag-les"},"share_on_mastodon":{"url":"https:\/\/pubeurope.com\/@fr\/115214675345935320","error":""},"_links":{"self":[{"href":"https:\/\/www.europesays.com\/fr\/wp-json\/wp\/v2\/posts\/395352","targetHints":{"allow":["GET"]}}],"collection":[{"href":"https:\/\/www.europesays.com\/fr\/wp-json\/wp\/v2\/posts"}],"about":[{"href":"https:\/\/www.europesays.com\/fr\/wp-json\/wp\/v2\/types\/post"}],"author":[{"embeddable":true,"href":"https:\/\/www.europesays.com\/fr\/wp-json\/wp\/v2\/users\/2"}],"replies":[{"embeddable":true,"href":"https:\/\/www.europesays.com\/fr\/wp-json\/wp\/v2\/comments?post=395352"}],"version-history":[{"count":0,"href":"https:\/\/www.europesays.com\/fr\/wp-json\/wp\/v2\/posts\/395352\/revisions"}],"wp:featuredmedia":[{"embeddable":true,"href":"https:\/\/www.europesays.com\/fr\/wp-json\/wp\/v2\/media\/329060"}],"wp:attachment":[{"href":"https:\/\/www.europesays.com\/fr\/wp-json\/wp\/v2\/media?parent=395352"}],"wp:term":[{"taxonomy":"category","embeddable":true,"href":"https:\/\/www.europesays.com\/fr\/wp-json\/wp\/v2\/categories?post=395352"},{"taxonomy":"post_tag","embeddable":true,"href":"https:\/\/www.europesays.com\/fr\/wp-json\/wp\/v2\/tags?post=395352"}],"curies":[{"name":"wp","href":"https:\/\/api.w.org\/{rel}","templated":true}]}}