{"id":395353,"date":"2025-09-16T15:26:09","date_gmt":"2025-09-16T15:26:09","guid":{"rendered":"https:\/\/www.europesays.com\/fr\/395353\/"},"modified":"2025-09-16T15:26:09","modified_gmt":"2025-09-16T15:26:09","slug":"lacteur-et-realisateur-americain-robert-redford-est-mort-a-lage-de-89-ans-2","status":"publish","type":"post","link":"https:\/\/www.europesays.com\/fr\/395353\/","title":{"rendered":"L&rsquo;acteur et r\u00e9alisateur am\u00e9ricain Robert Redford est mort \u00e0 l&rsquo;\u00e2ge de 89 ans"},"content":{"rendered":"<p>Robert Redford, ic\u00f4ne du <a href=\"https:\/\/www.20minutes.fr\/arts-stars\/cinema\/\" class=\"c-link c-link--is-underlined\" target=\"_blank\" rel=\"noopener\">cin\u00e9ma<\/a> am\u00e9ricain des six derni\u00e8res d\u00e9cennies, est <a href=\"https:\/\/www.20minutes.fr\/dossier\/mort\" class=\"c-link c-link--is-underlined\" target=\"_blank\" rel=\"noopener\">mort<\/a> mardi matin dans l&rsquo;Utah \u00e0 l&rsquo;\u00e2ge de 89 ans, annonce le <a href=\"https:\/\/www.20minutes.fr\/dossier\/new_york_times\" class=\"c-link c-link--is-underlined\" target=\"_blank\" rel=\"noopener\">New York Times<\/a>. Cindi Berger, directrice g\u00e9n\u00e9rale de l&rsquo;agence de publicit\u00e9 Rogers &amp; Cowan PMK a pr\u00e9cis\u00e9 qu&rsquo;il \u00e9tait mort dans son sommeil, \u00ab dans les montagnes pr\u00e8s de Provo \u00bb, a-t-elle dit au quotidien, sans mentionner de cause pr\u00e9cise du d\u00e9c\u00e8s.<\/p>\n<p>Les grands studios lui ont offert quelque 70 r\u00f4les, pour la plupart des personnages positifs, engag\u00e9s, romanesques et inspirant toujours la sympathie m\u00eame lorsqu&rsquo;il jouait les escrocs comme dans Butch Cassidy et le Kid, L&rsquo;Arnaque ou son dernier The Old Man and the Gun.<\/p>\n<p>S&rsquo;il re\u00e7oit un Oscar en 2002 pour l&rsquo;ensemble de sa carri\u00e8re, il n&rsquo;a, comme acteur, jamais \u00e9t\u00e9 r\u00e9compens\u00e9 pour un film en particulier bien que plusieurs de ses prestations aient \u00e9t\u00e9 salu\u00e9es dans des films embl\u00e9matiques comme Jeremiah Johnson (<a href=\"https:\/\/www.20minutes.fr\/dossier\/palme_d_or\" class=\"c-link c-link--is-underlined\" target=\"_blank\" rel=\"noopener\">Palme d&rsquo;Or<\/a> en 1972), Les hommes du pr\u00e9sident (4 Oscars en 1977) ou encore Out of Africa (7 <a href=\"https:\/\/www.20minutes.fr\/arts-stars\/cinema\/oscars\/\" class=\"c-link c-link--is-underlined\" target=\"_blank\" rel=\"noopener\">Oscars<\/a> en 1986) qui l&rsquo;ont intronis\u00e9 comme l&rsquo;arch\u00e9type de l&rsquo;amant id\u00e9al.<\/p>\n<p>Heureux derri\u00e8re la cam\u00e9ra<\/p>\n<p>Son amour du cin\u00e9ma l&rsquo;incita ensuite \u00e0 passer derri\u00e8re la cam\u00e9ra. \u00ab En tant que r\u00e9alisateur, \u00bb souligne-t-il, \u00ab je ne m&rsquo;aimerais pas comme acteur. En tant qu&rsquo;acteur, je ne m&rsquo;aimerais pas comme r\u00e9alisateur \u00bb.<\/p>\n<p>Il r\u00e9alise, entre autres, Des gens comme les autres qui, en 1981, remporte l&rsquo;Oscar du Meilleur film et de la Meilleure r\u00e9alisation puis Et au milieu coule une rivi\u00e8re (1992), Quiz Show (1994), L&rsquo;homme qui murmurait \u00e0 l&rsquo;oreille des chevaux (1998), Lions et agneaux (2007), Sous surveillance (2012). En 2018, juste apr\u00e8s The Old Man and The Gun, l&rsquo;octog\u00e9n\u00e9raire au visage parchemin\u00e9 par le soleil et le vent des grands espaces avait annonc\u00e9 sa retraite.<\/p>\n<p>Un homme d&rsquo;engagements<\/p>\n<p>D\u00e9mocrate convaincu, d\u00e9fenseur des tribus am\u00e9rindiennes et des paysages am\u00e9ricains, fondateur du Sundance Film Festival devenu la r\u00e9f\u00e9rence internationale du film ind\u00e9pendant, le cowboy aux longues m\u00e8ches dor\u00e9es a cherch\u00e9 toute sa vie \u00e0 tracer sa voie, gardant d\u00e8s qu&rsquo;il pouvait se le permettre, ses distances avec Hollywood.<\/p>\n<p>Avec les ann\u00e9es, l&rsquo;homme a aussi multipl\u00e9 ses engagements comme la cause environnementale ou encore les droits des personnes LGBT +. Il s\u2019est notamment oppos\u00e9 au projet d\u2019ol\u00e9oduc Keystone entre le <a href=\"https:\/\/www.20minutes.fr\/dossier\/canada\" class=\"c-link c-link--is-underlined\" target=\"_blank\" rel=\"noopener\">Canada<\/a> et les <a href=\"https:\/\/www.20minutes.fr\/monde\/etats-unis\/\" class=\"c-link c-link--is-underlined\" target=\"_blank\" rel=\"noopener\">\u00c9tats-Unis.<\/a><\/p>\n<p>Les montagnes de l&rsquo;Utah, o\u00f9 il s&rsquo;est \u00e9teint, \u00e9taient devenues son fief apr\u00e8s une enfance californienne &#8211; il est n\u00e9 le 18 ao\u00fbt 1936 \u00e0 Santa Monica &#8211; et un passage \u00e0 l&rsquo;universit\u00e9 du Colorado.<\/p>\n<p>\u00ab Il \u00e9tait le plus sexy \u00bb<\/p>\n<p>Donald Trump a salu\u00e9 mardi la m\u00e9moire de l&rsquo;acteur et r\u00e9alisateur am\u00e9ricain Robert Redford, mort \u00e0 89 ans, voyant en lui un \u00ab grand \u00bb du cin\u00e9ma. \u00ab Il y a eu des ann\u00e9es o\u00f9 il n&rsquo;y avait personne de meilleur \u00bb, a d\u00e9clar\u00e9 le pr\u00e9sident am\u00e9ricain avant de s&rsquo;envoler pour une visite d&rsquo;Etat au Royaume-Uni. \u00ab Durant une p\u00e9riode, il \u00e9tait le plus sexy \u00bb, a-t-il ajout\u00e9.<\/p>\n<p> Du c\u00f4t\u00e9 de ses anciennes partenaires, Meryl Streep a tenu \u00e0 exprimer sa tristessse, \u00ab un des lions s&rsquo;en est all\u00e9 \u00bb, a r\u00e9agi sa partenaire dans le film Out of Africa (1985). \u00ab Repose en paix, mon cher ami \u00bb, ajoute l&rsquo;actrice am\u00e9ricaine, elle-m\u00eame \u00e2g\u00e9e de 76 ans.<\/p>\n<p><\/p>\n","protected":false},"excerpt":{"rendered":"Robert Redford, ic\u00f4ne du cin\u00e9ma am\u00e9ricain des six derni\u00e8res d\u00e9cennies, est mort mardi matin dans l&rsquo;Utah \u00e0 l&rsquo;\u00e2ge&hellip;\n","protected":false},"author":2,"featured_media":395354,"comment_status":"","ping_status":"","sticky":false,"template":"","format":"standard","meta":{"footnotes":""},"categories":[5],"tags":[11,650,3983,58,73,1011,27,2137,14,12,28],"class_list":{"0":"post-395353","1":"post","2":"type-post","3":"status-publish","4":"format-standard","5":"has-post-thumbnail","7":"category-international","8":"tag-actualites","9":"tag-cinema","10":"tag-deces","11":"tag-divertissement","12":"tag-etats-unis","13":"tag-fr","14":"tag-france","15":"tag-hollywood","16":"tag-international","17":"tag-news","18":"tag-world"},"share_on_mastodon":{"url":"https:\/\/pubeurope.com\/@fr\/115214679084348153","error":""},"_links":{"self":[{"href":"https:\/\/www.europesays.com\/fr\/wp-json\/wp\/v2\/posts\/395353","targetHints":{"allow":["GET"]}}],"collection":[{"href":"https:\/\/www.europesays.com\/fr\/wp-json\/wp\/v2\/posts"}],"about":[{"href":"https:\/\/www.europesays.com\/fr\/wp-json\/wp\/v2\/types\/post"}],"author":[{"embeddable":true,"href":"https:\/\/www.europesays.com\/fr\/wp-json\/wp\/v2\/users\/2"}],"replies":[{"embeddable":true,"href":"https:\/\/www.europesays.com\/fr\/wp-json\/wp\/v2\/comments?post=395353"}],"version-history":[{"count":0,"href":"https:\/\/www.europesays.com\/fr\/wp-json\/wp\/v2\/posts\/395353\/revisions"}],"wp:featuredmedia":[{"embeddable":true,"href":"https:\/\/www.europesays.com\/fr\/wp-json\/wp\/v2\/media\/395354"}],"wp:attachment":[{"href":"https:\/\/www.europesays.com\/fr\/wp-json\/wp\/v2\/media?parent=395353"}],"wp:term":[{"taxonomy":"category","embeddable":true,"href":"https:\/\/www.europesays.com\/fr\/wp-json\/wp\/v2\/categories?post=395353"},{"taxonomy":"post_tag","embeddable":true,"href":"https:\/\/www.europesays.com\/fr\/wp-json\/wp\/v2\/tags?post=395353"}],"curies":[{"name":"wp","href":"https:\/\/api.w.org\/{rel}","templated":true}]}}