{"id":395359,"date":"2025-09-16T15:29:11","date_gmt":"2025-09-16T15:29:11","guid":{"rendered":"https:\/\/www.europesays.com\/fr\/395359\/"},"modified":"2025-09-16T15:29:11","modified_gmt":"2025-09-16T15:29:11","slug":"le-sport-cardio-a-repris","status":"publish","type":"post","link":"https:\/\/www.europesays.com\/fr\/395359\/","title":{"rendered":"le sport cardio a repris"},"content":{"rendered":"<p>La section Saint-\u00c9tienne sud de C\u0153ur et sant\u00e9, association destin\u00e9e \u00e0 maintenir en forme les personnes ayant subi des op\u00e9rations cardiaques, a repris ses activit\u00e9s dans un gymnase lou\u00e9 \u00e0 l\u2019ASPTT de Villars.<\/p>\n<p>Ces activit\u00e9s sont \u00e9galement accessibles aux personnes d\u00e9sirant pratiquer une activit\u00e9 physique douce en pr\u00e9vention, la s\u00e9dentarit\u00e9 repr\u00e9sentant un danger important.<\/p>\n<p class=\"note\">Contact\u00a0: Jean-Pierre V\u00e9rot 06.85.07.83.09. mail\u00a0: coeursante.st.etienne.sud@gmail.com<\/p>\n","protected":false},"excerpt":{"rendered":"La section Saint-\u00c9tienne sud de C\u0153ur et sant\u00e9, association destin\u00e9e \u00e0 maintenir en forme les personnes ayant subi&hellip;\n","protected":false},"author":2,"featured_media":395360,"comment_status":"","ping_status":"","sticky":false,"template":"","format":"standard","meta":{"footnotes":""},"categories":[9653],"tags":[1111,11,2430,7539,1777,674,1011,27,12,25,4001,9664,71,10246],"class_list":{"0":"post-395359","1":"post","2":"type-post","3":"status-publish","4":"format-standard","5":"has-post-thumbnail","7":"category-saint-etienne","8":"tag-actu","9":"tag-actualites","10":"tag-auvergne-rhone-alpes","11":"tag-edition-loire-sud","12":"tag-eu","13":"tag-europe","14":"tag-fr","15":"tag-france","16":"tag-news","17":"tag-republique-francaise","18":"tag-saint-etienne","19":"tag-saint-etienne-bassin","20":"tag-sante","21":"tag-villars"},"share_on_mastodon":{"url":"https:\/\/pubeurope.com\/@fr\/115214690902595569","error":""},"_links":{"self":[{"href":"https:\/\/www.europesays.com\/fr\/wp-json\/wp\/v2\/posts\/395359","targetHints":{"allow":["GET"]}}],"collection":[{"href":"https:\/\/www.europesays.com\/fr\/wp-json\/wp\/v2\/posts"}],"about":[{"href":"https:\/\/www.europesays.com\/fr\/wp-json\/wp\/v2\/types\/post"}],"author":[{"embeddable":true,"href":"https:\/\/www.europesays.com\/fr\/wp-json\/wp\/v2\/users\/2"}],"replies":[{"embeddable":true,"href":"https:\/\/www.europesays.com\/fr\/wp-json\/wp\/v2\/comments?post=395359"}],"version-history":[{"count":0,"href":"https:\/\/www.europesays.com\/fr\/wp-json\/wp\/v2\/posts\/395359\/revisions"}],"wp:featuredmedia":[{"embeddable":true,"href":"https:\/\/www.europesays.com\/fr\/wp-json\/wp\/v2\/media\/395360"}],"wp:attachment":[{"href":"https:\/\/www.europesays.com\/fr\/wp-json\/wp\/v2\/media?parent=395359"}],"wp:term":[{"taxonomy":"category","embeddable":true,"href":"https:\/\/www.europesays.com\/fr\/wp-json\/wp\/v2\/categories?post=395359"},{"taxonomy":"post_tag","embeddable":true,"href":"https:\/\/www.europesays.com\/fr\/wp-json\/wp\/v2\/tags?post=395359"}],"curies":[{"name":"wp","href":"https:\/\/api.w.org\/{rel}","templated":true}]}}