{"id":395363,"date":"2025-09-16T15:31:18","date_gmt":"2025-09-16T15:31:18","guid":{"rendered":"https:\/\/www.europesays.com\/fr\/395363\/"},"modified":"2025-09-16T15:31:18","modified_gmt":"2025-09-16T15:31:18","slug":"jarville-la-malgrange-carrousel-lyrique-lopera-en-mouvement","status":"publish","type":"post","link":"https:\/\/www.europesays.com\/fr\/395363\/","title":{"rendered":"Jarville-la-Malgrange. Carrousel lyrique\u00a0: l\u2019op\u00e9ra en mouvement"},"content":{"rendered":"<p>Le Kiosque a r\u00e9cemment offert un spectacle magique aux habitants de la commune, en accueillant un carrousel pas comme les autres. Cet \u00e9v\u00e9nement, alliant po\u00e9sie et fantaisie, a captiv\u00e9 l\u2019attention des petits et des grands.<\/p>\n<p>Con\u00e7u pour les enfants de 4 \u00e0 10 ans, il embarque aussi les adultes dans un op\u00e9ra en mouvement. Faire de l\u2019op\u00e9ra un jeu d\u2019enfant, c\u2019est de cette id\u00e9e qu\u2019est n\u00e9 Carrousel, imagin\u00e9 par l\u2019Op\u00e9ra national de Nancy-Lorraine. Ce man\u00e8ge itin\u00e9rant r\u00e9invente la rencontre avec l\u2019art lyrique en s\u2019installant au c\u0153ur des lieux de vie \u2013 cours d\u2019\u00e9coles, parcs et places publiques.<\/p>\n","protected":false},"excerpt":{"rendered":"Le Kiosque a r\u00e9cemment offert un spectacle magique aux habitants de la commune, en accueillant un carrousel pas&hellip;\n","protected":false},"author":2,"featured_media":395364,"comment_status":"","ping_status":"","sticky":false,"template":"","format":"standard","meta":{"footnotes":""},"categories":[9635],"tags":[1111,11,1687,1704,1777,674,1011,27,775,9648,9649,1702,12,25,3140],"class_list":{"0":"post-395363","1":"post","2":"type-post","3":"status-publish","4":"format-standard","5":"has-post-thumbnail","7":"category-nancy","8":"tag-actu","9":"tag-actualites","10":"tag-culture-loisirs","11":"tag-edition-nancy-et-agglomeration","12":"tag-eu","13":"tag-europe","14":"tag-fr","15":"tag-france","16":"tag-grand-est","17":"tag-jarville-la-malgrange","18":"tag-metropole-du-grand-nancy-54b2","19":"tag-nancy","20":"tag-news","21":"tag-republique-francaise","22":"tag-spectacle"},"share_on_mastodon":{"url":"https:\/\/pubeurope.com\/@fr\/115214698868356181","error":""},"_links":{"self":[{"href":"https:\/\/www.europesays.com\/fr\/wp-json\/wp\/v2\/posts\/395363","targetHints":{"allow":["GET"]}}],"collection":[{"href":"https:\/\/www.europesays.com\/fr\/wp-json\/wp\/v2\/posts"}],"about":[{"href":"https:\/\/www.europesays.com\/fr\/wp-json\/wp\/v2\/types\/post"}],"author":[{"embeddable":true,"href":"https:\/\/www.europesays.com\/fr\/wp-json\/wp\/v2\/users\/2"}],"replies":[{"embeddable":true,"href":"https:\/\/www.europesays.com\/fr\/wp-json\/wp\/v2\/comments?post=395363"}],"version-history":[{"count":0,"href":"https:\/\/www.europesays.com\/fr\/wp-json\/wp\/v2\/posts\/395363\/revisions"}],"wp:featuredmedia":[{"embeddable":true,"href":"https:\/\/www.europesays.com\/fr\/wp-json\/wp\/v2\/media\/395364"}],"wp:attachment":[{"href":"https:\/\/www.europesays.com\/fr\/wp-json\/wp\/v2\/media?parent=395363"}],"wp:term":[{"taxonomy":"category","embeddable":true,"href":"https:\/\/www.europesays.com\/fr\/wp-json\/wp\/v2\/categories?post=395363"},{"taxonomy":"post_tag","embeddable":true,"href":"https:\/\/www.europesays.com\/fr\/wp-json\/wp\/v2\/tags?post=395363"}],"curies":[{"name":"wp","href":"https:\/\/api.w.org\/{rel}","templated":true}]}}