{"id":395379,"date":"2025-09-16T15:40:09","date_gmt":"2025-09-16T15:40:09","guid":{"rendered":"https:\/\/www.europesays.com\/fr\/395379\/"},"modified":"2025-09-16T15:40:09","modified_gmt":"2025-09-16T15:40:09","slug":"grenoble-un-pic-de-chaleur-et-des-temperatures-a-plus-de-30c-annonces-par-meteo-france","status":"publish","type":"post","link":"https:\/\/www.europesays.com\/fr\/395379\/","title":{"rendered":"Grenoble. Un \u00ab\u00a0pic de chaleur\u00a0\u00bb et des temp\u00e9ratures \u00e0 plus de 30\u00b0C annonc\u00e9s par M\u00e9t\u00e9o-France"},"content":{"rendered":"<p>            Par<br \/>\n        <strong><br \/>\n            <a href=\"https:\/\/actu.fr\/auteur\/redaction-grenoble\" title=\"Consulter tous les articles de R\u00e9daction Grenoble\" target=\"_blank\" rel=\"noopener\">R\u00e9daction Grenoble<\/a><br \/>\n        <\/strong><\/p>\n<p>        Publi\u00e9 le<\/p>\n<p>            16 sept. 2025 \u00e0 16h52        <\/p>\n<p>Un <strong>parfum (\u00e9ph\u00e9m\u00e8re) de fin d\u2019\u00e9t\u00e9<\/strong>\u00a0: voici ce que pr\u00e9voit M\u00e9t\u00e9o-France pour cette mi-septembre en <a href=\"https:\/\/actu.fr\/auvergne-rhone-alpes\/isere_38\" target=\"_blank\" rel=\"noopener\">Is\u00e8re<\/a>. Des cartes ensoleill\u00e9es sont annonc\u00e9es jusqu\u2019\u00e0 la fin de la semaine sur le territoire.<\/p>\n<p class=\" wall-content\">Concernant les temp\u00e9ratures, elles \u00ab\u00a0grimpent largement <strong>au-dessus des moyennes de saison<\/strong>\u00a0\u00bb \u00e0 partir de mercredi 17 septembre, pr\u00e9vient le service public de m\u00e9t\u00e9orologie. \u00ab\u00a0Un pic de chaleur remarquable, mais pas in\u00e9dit\u00a0\u00bb pour la saison.<\/p>\n<p>Grand soleil pour la journ\u00e9e du 18 septembre<\/p>\n<p class=\" wall-content\">Si le ciel devrait \u00eatre encore voil\u00e9e mercredi matin, le soleil va progressivement s\u2019imposer sur l\u2019ensemble de l\u2019Is\u00e8re. C\u00f4t\u00e9 mercure, les temp\u00e9ratures pourraient aller jusqu\u2019\u00e0 27\u00b0C localement, comme \u00e0 <a href=\"https:\/\/actu.fr\/auvergne-rhone-alpes\/grenoble_38185\" target=\"_blank\" rel=\"noopener\">Grenoble<\/a> ou \u00e0 Roussillon.<\/p>\n<p class=\" wall-content\">Jeudi, les conditions devraient \u00eatre optimales pour les citoyens appel\u00e9s \u00e0 manifester dans la capitale des Alpes pour une <a href=\"https:\/\/actu.fr\/auvergne-rhone-alpes\/grenoble_38185\/bloquons-tout-grenoble-voici-les-actions-prevues-avant-la-manifestation-du-18-septembre_63161523.html\" target=\"_blank\" rel=\"noopener\">grande journ\u00e9e de mobilisation intersyndicale<\/a>. Aucun nuage annonc\u00e9 dans le ciel par M\u00e9t\u00e9o-France, avec des temp\u00e9ratures qui doivent franchir les 20\u00b0C d\u00e8s le milieu de matin\u00e9e. La <strong>barre des 30\u00b0C<\/strong> pourrait \u00eatre d\u00e9pass\u00e9e l\u2019apr\u00e8s-midi.<\/p>\n<p class=\" wall-content\">Le m\u00eame jour, on pourra aller jusqu\u2019\u00e0 31\u00b0C \u00e0 <a href=\"https:\/\/actu.fr\/auvergne-rhone-alpes\/la-tour-du-pin_38509\" target=\"_blank\" rel=\"noopener\">La Tour-du-Pin<\/a>, 30\u00b0C \u00e0 Saint-Marcellin, ou encore 28\u00b0C \u00e0 La Mure. Une tendance qui semble se confirmer, au moins jusqu\u2019\u00e0 vendredi. Des <strong>\u00ab\u00a0chaleurs automnales\u00a0\u00bb<\/strong> qui ne devraient toutefois pas durer\u2026<\/p>\n<p>Une d\u00e9gradation ce week-end et en d\u00e9but de semaine prochaine<\/p>\n<p class=\" wall-content\">En effet, une \u00ab\u00a0d\u00e9gradation orageuse pourrait faire progressivement baisser les temp\u00e9ratures par l\u2019ouest au cours du week-end\u00a0\u00bb, continue M\u00e9t\u00e9o-France.<\/p>\n<p class=\" wall-content\">En Is\u00e8re, elle devrait arriver dimanche 21 septembre par la r\u00e9gion lyonnaise. La pluie pourrait tomber sur l\u2019ensemble du d\u00e9partement d\u2019ici \u00e0 la fin de journ\u00e9e. La baisse des temp\u00e9ratures est surtout attendue lundi 22 septembre, avec <strong>une chute de pr\u00e8s de 10\u00b0C<\/strong> par endroits.<\/p>\n<p class=\" wall-content\">Personnalisez votre actualit\u00e9 en ajoutant vos villes et m\u00e9dias en favori avec <a href=\"https:\/\/moncompte.actu.fr\" title=\"D\u00e9couvez Mon Actu\" rel=\"nofollow noopener\" data-trk=\"{&quot;cta&quot;:{&quot;action&quot;:&quot;https:\\\/\\\/moncompte.actu.fr&quot;,&quot;category&quot;:&quot;mon compte&quot;,&quot;from&quot;:&quot;article footer&quot;,&quot;name&quot;:&quot;Mon actu&quot;,&quot;type&quot;:&quot;cta&quot;}}\" target=\"_blank\">Mon Actu<\/a>.<\/p>\n","protected":false},"excerpt":{"rendered":"Par R\u00e9daction Grenoble Publi\u00e9 le 16 sept. 2025 \u00e0 16h52 Un parfum (\u00e9ph\u00e9m\u00e8re) de fin d\u2019\u00e9t\u00e9\u00a0: voici ce&hellip;\n","protected":false},"author":2,"featured_media":330842,"comment_status":"","ping_status":"","sticky":false,"template":"","format":"standard","meta":{"footnotes":""},"categories":[9566],"tags":[1111,11,2430,1777,674,1011,27,2731,2487,2357,12,25],"class_list":{"0":"post-395379","1":"post","2":"type-post","3":"status-publish","4":"format-standard","5":"has-post-thumbnail","7":"category-grenoble","8":"tag-actu","9":"tag-actualites","10":"tag-auvergne-rhone-alpes","11":"tag-eu","12":"tag-europe","13":"tag-fr","14":"tag-france","15":"tag-grenoble","16":"tag-meteo","17":"tag-meteo-france","18":"tag-news","19":"tag-republique-francaise"},"share_on_mastodon":{"url":"https:\/\/pubeurope.com\/@fr\/115214734085757385","error":""},"_links":{"self":[{"href":"https:\/\/www.europesays.com\/fr\/wp-json\/wp\/v2\/posts\/395379","targetHints":{"allow":["GET"]}}],"collection":[{"href":"https:\/\/www.europesays.com\/fr\/wp-json\/wp\/v2\/posts"}],"about":[{"href":"https:\/\/www.europesays.com\/fr\/wp-json\/wp\/v2\/types\/post"}],"author":[{"embeddable":true,"href":"https:\/\/www.europesays.com\/fr\/wp-json\/wp\/v2\/users\/2"}],"replies":[{"embeddable":true,"href":"https:\/\/www.europesays.com\/fr\/wp-json\/wp\/v2\/comments?post=395379"}],"version-history":[{"count":0,"href":"https:\/\/www.europesays.com\/fr\/wp-json\/wp\/v2\/posts\/395379\/revisions"}],"wp:featuredmedia":[{"embeddable":true,"href":"https:\/\/www.europesays.com\/fr\/wp-json\/wp\/v2\/media\/330842"}],"wp:attachment":[{"href":"https:\/\/www.europesays.com\/fr\/wp-json\/wp\/v2\/media?parent=395379"}],"wp:term":[{"taxonomy":"category","embeddable":true,"href":"https:\/\/www.europesays.com\/fr\/wp-json\/wp\/v2\/categories?post=395379"},{"taxonomy":"post_tag","embeddable":true,"href":"https:\/\/www.europesays.com\/fr\/wp-json\/wp\/v2\/tags?post=395379"}],"curies":[{"name":"wp","href":"https:\/\/api.w.org\/{rel}","templated":true}]}}