{"id":39538,"date":"2025-04-20T18:38:17","date_gmt":"2025-04-20T18:38:17","guid":{"rendered":"https:\/\/www.europesays.com\/fr\/39538\/"},"modified":"2025-04-20T18:38:17","modified_gmt":"2025-04-20T18:38:17","slug":"les-promesses-en-or-du-nageur-brestois-jules-loarer-lors-des-championnats-de-france-juniors-a-rennes","status":"publish","type":"post","link":"https:\/\/www.europesays.com\/fr\/39538\/","title":{"rendered":"Les promesses en or du nageur brestois Jules Loarer lors des championnats de France juniors \u00e0 Rennes"},"content":{"rendered":"<p>Championnats de France Juniors \u00e0 Rennes<\/p>\n<p>Sous la teinture blonde du jeune homme, il y a comme un m\u00e9lange de fiert\u00e9 et de surprise. Il faut dire que Jules Loarer n\u2019\u00e9tait pas attendu comme le favori, m\u00eame s\u2019il semblait dans un bon jour. Le matin, celui qui avait termin\u00e9 4e du 200 m dos des championnats de France en petit bassin, en d\u00e9cembre dernier, avait sign\u00e9 le meilleur temps des engag\u00e9s. Il savait toutefois que le Belge, Luca-Alexandru Pelle, lui \u00e9tait sup\u00e9rieur, et il s\u2019est accroch\u00e9 au rythme impos\u00e9 par son voisin dans le bassin de Br\u00e9quigny (Rennes) pour devenir le meilleur fran\u00e7ais de sa cat\u00e9gorie (15-16 ans). \u00ab\u00a0C\u2019est incroyable, car c\u2019est mon premier titre, alors que je n\u2019avais jamais fait une m\u00e9daille aux \u2018\u2019France\u2019\u2019 \u00bb, se r\u00e9jouissait-il, sous le regard complice de <a href=\"https:\/\/www.letelegramme.fr\/sports\/natation\/championnats-de-france-juniors-a-rennes-simon-meubry-offre-la-premiere-medaille-aux-bretons-les-resultats-de-ce-jeudi-6801060.php\" target=\"_blank\" rel=\"noopener\">Simon Meubry<\/a>, son a\u00een\u00e9 du CN Brest, qui a encore brill\u00e9 dimanche, avec une m\u00e9daille d\u2019argent sur 100 m nage libre (17-18 ans), apr\u00e8s avoir conquis l\u2019or en 50 m et \u00eatre d\u00e9j\u00e0 mont\u00e9 sur la 2e marche du podium en 50 m papillon. \u00ab\u00a0J\u2019ai simplement essay\u00e9 de m\u2019accrocher au Belge, reprenait Loarer, m\u00eame si mon temps (2\u201910\u2019\u201915) n\u2019est pas extraordinaire\u00a0\u00bb.<\/p>\n<p>Ascension express<\/p>\n<p>D\u00e9j\u00e0 4e du 100 m dos, jeudi, le Brestois de naissance a tout de m\u00eame sign\u00e9 son meilleur chrono. Il a aussi marqu\u00e9 les esprits, alors qu\u2019il n\u2019\u00e9tait que le 15e Fran\u00e7ais un an plus t\u00f4t. \u00ab\u00a0Il est dou\u00e9, a des qualit\u00e9s de force, mais c\u2019est la r\u00e9compense de beaucoup de travail, d\u00e9cryptait son entra\u00eeneur, Pablo Le Corre. Quand je l\u2019ai r\u00e9cup\u00e9r\u00e9, il \u00e9tait un peu \u2018\u2019crassou\u2019\u2019 techniquement, et puis il y a des facteurs sur lesquels je n\u2019ai aucune prise, comme le fait qu\u2019il a grandi\u00a0\u00bb. De quoi devenir ambitieux. Apr\u00e8s avoir go\u00fbt\u00e9 aux d\u00e9lices de l\u2019or, Jules Loarer n\u2019a d\u2019ailleurs qu\u2019une h\u00e2te\u00a0: \u00ab\u00a0Je veux revivre \u00e7a un jour.\u00a0\u00bb<\/p>\n","protected":false},"excerpt":{"rendered":"Championnats de France Juniors \u00e0 Rennes Sous la teinture blonde du jeune homme, il y a comme un&hellip;\n","protected":false},"author":2,"featured_media":39539,"comment_status":"","ping_status":"","sticky":false,"template":"","format":"standard","meta":{"footnotes":""},"categories":[2821],"tags":[1111,11,3450,829,1777,674,1011,27,5216,12,584,25,60],"class_list":{"0":"post-39538","1":"post","2":"type-post","3":"status-publish","4":"format-standard","5":"has-post-thumbnail","7":"category-rennes","8":"tag-actu","9":"tag-actualites","10":"tag-brest","11":"tag-bretagne","12":"tag-eu","13":"tag-europe","14":"tag-fr","15":"tag-france","16":"tag-natation","17":"tag-news","18":"tag-rennes","19":"tag-republique-francaise","20":"tag-sports"},"share_on_mastodon":{"url":"https:\/\/pubeurope.com\/@fr\/114371749708554633","error":""},"_links":{"self":[{"href":"https:\/\/www.europesays.com\/fr\/wp-json\/wp\/v2\/posts\/39538","targetHints":{"allow":["GET"]}}],"collection":[{"href":"https:\/\/www.europesays.com\/fr\/wp-json\/wp\/v2\/posts"}],"about":[{"href":"https:\/\/www.europesays.com\/fr\/wp-json\/wp\/v2\/types\/post"}],"author":[{"embeddable":true,"href":"https:\/\/www.europesays.com\/fr\/wp-json\/wp\/v2\/users\/2"}],"replies":[{"embeddable":true,"href":"https:\/\/www.europesays.com\/fr\/wp-json\/wp\/v2\/comments?post=39538"}],"version-history":[{"count":0,"href":"https:\/\/www.europesays.com\/fr\/wp-json\/wp\/v2\/posts\/39538\/revisions"}],"wp:featuredmedia":[{"embeddable":true,"href":"https:\/\/www.europesays.com\/fr\/wp-json\/wp\/v2\/media\/39539"}],"wp:attachment":[{"href":"https:\/\/www.europesays.com\/fr\/wp-json\/wp\/v2\/media?parent=39538"}],"wp:term":[{"taxonomy":"category","embeddable":true,"href":"https:\/\/www.europesays.com\/fr\/wp-json\/wp\/v2\/categories?post=39538"},{"taxonomy":"post_tag","embeddable":true,"href":"https:\/\/www.europesays.com\/fr\/wp-json\/wp\/v2\/tags?post=39538"}],"curies":[{"name":"wp","href":"https:\/\/api.w.org\/{rel}","templated":true}]}}