{"id":395382,"date":"2025-09-16T15:42:10","date_gmt":"2025-09-16T15:42:10","guid":{"rendered":"https:\/\/www.europesays.com\/fr\/395382\/"},"modified":"2025-09-16T15:42:10","modified_gmt":"2025-09-16T15:42:10","slug":"un-tiers-des-dirigeants-ont-plus-de-55-ans-en-ille-et-vilaine-les-entreprises-face-au-mur-de-la-transmission","status":"publish","type":"post","link":"https:\/\/www.europesays.com\/fr\/395382\/","title":{"rendered":"\u00ab\u00a0Un tiers des dirigeants ont plus de 55 ans\u00a0\u00bb\u00a0: en Ille-et-Vilaine, les entreprises face au \u00ab\u00a0mur\u00a0\u00bb de la transmission"},"content":{"rendered":"<p>\u00ab C\u2019est un mur qui arrive dans les ann\u00e9es \u00e0 venir \u00bb, pr\u00e9vient Jean-Philippe Crocq, le pr\u00e9sident de la Chambre de commerce et d\u2019industrie (CCI) d\u2019Ille-et-Vilaine. L\u2019objet de son inqui\u00e9tude : le vieillissement des dirigeants d\u2019entreprise bretilliens, dont \u00ab un tiers ont aujourd\u2019hui plus de 55 ans \u00bb. Un chiffre conforme \u00e0 la moyenne nationale, qui sous-entend qu\u2019\u00e0 moyen terme, ils seront nombreux \u00e0 partir en retraite et \u00e0 chercher \u00e0 transmettre leur entreprise pour que l\u2019histoire se poursuivre. Et \u00e9viter que leur soci\u00e9t\u00e9, ses emplois et son savoir-faire disparaissent. \u00ab On parle souvent de petites entreprises, familiales, qui font la richesse et la diversit\u00e9 des territoires. Pour les plus grandes structures, c\u2019est diff\u00e9rent. On est plut\u00f4t dans une logique de rachat et donc d\u2019int\u00e9gration dans une autre entreprise. \u00bb<\/p>\n<p>N\u00e9cessaire, la transmission d\u2019entreprise n\u2019est pourtant pas \u00e9vidente. \u00ab Il y a des secteurs d\u2019activit\u00e9 sur lesquels \u00e7a peut devenir complexe, estime Jean-Philippe Crocq. Si on est dans une p\u00e9riode o\u00f9, au niveau bancaire ou de l\u2019ambiance g\u00e9n\u00e9rale, c\u2019est un peu compliqu\u00e9, on ne trouve pas toujours les repreneurs en face. \u00bb Autant dire que la p\u00e9riode actuelle d\u2019incertitude politique et fiscale n\u2019aide pas, d\u2019autant que selon une note de conjoncture de la CCI, 46 % des entreprises d\u00e9clarent une baisse de leur chiffre d\u2019affaires au premier semestre 2025.<\/p>\n<p>\u00ab C\u2019est toujours une rencontre \u00bb<\/p>\n<p>Pour booster la transmission, la Chambre de commerce d\u2019Ille-et-Vilaine a fait de ce sujet une priorit\u00e9 \u00ab renforc\u00e9e \u00bb, avec une offre de services d\u00e9di\u00e9s. Elle va aussi organiser des conf\u00e9rences et ateliers du 13 octobre au 12 d\u00e9cembre dans le cadre de l\u2019op\u00e9ration nationale \u00ab le mois des transmissions \u00bb. De transmission et de reprise d\u2019entreprises, il est en sera aussi question lors du salon annuel Entreprendre dans l\u2019Ouest, les 13 et 14 octobre prochains \u00e0 Rennes.<\/p>\n<p>Ces moments sont cl\u00e9s pour permettre aux c\u00e9dants et aux repreneurs de se rencontrer. \u00ab C\u2019est toujours une rencontre entre quelqu\u2019un qui c\u00e8de, mais qui, \u00e0 ce moment-l\u00e0, n\u2019est pas forc\u00e9ment c\u00e9dant ou qui ne veut pas forc\u00e9ment que \u00e7a se sache, et quelqu\u2019un qui ach\u00e8te et qui n\u2019est pas forc\u00e9ment acheteur ou qui ne veut pas forc\u00e9ment que \u00e7a se sache \u00bb, explique Jean-Philippe Crocq. Qui note par ailleurs un nombre croissant de chefs d\u2019entreprise n\u2019attendant pas la cinquantaine pour se lancer dans une d\u00e9marche de transmission. \u00ab Comme on n\u2019est plus salari\u00e9 dans la m\u00eame entreprise toute sa vie, certains entreprennent et revendent au bout de cinq-six ans. La fa\u00e7on d\u2019entreprendre a \u00e9volu\u00e9 avec le temps \u00bb.<\/p>\n","protected":false},"excerpt":{"rendered":"\u00ab C\u2019est un mur qui arrive dans les ann\u00e9es \u00e0 venir \u00bb, pr\u00e9vient Jean-Philippe Crocq, le pr\u00e9sident de&hellip;\n","protected":false},"author":2,"featured_media":395383,"comment_status":"","ping_status":"","sticky":false,"template":"","format":"standard","meta":{"footnotes":""},"categories":[2821],"tags":[1111,11,829,33,257,1777,674,1011,27,848,12,584,25],"class_list":{"0":"post-395382","1":"post","2":"type-post","3":"status-publish","4":"format-standard","5":"has-post-thumbnail","7":"category-rennes","8":"tag-actu","9":"tag-actualites","10":"tag-bretagne","11":"tag-economie","12":"tag-entreprise","13":"tag-eu","14":"tag-europe","15":"tag-fr","16":"tag-france","17":"tag-ille-et-vilaine","18":"tag-news","19":"tag-rennes","20":"tag-republique-francaise"},"share_on_mastodon":{"url":"https:\/\/pubeurope.com\/@fr\/115214741878990131","error":""},"_links":{"self":[{"href":"https:\/\/www.europesays.com\/fr\/wp-json\/wp\/v2\/posts\/395382","targetHints":{"allow":["GET"]}}],"collection":[{"href":"https:\/\/www.europesays.com\/fr\/wp-json\/wp\/v2\/posts"}],"about":[{"href":"https:\/\/www.europesays.com\/fr\/wp-json\/wp\/v2\/types\/post"}],"author":[{"embeddable":true,"href":"https:\/\/www.europesays.com\/fr\/wp-json\/wp\/v2\/users\/2"}],"replies":[{"embeddable":true,"href":"https:\/\/www.europesays.com\/fr\/wp-json\/wp\/v2\/comments?post=395382"}],"version-history":[{"count":0,"href":"https:\/\/www.europesays.com\/fr\/wp-json\/wp\/v2\/posts\/395382\/revisions"}],"wp:featuredmedia":[{"embeddable":true,"href":"https:\/\/www.europesays.com\/fr\/wp-json\/wp\/v2\/media\/395383"}],"wp:attachment":[{"href":"https:\/\/www.europesays.com\/fr\/wp-json\/wp\/v2\/media?parent=395382"}],"wp:term":[{"taxonomy":"category","embeddable":true,"href":"https:\/\/www.europesays.com\/fr\/wp-json\/wp\/v2\/categories?post=395382"},{"taxonomy":"post_tag","embeddable":true,"href":"https:\/\/www.europesays.com\/fr\/wp-json\/wp\/v2\/tags?post=395382"}],"curies":[{"name":"wp","href":"https:\/\/api.w.org\/{rel}","templated":true}]}}