{"id":395388,"date":"2025-09-16T15:45:12","date_gmt":"2025-09-16T15:45:12","guid":{"rendered":"https:\/\/www.europesays.com\/fr\/395388\/"},"modified":"2025-09-16T15:45:12","modified_gmt":"2025-09-16T15:45:12","slug":"strasbourg-metz-nancy-colmar-les-prix-de-limmobilier-dans-le-grand-est-a-la-rentree-2025","status":"publish","type":"post","link":"https:\/\/www.europesays.com\/fr\/395388\/","title":{"rendered":"Strasbourg, Metz, Nancy, Colmar\u2026 Les prix de l\u2019immobilier dans le Grand Est \u00e0 la rentr\u00e9e 2025"},"content":{"rendered":"<p class=\"latino-900b\">\n                  Bordeaux, Angoul\u00eame, Arcachon, Biarritz\u2026 Les tendances de l\u2019immobilier en Nouvelle-Aquitaine \u00e0 la rentr\u00e9e 2025                <\/p>\n<p class=\"d-none d-lg-block latino-300m text-grey-600 mt-16 pe-80\">\n                  Au cours du mois de septembre, ce dossier sera enrichi de nos articles pour tout savoir sur les tendances du march\u00e9 immobilier 2025, l\u2019\u00e9volution des prix et la cote des quartiers, pour acheter, louer ou vendre \u00e0 Bordeaux, Angoul\u00eame, Poitiers, La Rochelle, Limoges, Montlu\u00e7on\u2026                <\/p>\n","protected":false},"excerpt":{"rendered":"Bordeaux, Angoul\u00eame, Arcachon, Biarritz\u2026 Les tendances de l\u2019immobilier en Nouvelle-Aquitaine \u00e0 la rentr\u00e9e 2025 Au cours du mois&hellip;\n","protected":false},"author":2,"featured_media":395389,"comment_status":"","ping_status":"","sticky":false,"template":"","format":"standard","meta":{"footnotes":""},"categories":[2820],"tags":[17,1111,11,5065,1777,674,1011,27,2515,775,1116,6212,1702,12,2141,28313,25,640],"class_list":{"0":"post-395388","1":"post","2":"type-post","3":"status-publish","4":"format-standard","5":"has-post-thumbnail","7":"category-strasbourg","8":"tag-17","9":"tag-actu","10":"tag-actualites","11":"tag-colmar","12":"tag-eu","13":"tag-europe","14":"tag-fr","15":"tag-france","16":"tag-grand","17":"tag-grand-est","18":"tag-immobilier","19":"tag-metz","20":"tag-nancy","21":"tag-news","22":"tag-prix","23":"tag-rentree","24":"tag-republique-francaise","25":"tag-strasbourg"},"share_on_mastodon":{"url":"https:\/\/pubeurope.com\/@fr\/115214753733916773","error":""},"_links":{"self":[{"href":"https:\/\/www.europesays.com\/fr\/wp-json\/wp\/v2\/posts\/395388","targetHints":{"allow":["GET"]}}],"collection":[{"href":"https:\/\/www.europesays.com\/fr\/wp-json\/wp\/v2\/posts"}],"about":[{"href":"https:\/\/www.europesays.com\/fr\/wp-json\/wp\/v2\/types\/post"}],"author":[{"embeddable":true,"href":"https:\/\/www.europesays.com\/fr\/wp-json\/wp\/v2\/users\/2"}],"replies":[{"embeddable":true,"href":"https:\/\/www.europesays.com\/fr\/wp-json\/wp\/v2\/comments?post=395388"}],"version-history":[{"count":0,"href":"https:\/\/www.europesays.com\/fr\/wp-json\/wp\/v2\/posts\/395388\/revisions"}],"wp:featuredmedia":[{"embeddable":true,"href":"https:\/\/www.europesays.com\/fr\/wp-json\/wp\/v2\/media\/395389"}],"wp:attachment":[{"href":"https:\/\/www.europesays.com\/fr\/wp-json\/wp\/v2\/media?parent=395388"}],"wp:term":[{"taxonomy":"category","embeddable":true,"href":"https:\/\/www.europesays.com\/fr\/wp-json\/wp\/v2\/categories?post=395388"},{"taxonomy":"post_tag","embeddable":true,"href":"https:\/\/www.europesays.com\/fr\/wp-json\/wp\/v2\/tags?post=395388"}],"curies":[{"name":"wp","href":"https:\/\/api.w.org\/{rel}","templated":true}]}}