{"id":395392,"date":"2025-09-16T15:47:11","date_gmt":"2025-09-16T15:47:11","guid":{"rendered":"https:\/\/www.europesays.com\/fr\/395392\/"},"modified":"2025-09-16T15:47:11","modified_gmt":"2025-09-16T15:47:11","slug":"nice-dans-les-alpes-maritimes-7-unites-de-gendarmerie-recoivent-leur-fanion-lors-dune-ceremonie-solennelle","status":"publish","type":"post","link":"https:\/\/www.europesays.com\/fr\/395392\/","title":{"rendered":"NICE : Dans les Alpes-Maritimes, 7 unit\u00e9s de gendarmerie re\u00e7oivent leur fanion lors d\u2019une c\u00e9r\u00e9monie solennelle"},"content":{"rendered":"<p style=\"text-align: left;\"><strong>Ce mardi 9 septembre 2025, \u00e0 Nice, sept unit\u00e9s du Groupement de gendarmerie d\u00e9partementale des Alpes-Maritimes se vont vu remettre leur fanion, \u00e0 l\u2019occasion d\u2019une c\u00e9r\u00e9monie solennelle.<\/strong><\/p>\n<p style=\"text-align: left;\">Ce mardi 9 septembre 2025, une c\u00e9r\u00e9monie militaire in\u00e9dite s\u2019est tenue sur la place d\u2019armes de la caserne Ausseur de Nice, sous la pr\u00e9sidence du colonel Beno\u00eet Taponat, commandant le Groupement de gendarmerie d\u00e9partementale (GGD) des Alpes-Maritimes (06) et en pr\u00e9sence de Monsieur Laurent Hottiaux, pr\u00e9fet des Alpes-Maritimes. Pour la premi\u00e8re fois, les Compagnies de gendarmerie d\u00e9partementale (CGD) de Cannes, Grasse, Menton, Nice, Puget-Th\u00e9niers, ainsi que l\u2019Escadron d\u00e9partemental de s\u00e9curit\u00e9 routi\u00e8re (EDSR) et le Peloton de gendarmerie de haute montagne (PGHM) de Saint-Sauveur-sur-Tin\u00e9e ont re\u00e7u leur fanion de commandement.<\/p>\n<p style=\"text-align: left;\">Symbole d\u2019identit\u00e9, de coh\u00e9sion et d\u2019engagement, ce fanion incarne \u00e9galement le lien entre gendarmes, \u00e9lus, autorit\u00e9s et population. \u00c0 travers cet \u00e9v\u00e9nement, le Groupement r\u00e9affirme son attachement au territoire, ainsi qu\u2019\u00e0 sa mission de protection des habitants.<\/p>\n<p style=\"text-align: left;\">Lors de cette prise d\u2019armes, des lettres de f\u00e9licitations ainsi que des d\u00e9corations ont \u00e9galement \u00e9t\u00e9 remises aux militaires qui se sont illustr\u00e9s r\u00e9cemment dans l\u2019exercice de leurs fonctions. Le capitaine G\u00e9rald a ainsi re\u00e7u la m\u00e9daille de l\u2019Ordre national du M\u00e9rite, l\u2019adjudant Romain celle de la D\u00e9fense nationale or avec \u00e9toile de bronze, et l\u2019adjudant L\u00e9o la m\u00e9daille des affaires \u00e9trang\u00e8res grade or.<\/p>\n<p><strong>Photo Gendarmerie nationale.<\/strong><\/p>\n","protected":false},"excerpt":{"rendered":"Ce mardi 9 septembre 2025, \u00e0 Nice, sept unit\u00e9s du Groupement de gendarmerie d\u00e9partementale des Alpes-Maritimes se vont&hellip;\n","protected":false},"author":2,"featured_media":395393,"comment_status":"","ping_status":"","sticky":false,"template":"","format":"standard","meta":{"footnotes":""},"categories":[2819],"tags":[1111,11,1777,674,1011,27,12,2401,882,25],"class_list":{"0":"post-395392","1":"post","2":"type-post","3":"status-publish","4":"format-standard","5":"has-post-thumbnail","7":"category-nice","8":"tag-actu","9":"tag-actualites","10":"tag-eu","11":"tag-europe","12":"tag-fr","13":"tag-france","14":"tag-news","15":"tag-nice","16":"tag-provence-alpes-cote-dazur","17":"tag-republique-francaise"},"share_on_mastodon":{"url":"https:\/\/pubeurope.com\/@fr\/115214761905673472","error":""},"_links":{"self":[{"href":"https:\/\/www.europesays.com\/fr\/wp-json\/wp\/v2\/posts\/395392","targetHints":{"allow":["GET"]}}],"collection":[{"href":"https:\/\/www.europesays.com\/fr\/wp-json\/wp\/v2\/posts"}],"about":[{"href":"https:\/\/www.europesays.com\/fr\/wp-json\/wp\/v2\/types\/post"}],"author":[{"embeddable":true,"href":"https:\/\/www.europesays.com\/fr\/wp-json\/wp\/v2\/users\/2"}],"replies":[{"embeddable":true,"href":"https:\/\/www.europesays.com\/fr\/wp-json\/wp\/v2\/comments?post=395392"}],"version-history":[{"count":0,"href":"https:\/\/www.europesays.com\/fr\/wp-json\/wp\/v2\/posts\/395392\/revisions"}],"wp:featuredmedia":[{"embeddable":true,"href":"https:\/\/www.europesays.com\/fr\/wp-json\/wp\/v2\/media\/395393"}],"wp:attachment":[{"href":"https:\/\/www.europesays.com\/fr\/wp-json\/wp\/v2\/media?parent=395392"}],"wp:term":[{"taxonomy":"category","embeddable":true,"href":"https:\/\/www.europesays.com\/fr\/wp-json\/wp\/v2\/categories?post=395392"},{"taxonomy":"post_tag","embeddable":true,"href":"https:\/\/www.europesays.com\/fr\/wp-json\/wp\/v2\/tags?post=395392"}],"curies":[{"name":"wp","href":"https:\/\/api.w.org\/{rel}","templated":true}]}}