{"id":395396,"date":"2025-09-16T15:49:10","date_gmt":"2025-09-16T15:49:10","guid":{"rendered":"https:\/\/www.europesays.com\/fr\/395396\/"},"modified":"2025-09-16T15:49:10","modified_gmt":"2025-09-16T15:49:10","slug":"la-quinzaine-photographique-nantaise-en-cinq-cliches","status":"publish","type":"post","link":"https:\/\/www.europesays.com\/fr\/395396\/","title":{"rendered":"La Quinzaine photographique nantaise en cinq clich\u00e9s"},"content":{"rendered":"<p>\u00ab\u00a0Dans les ann\u00e9es 60, l\u2019\u00c9tat fran\u00e7ais commande, par l\u2019interm\u00e9diaire de l\u2019\u00c9tablissement de communication et de production audiovisuelle de la d\u00e9fense (ECPAD), des reportages \u00e0 des photographes pour documenter l\u2019enfance. \u00c0 l\u2019\u00e9poque, la France est en plein boom \u00e9conomique, ce sont les fameuses Trente Glorieuses, la guerre est pass\u00e9e et l\u2019espoir d\u2019une vie meilleure se ressent partout, y compris dans l\u2019architecture.<\/p>\n<p>\u00a0<\/p>\n<p>C\u2019est dans ce contexte que les photographes Jean Suquet et Pierre Allard arrivent \u00e0 la Maison radieuse de Rez\u00e9, imagin\u00e9e quelques ann\u00e9es plus t\u00f4t par Le Corbusier. Sur la photo <a href=\"https:\/\/www.ecpad.fr\/nos-realisations\/lenfance-radieuse-1961-photographies-dune-unite-dhabitation\/\" rel=\"nofollow noopener\" target=\"_blank\">tir\u00e9e de la s\u00e9rie \u00ab\u00a0Enfance radieuse\u00a0\u00bb<\/a>, on d\u00e9couvre des enfants en train de courir sur le toit-terrasse de l\u2019immeuble, toujours occup\u00e9 par une \u00e9cole maternelle. C\u2019est une image \u00e0 la fois documentaire et humaniste, \u00e0 la fa\u00e7on d\u2019un Robert Doisneau, mais aussi tr\u00e8s myst\u00e9rieuse. On est ancr\u00e9 dans la r\u00e9alit\u00e9 (le logement HLM, l\u2019\u00e9cole\u2026) et en m\u00eame temps, il y a un c\u00f4t\u00e9 po\u00e9tique dans cette photo, comme une all\u00e9gorie de la libert\u00e9.\u00a0\u00bb<\/p>\n<p>\u00a0<\/p>\n<p><strong>&gt; La QPN pr\u00e9sente 600 clich\u00e9s des archives in\u00e9dites de l\u2019ECPAD \u00e0 l\u2019Atelier, 1 rue de Chateaubriand.\u00a0<\/strong><\/p>\n","protected":false},"excerpt":{"rendered":"\u00ab\u00a0Dans les ann\u00e9es 60, l\u2019\u00c9tat fran\u00e7ais commande, par l\u2019interm\u00e9diaire de l\u2019\u00c9tablissement de communication et de production audiovisuelle de&hellip;\n","protected":false},"author":2,"featured_media":395397,"comment_status":"","ping_status":"","sticky":false,"template":"","format":"standard","meta":{"footnotes":""},"categories":[2818],"tags":[1111,11,1777,674,1011,27,766,12,2636,25],"class_list":{"0":"post-395396","1":"post","2":"type-post","3":"status-publish","4":"format-standard","5":"has-post-thumbnail","7":"category-nantes","8":"tag-actu","9":"tag-actualites","10":"tag-eu","11":"tag-europe","12":"tag-fr","13":"tag-france","14":"tag-nantes","15":"tag-news","16":"tag-pays-de-la-loire","17":"tag-republique-francaise"},"share_on_mastodon":{"url":"https:\/\/pubeurope.com\/@fr\/115214769439692675","error":""},"_links":{"self":[{"href":"https:\/\/www.europesays.com\/fr\/wp-json\/wp\/v2\/posts\/395396","targetHints":{"allow":["GET"]}}],"collection":[{"href":"https:\/\/www.europesays.com\/fr\/wp-json\/wp\/v2\/posts"}],"about":[{"href":"https:\/\/www.europesays.com\/fr\/wp-json\/wp\/v2\/types\/post"}],"author":[{"embeddable":true,"href":"https:\/\/www.europesays.com\/fr\/wp-json\/wp\/v2\/users\/2"}],"replies":[{"embeddable":true,"href":"https:\/\/www.europesays.com\/fr\/wp-json\/wp\/v2\/comments?post=395396"}],"version-history":[{"count":0,"href":"https:\/\/www.europesays.com\/fr\/wp-json\/wp\/v2\/posts\/395396\/revisions"}],"wp:featuredmedia":[{"embeddable":true,"href":"https:\/\/www.europesays.com\/fr\/wp-json\/wp\/v2\/media\/395397"}],"wp:attachment":[{"href":"https:\/\/www.europesays.com\/fr\/wp-json\/wp\/v2\/media?parent=395396"}],"wp:term":[{"taxonomy":"category","embeddable":true,"href":"https:\/\/www.europesays.com\/fr\/wp-json\/wp\/v2\/categories?post=395396"},{"taxonomy":"post_tag","embeddable":true,"href":"https:\/\/www.europesays.com\/fr\/wp-json\/wp\/v2\/tags?post=395396"}],"curies":[{"name":"wp","href":"https:\/\/api.w.org\/{rel}","templated":true}]}}