{"id":395398,"date":"2025-09-16T15:50:10","date_gmt":"2025-09-16T15:50:10","guid":{"rendered":"https:\/\/www.europesays.com\/fr\/395398\/"},"modified":"2025-09-16T15:50:10","modified_gmt":"2025-09-16T15:50:10","slug":"pourquoi-nest-il-pas-autorise-partout","status":"publish","type":"post","link":"https:\/\/www.europesays.com\/fr\/395398\/","title":{"rendered":"pourquoi n\u2019est-il pas autoris\u00e9 partout\u00a0?"},"content":{"rendered":"<p>Une femme sur deux qui travaille a d\u00e9j\u00e0 \u00e9t\u00e9 contrainte de s\u2019absenter pour des troubles gyn\u00e9cologiques. R\u00e8gles douloureuses, endom\u00e9triose, troubles li\u00e9s \u00e0 la m\u00e9nopause, autant de maux qui concernent les femmes tout au long de leur vie. En r\u00e9ponse, plusieurs collectivit\u00e9s locales ont souhait\u00e9 mettre en place des dispositifs sp\u00e9cifiques d\u2019accompagnement.<\/p>\n<p>C\u2019est notamment le cas de la Ville de B\u00e8gles en Gironde.<a href=\"https:\/\/www.sudouest.fr\/videos-tv7\/sante-au-travail-begles-experimente-le-conge-menstruel-23986419.php\" target=\"_blank\" rel=\"follow nofollow noopener\"> En avril, le Conseil municipal a adopt\u00e9 une mesure qui permet aux agentes de b\u00e9n\u00e9ficier d\u2019am\u00e9nagements de poste,<\/a> de r\u00e9duction de leur temps de travail et d\u2019une autorisation d\u2019absence exceptionnelle de trois jours, en cas de besoin. \u00ab\u00a0Il s\u2019agit d\u2019une exp\u00e9rimentation d\u2019un an que nous avons souhait\u00e9 mettre en place, pr\u00e9cise le maire Cl\u00e9ment Rossignol-Puech. Elle a \u00e9t\u00e9 vot\u00e9e \u00e0 la majorit\u00e9 mais quelques jours plus tard, nous avons re\u00e7u un courrier de la pr\u00e9fecture nous disant que nous n\u2019\u00e9tions pas autoris\u00e9s \u00e0 ouvrir de nouveaux droits aux agents de la fonction publique territoriale.\u00a0\u00bb<\/p>\n<p>Retard<\/p>\n<p>D\u2019autres municipalit\u00e9s comme Lyon, Grenoble ou Saint-Ouen exp\u00e9rimentent pourtant d\u00e9j\u00e0 des dispositifs visant \u00e0 corriger les in\u00e9galit\u00e9s entre les femmes et les hommes en tenant compte des r\u00e9alit\u00e9s physiologiques. <a href=\"https:\/\/www.sudouest.fr\/societe\/aurore-berge-souhaite-avancer-sur-le-conge-menstruel-mais-s-inquiete-de-possibles-discriminations-23330815.php\" target=\"_blank\" rel=\"follow nofollow noopener\">Mais, pour cela, les villes doivent formuler une demande sp\u00e9ciale d\u2019exp\u00e9rimentation<\/a> aupr\u00e8s de la Pr\u00e9fecture en remplissant un document sp\u00e9cifique. \u00ab\u00a0C\u2019est incompr\u00e9hensible, peste le maire de B\u00e8gles. La soci\u00e9t\u00e9 fran\u00e7aise est pr\u00eate, mais la loi est en retard. Nous avons pr\u00e9par\u00e9 le dossier pour la demande d\u2019exp\u00e9rimentation en esp\u00e9rant pouvoir la mettre en place avant la fin de l\u2019ann\u00e9e.\u00a0\u00bb<\/p>\n<blockquote><p>\u00ab\u00a0La soci\u00e9t\u00e9 fran\u00e7aise est pr\u00eate, mais la loi est en retard\u00a0\u00bb<\/p><\/blockquote>\n<p>Deux propositions de loi visant \u00e0 prendre en compte les souffrances gyn\u00e9cologiques ont pourtant \u00e9t\u00e9 d\u00e9pos\u00e9es en 2024, port\u00e9es par des d\u00e9put\u00e9s de gauche dont S\u00e9bastien Peytavie, le d\u00e9put\u00e9 G\u00e9n\u00e9ration-s de Dordogne. \u00ab\u00a0Elles ont \u00e9t\u00e9 rejet\u00e9es, explique-t-il, au motif qu\u2019on cr\u00e9ait un nouveau droit et que cela risquait de cr\u00e9er un pr\u00e9c\u00e9dent. Pourquoi pas les migraineux ensuite\u00a0?\u00a0\u00bb<\/p>\n<p>Inspir\u00e9 du Covid<\/p>\n<p>Un rapport du S\u00e9nat sur la sant\u00e9 gyn\u00e9cologique au travail rappelle pourtant que 80\u00a0% des femmes souffrent de douleurs menstruelles et que l\u2019endom\u00e9triose concerne une femme sur 10. \u00ab\u00a0C\u2019est un angle mort du droit fran\u00e7ais, appuie Cl\u00e9ment Rossignol-Puech. Des pays comme l\u2019Espagne, l\u2019Indon\u00e9sie, le Japon ou le Portugal ont inscrit le droit \u00e0 un cong\u00e9 menstruel dans leur l\u00e9gislation.\u00a0\u00bb<\/p>\n<p>En France, le projet de loi, d\u00e9pos\u00e9 notamment par S\u00e9bastien Peytavie, pr\u00e9voit un jour d\u2019arr\u00eat maladie sans perte financi\u00e8re. \u00ab\u00a0On s\u2019est inspir\u00e9 de ce qui existait pendant le Covid, pr\u00e9cise le d\u00e9put\u00e9 G\u00e9n\u00e9ration.s. Un test positif permettait de d\u00e9clencher un arr\u00eat maladie sans aller voir un m\u00e9decin. Pour le cong\u00e9 gyn\u00e9cologique, le m\u00e9decin pourrait signer une autorisation d\u2019absence pour 13 jours dans l\u2019ann\u00e9e, ce qui correspond aux 13 cycles menstruels. Ensuite, chaque femme pourrait g\u00e9n\u00e9rer un arr\u00eat directement.\u00a0\u00bb Un calendrier pour une nouvelle mise \u00e0 l\u2019agenda du texte \u00e9tait attendu \u00e0 l\u2019issue d\u2019une r\u00e9union avec les ministres de la Sant\u00e9 et du Travail durant l\u2019\u00e9t\u00e9, mais il n\u2019a pas encore \u00e9t\u00e9 publi\u00e9.<\/p>\n","protected":false},"excerpt":{"rendered":"Une femme sur deux qui travaille a d\u00e9j\u00e0 \u00e9t\u00e9 contrainte de s\u2019absenter pour des troubles gyn\u00e9cologiques. R\u00e8gles douloureuses,&hellip;\n","protected":false},"author":2,"featured_media":395399,"comment_status":"","ping_status":"","sticky":false,"template":"","format":"standard","meta":{"footnotes":""},"categories":[2817],"tags":[1111,11,1997,1777,674,1011,27,12,2219,25],"class_list":{"0":"post-395398","1":"post","2":"type-post","3":"status-publish","4":"format-standard","5":"has-post-thumbnail","7":"category-bordeaux","8":"tag-actu","9":"tag-actualites","10":"tag-bordeaux","11":"tag-eu","12":"tag-europe","13":"tag-fr","14":"tag-france","15":"tag-news","16":"tag-nouvelle-aquitaine","17":"tag-republique-francaise"},"share_on_mastodon":{"url":"https:\/\/pubeurope.com\/@fr\/115214773348664304","error":""},"_links":{"self":[{"href":"https:\/\/www.europesays.com\/fr\/wp-json\/wp\/v2\/posts\/395398","targetHints":{"allow":["GET"]}}],"collection":[{"href":"https:\/\/www.europesays.com\/fr\/wp-json\/wp\/v2\/posts"}],"about":[{"href":"https:\/\/www.europesays.com\/fr\/wp-json\/wp\/v2\/types\/post"}],"author":[{"embeddable":true,"href":"https:\/\/www.europesays.com\/fr\/wp-json\/wp\/v2\/users\/2"}],"replies":[{"embeddable":true,"href":"https:\/\/www.europesays.com\/fr\/wp-json\/wp\/v2\/comments?post=395398"}],"version-history":[{"count":0,"href":"https:\/\/www.europesays.com\/fr\/wp-json\/wp\/v2\/posts\/395398\/revisions"}],"wp:featuredmedia":[{"embeddable":true,"href":"https:\/\/www.europesays.com\/fr\/wp-json\/wp\/v2\/media\/395399"}],"wp:attachment":[{"href":"https:\/\/www.europesays.com\/fr\/wp-json\/wp\/v2\/media?parent=395398"}],"wp:term":[{"taxonomy":"category","embeddable":true,"href":"https:\/\/www.europesays.com\/fr\/wp-json\/wp\/v2\/categories?post=395398"},{"taxonomy":"post_tag","embeddable":true,"href":"https:\/\/www.europesays.com\/fr\/wp-json\/wp\/v2\/tags?post=395398"}],"curies":[{"name":"wp","href":"https:\/\/api.w.org\/{rel}","templated":true}]}}