{"id":395402,"date":"2025-09-16T15:52:10","date_gmt":"2025-09-16T15:52:10","guid":{"rendered":"https:\/\/www.europesays.com\/fr\/395402\/"},"modified":"2025-09-16T15:52:10","modified_gmt":"2025-09-16T15:52:10","slug":"on-ne-demande-pas-la-charite-mais-les-moyens-de-continuer-a-servir-linteret-general-pour-ne-pas-disparaitre-le-theatre-du-grand-rond-annonce-une-saison-explosive","status":"publish","type":"post","link":"https:\/\/www.europesays.com\/fr\/395402\/","title":{"rendered":"\u00ab\u00a0On ne demande pas la charit\u00e9 mais les moyens de continuer \u00e0 servir l\u2019int\u00e9r\u00eat g\u00e9n\u00e9ral\u00a0\u00bb\u00a0: pour ne pas dispara\u00eetre, le th\u00e9\u00e2tre du Grand Rond annonce une saison explosive"},"content":{"rendered":"<p>\n                                                                    l&rsquo;essentiel<br \/>\n                                                                \u00c0 l\u2019image de son festival Tapages, le th\u00e9\u00e2tre du Grand Rond esp\u00e8re se faire entendre et pouvoir continuer \u00e0 d\u00e9fendre la culture pour tous \u00e0 Toulouse au cours d\u2019une saison compliqu\u00e9e mais festive.\n                            <\/p>\n<p>C\u2019est la saison de tous les dangers mais aussi de tous les espoirs pour le <a href=\"http:\/\/www.grand-rond.org\/\" target=\"_blank\" rel=\"nofollow noopener\">th\u00e9\u00e2tre du Grand Rond<\/a>. Ce sera aussi\u00a0la saison de toutes les envies pour les nombreux artistes qui ont d\u00e9cid\u00e9 d\u2019apporter leur soutien \u00e0 la salle de spectacle toulousaine qui alerte depuis plusieurs mois sur les difficult\u00e9s \u00e0 boucler son\u00a0budget.<\/p>\n<p class=\"std-elt__inline\">\n        <strong>\u00c0 lire aussi :<\/strong><br \/>\n        <a href=\"https:\/\/www.ladepeche.fr\/2023\/11\/03\/pour-ses-20-ans-le-theatre-toulousain-du-grand-rond-joue-collectif-11544454.php\" rel=\"nofollow noopener\" target=\"_blank\">Pour ses 20 ans, le th\u00e9\u00e2tre toulousain du Grand Rond joue collectif<\/a>\n    <\/p>\n<p>\u00ab\u00a0La programmation de cette nouvelle saison est encore plus dense gr\u00e2ce \u00e0 l\u2019implication des artistes et de l\u2019\u00e9quipe mais tout cela est provisoire\u00a0\u00bb, pr\u00e9vient C\u00e9line Lemaire, pr\u00e9sidente de l\u2019association du th\u00e9\u00e2tre du Grand Rond. \u00ab\u00a0On ne demande pas la charit\u00e9 mais les moyens de continuer \u00e0 servir l\u2019int\u00e9r\u00eat g\u00e9n\u00e9ral\u00a0\u00bb.<\/p>\n<blockquote data-instgrm-captioned=\"\" data-instgrm-permalink=\"https:\/\/www.instagram.com\/p\/DOqJlzCj1a1\/?utm_source=ig_embed&amp;utm_campaign=loading\" data-instgrm-version=\"14\" style=\" background:#FFF; border:0; border-radius:3px; box-shadow:0 0 1px 0 rgba(0,0,0,0.5),0 1px 10px 0 rgba(0,0,0,0.15); margin: 1px; max-width:540px; min-width:326px; padding:0; width:99.375%; width:-webkit-calc(100% - 2px); width:calc(100% - 2px);\" data-class=\"instagram-media\"\/>\n<p>Cr\u00e9\u00e9 en 2003<\/p>\n<p>Des propos \u00e9tay\u00e9s par Eric Vanelle, cofondateur du lieu qui a ouvert en 2003 dans la rue des Potiers, entre la Halle aux Grains et le\u00a0Jardin des Plantes, apr\u00e8s avoir failli dispara\u00eetre. \u00ab\u00a0Le th\u00e9\u00e2tre du Grand Rond est n\u00e9 de la volont\u00e9 de la Ville de Toulouse pour \u00e9chapper \u00e0 la d\u00e9molition, gr\u00e2ce \u00e0 la t\u00e9nacit\u00e9 de Ren\u00e9 Bouscatel et de Marie D\u00e9qu\u00e9\u00a0\u00bb, rappelle Eric Vanelle. Les adjoints au maire d\u00e9l\u00e9gu\u00e9s \u00e0 la culture de l\u2019\u00e9poque avaient \u00e9t\u00e9 jusqu\u2019au minist\u00e8re \u00e0 Paris pour stopper la m\u00e9thode agressive d\u2019un promoteur immobilier\u2026 \u00ab\u00a0La Ville de Toulouse est notre soutien le plus ancien et le plus fid\u00e8le\u00a0\u00bb, ajoute le cofondateur du Grand Rond. \u00ab\u00a0Mais depuis 2014, le D\u00e9partement et l\u2019\u00c9tat ont\u00a0multipli\u00e9 leur\u00a0soutien par deux, la R\u00e9gion Occitanie par 1,6, alors que l\u2019aide de la Ville de Toulouse n\u2019a pas boug\u00e9 ce qui veut dire que si on prend en compte l\u2019inflation, elle a baiss\u00e9 de 20\u00a0%. Pour continuer \u00e0 exister, on aurait besoin de ce que co\u00fbte un abribus. Il ne s\u2019agit donc pas d\u2019un probl\u00e8me budg\u00e9taire mais d\u2019un choix politique\u00a0\u00bb.<\/p>\n<p class=\"std-elt__inline\">\n        <strong>\u00c0 lire aussi :<\/strong><br \/>\n        <a href=\"https:\/\/www.ladepeche.fr\/2025\/09\/16\/drag-queens-acces-aux-repetitions-deambulations-en-coulisses-les-theatres-toulousains-sortent-le-grand-jeu-12924588.php\" rel=\"nofollow noopener\" target=\"_blank\">Drag-queens, acc\u00e8s aux r\u00e9p\u00e9titions, d\u00e9ambulations en coulisses\u2026 les th\u00e9\u00e2tres toulousains sortent le grand jeu<\/a>\n    <\/p>\n<p>Une premi\u00e8re alerte date de 2019 mais la situation n\u2019a pas \u00e9volu\u00e9 alors que le Grand Rond constate\u00a0un faible financement public par rapport \u00e0 d\u2019autres lieux compl\u00e9mentaires \u00e0 Toulouse. La salle de spectacle qui fonctionne d\u00e9j\u00e0 avec 70\u00a0% de recettes propres se dit au maximum de ses capacit\u00e9s d\u2019autofinancement. En cette p\u00e9riode pr\u00e9\u00e9lectorale, le cas du Grand Rond mais aussi d\u2019autres modestes salles toulousaines du Fil \u00e0 Plomb au Pont-Neuf, en passant par la Violette, pourrait devenir un enjeu politique\u2026<\/p>\n<p>Une saison intense<\/p>\n<p>En attendant, la saison qui s\u2019annonce va \u00eatre explosive. \u00ab\u00a0Ce sera un feu d\u2019artifice\u00a0\u00bb, annoncent Sophie Sciabica et Appoline Saint-Andr\u00e9, charg\u00e9e de pr\u00e9senter la programmation. \u00ab\u00a0Il y aura plein de f\u00eates et d\u2019anniversaires. Nous allons c\u00e9l\u00e9brer les 30 ans de la Compagnie Rouge les Anges, les 20 ans du spectacle &lsquo;Les R\u00e8gles du savoir-vivre dans la soci\u00e9t\u00e9 moderne&rsquo; de Corinne Mariotto\u2026\u00a0\u00bb. La com\u00e9dienne sera aussi \u00e0 l\u2019affiche avec un autre spectacle passionnant\u00a0: \u00ab\u00a0Veil\/Badinter ou du\u00a0courage et de la conviction en politique\u00a0\u00bb, un titre qui en dit long dans le contexte actuel.<\/p>\n<p class=\"std-elt__inline\">\n        <strong>\u00c0 lire aussi :<\/strong><br \/>\n        <a href=\"https:\/\/www.ladepeche.fr\/2025\/09\/12\/cabaret-danse-musique-cirque-les-soirs-bleus-vont-rythmer-louverture-de-saison-du-theatre-du-pave-12924941.php\" rel=\"nofollow noopener\" target=\"_blank\">Cabaret, danse, musique, cirque\u2026 Les Soirs bleus vont rythmer l\u2019ouverture de saison du th\u00e9\u00e2tre du Pav\u00e9<\/a>\n    <\/p>\n<p>Le festival Tapages revient avec un deuxi\u00e8me opus du 2 au 22\u00a0mars. Plus de 40 spectacles donneront la parole aux jeunes compagnies r\u00e9gionales pour montre la vitalit\u00e9 de la sc\u00e8ne en Occitanie.<\/p>\n<p>Cette saison particuli\u00e8re se d\u00e9roulera aussi hors les murs avec neuf soir\u00e9es de soutien chez des partenaires. Les deux premi\u00e8res ont rassembl\u00e9 450 personnes \u00e0 la Cave Po\u00e9sie et 250 au th\u00e9\u00e2tre de la Cit\u00e9. Les suivantes auront lieu au Bijou, \u00e0 l\u2019American Cosmograph, au Taquin, au th\u00e9\u00e2tre Garonne, sous le chapiteau de l\u2019Agit, au th\u00e9\u00e2tre des Mazades et \u00e0 l\u2019Escale \u00e0 Tournefeuille jusqu\u2019\u00e0 la fin du mois de mai.<\/p>\n<p class=\"std-elt__inline\">\n        <strong>\u00c0 lire aussi :<\/strong><br \/>\n        <a href=\"https:\/\/www.ladepeche.fr\/2025\/06\/16\/pieces-au-jardin-des-plantes-semaine-de-lhumour-le-theatre-sorano-souvre-sur-lexterieur-et-sur-le-stand-up-12751865.php\" rel=\"nofollow noopener\" target=\"_blank\">Pi\u00e8ces au Jardin des plantes, semaine de l\u2019humour\u2026 le th\u00e9\u00e2tre Sorano s\u2019ouvre sur l\u2019ext\u00e9rieur et sur le stand up<\/a>\n    <\/p>\n<p>Culture sourde<\/p>\n<p>La programmation de spectacles accessibles aux personnes sourdes fait partie des priorit\u00e9s du lieu qui a toujours donn\u00e9 des pi\u00e8ces sign\u00e9es. Suite \u00e0 l\u2019accueil d\u2019ateliers en langue des signes et face \u00e0 des probl\u00e8mes financiers, l\u2019\u00c9cole de th\u00e9\u00e2tre universel (ETU) a int\u00e9gr\u00e9 le\u00a0th\u00e9\u00e2tre du Grand Rond. Seule \u00e9cole et France et en Europe \u00e0 former des com\u00e9diens professionnels, elle est \u00e0 son tour menac\u00e9e.<\/p>\n<p class=\"std-elt__inline\">\n        <strong>\u00c0 lire aussi :<\/strong><br \/>\n        <a href=\"https:\/\/www.ladepeche.fr\/2025\/06\/19\/aurelien-bory-veut-transformer-le-theatre-garonne-moins-de-spectacles-pour-mieux-les-faire-exister-12762058.php\" rel=\"nofollow noopener\" target=\"_blank\">Aur\u00e9lien Bory veut transformer le th\u00e9\u00e2tre Garonne\u00a0: \u00ab\u00a0Moins de spectacles pour mieux les faire exister\u00a0\u00bb<\/a>\n    <\/p>\n<p>Cette saison, des spectacles pour enfants et pour tout public seront encore jou\u00e9s en langue des signes.<\/p>\n<p>Th\u00e9\u00e2tre du Grand Rond (23, rue des Potiers) \u00e0 Toulouse. T\u00e9l. 05\u00a061\u00a062\u00a014\u00a085.<\/p>\n<p>                                                                                                                                                                                                        <script async src=\"\/\/www.instagram.com\/embed.js\"><\/script><\/p>\n","protected":false},"excerpt":{"rendered":"l&rsquo;essentiel \u00c0 l\u2019image de son festival Tapages, le th\u00e9\u00e2tre du Grand Rond esp\u00e8re se faire entendre et pouvoir&hellip;\n","protected":false},"author":2,"featured_media":395403,"comment_status":"","ping_status":"","sticky":false,"template":"","format":"standard","meta":{"footnotes":""},"categories":[2816],"tags":[1111,11,1777,674,1011,27,12,2680,25,2312],"class_list":{"0":"post-395402","1":"post","2":"type-post","3":"status-publish","4":"format-standard","5":"has-post-thumbnail","7":"category-toulouse","8":"tag-actu","9":"tag-actualites","10":"tag-eu","11":"tag-europe","12":"tag-fr","13":"tag-france","14":"tag-news","15":"tag-occitanie","16":"tag-republique-francaise","17":"tag-toulouse"},"share_on_mastodon":{"url":"https:\/\/pubeurope.com\/@fr\/115214781290210513","error":""},"_links":{"self":[{"href":"https:\/\/www.europesays.com\/fr\/wp-json\/wp\/v2\/posts\/395402","targetHints":{"allow":["GET"]}}],"collection":[{"href":"https:\/\/www.europesays.com\/fr\/wp-json\/wp\/v2\/posts"}],"about":[{"href":"https:\/\/www.europesays.com\/fr\/wp-json\/wp\/v2\/types\/post"}],"author":[{"embeddable":true,"href":"https:\/\/www.europesays.com\/fr\/wp-json\/wp\/v2\/users\/2"}],"replies":[{"embeddable":true,"href":"https:\/\/www.europesays.com\/fr\/wp-json\/wp\/v2\/comments?post=395402"}],"version-history":[{"count":0,"href":"https:\/\/www.europesays.com\/fr\/wp-json\/wp\/v2\/posts\/395402\/revisions"}],"wp:featuredmedia":[{"embeddable":true,"href":"https:\/\/www.europesays.com\/fr\/wp-json\/wp\/v2\/media\/395403"}],"wp:attachment":[{"href":"https:\/\/www.europesays.com\/fr\/wp-json\/wp\/v2\/media?parent=395402"}],"wp:term":[{"taxonomy":"category","embeddable":true,"href":"https:\/\/www.europesays.com\/fr\/wp-json\/wp\/v2\/categories?post=395402"},{"taxonomy":"post_tag","embeddable":true,"href":"https:\/\/www.europesays.com\/fr\/wp-json\/wp\/v2\/tags?post=395402"}],"curies":[{"name":"wp","href":"https:\/\/api.w.org\/{rel}","templated":true}]}}