{"id":395404,"date":"2025-09-16T15:53:17","date_gmt":"2025-09-16T15:53:17","guid":{"rendered":"https:\/\/www.europesays.com\/fr\/395404\/"},"modified":"2025-09-16T15:53:17","modified_gmt":"2025-09-16T15:53:17","slug":"toulouse-des-coups-de-feu-tires-depuis-un-scooter-touchent-un-pavillon-les-auteurs-en-fuite","status":"publish","type":"post","link":"https:\/\/www.europesays.com\/fr\/395404\/","title":{"rendered":"Toulouse. Des coups de feu tir\u00e9s depuis un scooter touchent un pavillon : les auteurs en fuite"},"content":{"rendered":"<p>            Par<br \/>\n        <strong><br \/>\n            <a href=\"https:\/\/actu.fr\/auteur\/lea-afonso\" title=\"Consulter tous les articles de L\u00e9a Afonso\" rel=\"nofollow noopener\" target=\"_blank\">L\u00e9a Afonso<\/a><br \/>\n        <\/strong><\/p>\n<p>        Publi\u00e9 le<\/p>\n<p>            16 sept. 2025 \u00e0 16h58        <\/p>\n<p>En d\u00e9but de soir\u00e9e, ce lundi 15\u00a0septembre 2025, <strong>deux passagers<\/strong> \u00e0 bord d\u2019un <strong>scooter<\/strong> ont tir\u00e9 des<strong> coups de feu<\/strong> sur une maison du quartier des Izards \u00e0 <a href=\"https:\/\/actu.fr\/toulouse\/\" rel=\"nofollow noopener\" target=\"_blank\">Toulouse<\/a>. Une information r\u00e9v\u00e9l\u00e9e par nos confr\u00e8res de <a href=\"https:\/\/www.ladepeche.fr\/2025\/09\/16\/info-la-depeche-jai-entendu-plusieurs-coups-de-feu-une-maison-prise-pour-cible-a-toulouse-deux-impacts-de-balles-dans-le-mur-interieur-12933229.php\" rel=\"nofollow noopener\" target=\"_blank\">La D\u00e9p\u00eache,<\/a> qu\u2019Actu Toulouse est en mesure de confirmer.<\/p>\n<p>Coups de feu depuis un scooter<\/p>\n<p class=\" wall-content\">Vers 21h30, un <strong>scooter noir, avec deux individus<\/strong> \u00e0 bord, a fait irruption dans une impasse du quartier des Izards. Selon une source polici\u00e8re, plusieurs <strong>coups de feu<\/strong> ont \u00e9t\u00e9 tir\u00e9s en direction d\u2019un <strong>pavillon familial<\/strong> depuis le deux-roues, sous les yeux de plusieurs riverains.<\/p>\n<p class=\" wall-content\">\u00ab\u2009Deux impacts de balles ont \u00e9t\u00e9 relev\u00e9s sur les vitres de la maison, et des projectiles ont \u00e9t\u00e9 retrouv\u00e9s \u00e0 l\u2019int\u00e9rieur\u2009\u00bb, pr\u00e9cise une source polici\u00e8re.<\/p>\n<p>Une affaire d\u2019intimidation en toile de fond<\/p>\n<p class=\" wall-content\">D\u2019apr\u00e8s les premiers \u00e9l\u00e9ments de l\u2019enqu\u00eate, ce n\u2019est pas directement le couple occupant la maison qui \u00e9tait vis\u00e9e. Les tirs rel\u00e8veraient d\u2019un<strong> acte d\u2019intimidation li\u00e9 \u00e0 leur fille<\/strong> et \u00e0 l\u2019un de ses<strong> anciens compagnons,<\/strong> d\u00e9crit comme <strong>violent<\/strong>.<\/p>\n<p>Pas de bless\u00e9, mais une enqu\u00eate ouverte<\/p>\n<p class=\" wall-content\"><strong>Aucun bless\u00e9<\/strong> n\u2019est \u00e0 d\u00e9plorer. La police scientifique a proc\u00e9d\u00e9 aux premi\u00e8res constatations sur place, tandis que les occupants de la maison ont port\u00e9 plainte.<\/p>\n<p>Vid\u00e9os : en ce moment sur Actu<\/p>\n<p class=\" wall-content\">\u00ab\u2009Quant aux <strong>auteurs<\/strong> des tirs, ils ont imm\u00e9diatement<strong> pris la fuite<\/strong>\u2009\u00bb, terminent les forces de l\u2019ordre. Les investigations se poursuivent pour tenter de les identifier.<\/p>\n<p class=\" wall-content\">Personnalisez votre actualit\u00e9 en ajoutant vos villes et m\u00e9dias en favori avec <a href=\"https:\/\/moncompte.actu.fr\" title=\"D\u00e9couvez Mon Actu\" rel=\"nofollow noopener\" data-trk=\"{&quot;cta&quot;:{&quot;action&quot;:&quot;https:\\\/\\\/moncompte.actu.fr&quot;,&quot;category&quot;:&quot;mon compte&quot;,&quot;from&quot;:&quot;article footer&quot;,&quot;name&quot;:&quot;Mon actu&quot;,&quot;type&quot;:&quot;cta&quot;}}\" target=\"_blank\">Mon Actu<\/a>.<\/p>\n","protected":false},"excerpt":{"rendered":"Par L\u00e9a Afonso Publi\u00e9 le 16 sept. 2025 \u00e0 16h58 En d\u00e9but de soir\u00e9e, ce lundi 15\u00a0septembre 2025,&hellip;\n","protected":false},"author":2,"featured_media":395405,"comment_status":"","ping_status":"","sticky":false,"template":"","format":"standard","meta":{"footnotes":""},"categories":[2816],"tags":[1111,11,1777,674,118,1011,27,12,2680,25,2312],"class_list":{"0":"post-395404","1":"post","2":"type-post","3":"status-publish","4":"format-standard","5":"has-post-thumbnail","7":"category-toulouse","8":"tag-actu","9":"tag-actualites","10":"tag-eu","11":"tag-europe","12":"tag-faits-divers","13":"tag-fr","14":"tag-france","15":"tag-news","16":"tag-occitanie","17":"tag-republique-francaise","18":"tag-toulouse"},"share_on_mastodon":{"url":"https:\/\/pubeurope.com\/@fr\/115214785074418090","error":""},"_links":{"self":[{"href":"https:\/\/www.europesays.com\/fr\/wp-json\/wp\/v2\/posts\/395404","targetHints":{"allow":["GET"]}}],"collection":[{"href":"https:\/\/www.europesays.com\/fr\/wp-json\/wp\/v2\/posts"}],"about":[{"href":"https:\/\/www.europesays.com\/fr\/wp-json\/wp\/v2\/types\/post"}],"author":[{"embeddable":true,"href":"https:\/\/www.europesays.com\/fr\/wp-json\/wp\/v2\/users\/2"}],"replies":[{"embeddable":true,"href":"https:\/\/www.europesays.com\/fr\/wp-json\/wp\/v2\/comments?post=395404"}],"version-history":[{"count":0,"href":"https:\/\/www.europesays.com\/fr\/wp-json\/wp\/v2\/posts\/395404\/revisions"}],"wp:featuredmedia":[{"embeddable":true,"href":"https:\/\/www.europesays.com\/fr\/wp-json\/wp\/v2\/media\/395405"}],"wp:attachment":[{"href":"https:\/\/www.europesays.com\/fr\/wp-json\/wp\/v2\/media?parent=395404"}],"wp:term":[{"taxonomy":"category","embeddable":true,"href":"https:\/\/www.europesays.com\/fr\/wp-json\/wp\/v2\/categories?post=395404"},{"taxonomy":"post_tag","embeddable":true,"href":"https:\/\/www.europesays.com\/fr\/wp-json\/wp\/v2\/tags?post=395404"}],"curies":[{"name":"wp","href":"https:\/\/api.w.org\/{rel}","templated":true}]}}