{"id":395406,"date":"2025-09-16T15:55:20","date_gmt":"2025-09-16T15:55:20","guid":{"rendered":"https:\/\/www.europesays.com\/fr\/395406\/"},"modified":"2025-09-16T15:55:20","modified_gmt":"2025-09-16T15:55:20","slug":"un-nouveau-pilote-pour-superviser-le-doublement-des-rames-du-metro","status":"publish","type":"post","link":"https:\/\/www.europesays.com\/fr\/395406\/","title":{"rendered":"Un nouveau pilote pour superviser le doublement des rames du m\u00e9tro"},"content":{"rendered":"<p><b>Le passage de la ligne 1 du m\u00e9tro lillois \u00e0 des rames de 52 m\u00e8tres \u00e9tait initialement annonc\u00e9 pour l\u2019Euro de football de juin 2016. Apr\u00e8s dix ans d\u2019un interminable fiasco, l\u2019ouverture commerciale est d\u00e9sormais esp\u00e9r\u00e9e pour f\u00e9vrier 2026. Pour y parvenir, la MEL se dote d\u2019un nouveau responsable, comme Mediacit\u00e9s l\u2019a rep\u00e9r\u00e9. <\/b><\/p>\n<p>C\u2019est un poste \u00e0 haut risque et \u00e0 haute responsabilit\u00e9. Pr\u00e9sident de la R\u00e9publique\u202f? Chirurgien\u202f? Juge\u202f? Presque\u00a0: Chef de service \u00e9volution du m\u00e9tro. \u00c0 cinq mois de l\u2019ouverture commerciale du 52 m\u00e8tres sur la ligne 1 (esp\u00e9r\u00e9e en f\u00e9vrier prochain), la MEL recrute\u202f! Cl\u00f4tur\u00e9e le 14 septembre, mais toujours en ligne sur le site de la m\u00e9tropole, <a href=\"https:\/\/lillemetropole.gestmax.fr\/5394\/1\/chef-de-service-evolution-du-metro-f-h\" target=\"_blank\" rel=\"noopener\">l\u2019offre d\u2019emploi<\/a> n\u2019a pas manqu\u00e9 d\u2019attirer notre attention.<\/p>\n<p>Le \u00ab\u202fmanager confirm\u00e9\u202f\u00bb qui sera choisi aura du pain sur la planche. Apr\u00e8s dix ans de b\u00e9vues en s\u00e9rie \u2013 <a href=\"https:\/\/www.mediacites.fr\/lille\/dossier\/metro\/\" target=\"_blank\" rel=\"noopener\">compil\u00e9e de ce dossier<\/a> \u2013 il ou elle devra parachever ce projet maintes fois emp\u00each\u00e9. Parmi ses missions, \u00ab\u202fpiloter le d\u00e9veloppement en capacit\u00e9 des deux lignes de m\u00e9tro\u202f\u00bb, \u00ab\u202fcoordonner la strat\u00e9gie d\u2019achat des rames\u202f\u00bb mais aussi \u00ab\u202fassurer une veille technologique et viser la mise en \u0153uvre de projets innovants, dans le cadre de d\u00e9marches exp\u00e9rimentales\u202f\u00bb. Travail de nuit occasionnel \u00e0 pr\u00e9voir, pr\u00e9cise l\u2019annonce. Il y a effectivement de quoi passer quelques nuits blanches\u2026 Un nouveau report, qui plus est en pleines \u00e9lections municipales, serait cauchemardesque\u00a0\u2026<\/p>\n<p>Nous vous offrons l\u2019acc\u00e8s \u00e0 cet article<\/p>\n<p>Et \u00e0 toutes nos enqu\u00eates pendant deux jours\u00a0\u00a0! <br \/>Oui, on est g\u00e9n\u00e9reux \ud83d\ude09 Mais pensez aussi \u00e0 <a href=\"https:\/\/www.mediacites.fr\/sabonner\/\" target=\"_blank\" style=\"color:#fff\" rel=\"noopener\">vous abonner<\/a>\u00a0\u00a0!<\/p>\n<p>\t\tEn renseignant votre adresse, vous acceptez nos <a href=\"https:\/\/www.mediacites.fr\/conditions-generales-d-utilisation\/\" target=\"_blank\" rel=\"noopener\">conditions g\u00e9n\u00e9rales d\u2019utilisation<\/a>. <br \/>Mediacit\u00e9s s\u2019engage \u00e0 ne pas c\u00e9der votre adresse \u00e0 des tiers. En cas d\u2019\u00e9chec, \u00e9crivez \u00e0 <a href=\"https:\/\/www.mediacites.fr\/breve\/lille\/2025\/09\/16\/lille-un-nouveau-pilote-pour-superviser-le-doublement-des-rames-du-metro\/mailto:contact@mediacites.fr\" target=\"_blank\" rel=\"noopener\">contact@mediacites.fr<\/a><\/p>\n<ul>\n<li>J\u2019acc\u00e8de aux 4 \u00e9ditions de Mediacit\u00e9s (Lille, Lyon, Nantes et Toulouse)<\/li>\n<li>Je d\u00e9couvre un m\u00e9dia 100 % ind\u00e9pendant, avec 0 % de publicit\u00e9<\/li>\n<\/ul>\n<p>Envie de lire la\u00a0suite\u202f?<\/p>\n<p class=\"price\">1\u20ac le premier mois<\/p>\n<p class=\"description\">Puis 7,90\u20ac par\u00a0mois<\/p>\n<p><a class=\"button button--green\" href=\"https:\/\/www.mediacites.fr\/sabonner\/?sub=55\" style=\"margin-top:22px;font-size:13px;\" target=\"_blank\" rel=\"noopener\">Je teste\u202f! <\/a><\/p>\n<ul>\n<li>Acc\u00e8s aux 4 \u00e9ditions de Mediacit\u00e9s (Lille, Lyon, Nantes et Toulouse)<\/li>\n<li>100 % ind\u00e9pendant, avec 0 % de publicit\u00e9<\/li>\n<li>R\u00e9siliation facile \u00e0 tout moment<\/li>\n<\/ul>\n<p>Mediacit\u00e9s offre l\u2019acc\u00e8s \u00e0 cet article aux lecteurs de News2Com<\/p>\n<p>Et \u00e0 toutes nos enqu\u00eates pendant deux jours\u00a0\u00a0! <br \/>Oui, on est g\u00e9n\u00e9reux \ud83d\ude09 Mais pensez aussi \u00e0 <a href=\"https:\/\/www.mediacites.fr\/sabonner\/\" target=\"_blank\" style=\"color:#fff\" rel=\"noopener\">vous abonner<\/a>\u00a0\u00a0!<\/p>\n<p>\t\tEn renseignant votre adresse, vous acceptez nos <a href=\"https:\/\/www.mediacites.fr\/conditions-generales-d-utilisation\/\" target=\"_blank\" rel=\"noopener\">conditions g\u00e9n\u00e9rales d\u2019utilisation<\/a>. <br \/>Mediacit\u00e9s s\u2019engage \u00e0 ne pas c\u00e9der votre adresse \u00e0 des tiers. En cas d\u2019\u00e9chec, \u00e9crivez \u00e0 <a href=\"https:\/\/www.mediacites.fr\/breve\/lille\/2025\/09\/16\/lille-un-nouveau-pilote-pour-superviser-le-doublement-des-rames-du-metro\/mailto:contact@mediacites.fr\" target=\"_blank\" rel=\"noopener\">contact@mediacites.fr<\/a><\/p>\n<ul>\n<li>J\u2019acc\u00e8de aux 4 \u00e9ditions de Mediacit\u00e9s (Lille, Lyon, Nantes et Toulouse)<\/li>\n<li>Je d\u00e9couvre un m\u00e9dia 100 % ind\u00e9pendant, avec 0 % de publicit\u00e9<\/li>\n<\/ul>\n","protected":false},"excerpt":{"rendered":"Le passage de la ligne 1 du m\u00e9tro lillois \u00e0 des rames de 52 m\u00e8tres \u00e9tait initialement annonc\u00e9&hellip;\n","protected":false},"author":2,"featured_media":395407,"comment_status":"","ping_status":"","sticky":false,"template":"","format":"standard","meta":{"footnotes":""},"categories":[2815],"tags":[1111,11,1777,674,1011,27,811,51816,1307,4047,12,25],"class_list":{"0":"post-395406","1":"post","2":"type-post","3":"status-publish","4":"format-standard","5":"has-post-thumbnail","7":"category-lille","8":"tag-actu","9":"tag-actualites","10":"tag-eu","11":"tag-europe","12":"tag-fr","13":"tag-france","14":"tag-hauts-de-france","15":"tag-loeil-de-mediacites","16":"tag-lille","17":"tag-metro","18":"tag-news","19":"tag-republique-francaise"},"share_on_mastodon":{"url":"https:\/\/pubeurope.com\/@fr\/115214793006790783","error":""},"_links":{"self":[{"href":"https:\/\/www.europesays.com\/fr\/wp-json\/wp\/v2\/posts\/395406","targetHints":{"allow":["GET"]}}],"collection":[{"href":"https:\/\/www.europesays.com\/fr\/wp-json\/wp\/v2\/posts"}],"about":[{"href":"https:\/\/www.europesays.com\/fr\/wp-json\/wp\/v2\/types\/post"}],"author":[{"embeddable":true,"href":"https:\/\/www.europesays.com\/fr\/wp-json\/wp\/v2\/users\/2"}],"replies":[{"embeddable":true,"href":"https:\/\/www.europesays.com\/fr\/wp-json\/wp\/v2\/comments?post=395406"}],"version-history":[{"count":0,"href":"https:\/\/www.europesays.com\/fr\/wp-json\/wp\/v2\/posts\/395406\/revisions"}],"wp:featuredmedia":[{"embeddable":true,"href":"https:\/\/www.europesays.com\/fr\/wp-json\/wp\/v2\/media\/395407"}],"wp:attachment":[{"href":"https:\/\/www.europesays.com\/fr\/wp-json\/wp\/v2\/media?parent=395406"}],"wp:term":[{"taxonomy":"category","embeddable":true,"href":"https:\/\/www.europesays.com\/fr\/wp-json\/wp\/v2\/categories?post=395406"},{"taxonomy":"post_tag","embeddable":true,"href":"https:\/\/www.europesays.com\/fr\/wp-json\/wp\/v2\/tags?post=395406"}],"curies":[{"name":"wp","href":"https:\/\/api.w.org\/{rel}","templated":true}]}}