{"id":395411,"date":"2025-09-16T15:58:13","date_gmt":"2025-09-16T15:58:13","guid":{"rendered":"https:\/\/www.europesays.com\/fr\/395411\/"},"modified":"2025-09-16T15:58:13","modified_gmt":"2025-09-16T15:58:13","slug":"la-composition-du-real-madrid-contre-marseille-a-fuite-xabi-alonso-modifie-tout","status":"publish","type":"post","link":"https:\/\/www.europesays.com\/fr\/395411\/","title":{"rendered":"La composition du Real Madrid contre Marseille a fuit\u00e9 : Xabi Alonso modifie tout"},"content":{"rendered":"<p data-testid=\"article-teaser\" class=\"article_teaser__rjxUK\">Avant d\u2019affronter l\u2019OM, la composition du Real Madrid a filtr\u00e9, r\u00e9v\u00e9lant plusieurs changements dans le onze de Xabi Alonso.<\/p>\n<p>Le Real Madrid aborde sa rentr\u00e9e europ\u00e9enne dans un climat particulier. Avec quatre victoires en quatre journ\u00e9es de Liga, les Madril\u00e8nes avancent confiants mais doivent composer avec plusieurs blessures et une atmosph\u00e8re tendue autour de l\u2019arbitrage. Pour <a href=\"https:\/\/www.goal.com\/fr\/news\/real-madrid-marseille-diffusion-tv-et-en-clair-streaming-et-compos-probables\/blta9754c6ca0fc8317\" target=\"_self\" rel=\"noopener\">ce premier choc de Ligue des champions contre l\u2019Olympique de Marseille<\/a>, Xabi Alonso devrait proc\u00e9der \u00e0 trois changements majeurs, tout en m\u00e9nageant certaines de ses stars. La composition qui se dessine laisse entrevoir des retours attendus, mais aussi des choix qui pourraient surprendre.<\/p>\n","protected":false},"excerpt":{"rendered":"Avant d\u2019affronter l\u2019OM, la composition du Real Madrid a filtr\u00e9, r\u00e9v\u00e9lant plusieurs changements dans le onze de Xabi&hellip;\n","protected":false},"author":2,"featured_media":395412,"comment_status":"","ping_status":"","sticky":false,"template":"","format":"standard","meta":{"footnotes":""},"categories":[2814],"tags":[1111,11,448,52746,1777,674,52743,52744,1011,27,28967,6477,447,884,12,882,4790,25,52742,52745,36229],"class_list":{"0":"post-395411","1":"post","2":"type-post","3":"status-publish","4":"format-standard","5":"has-post-thumbnail","7":"category-marseille","8":"tag-actu","9":"tag-actualites","10":"tag-champions-league","11":"tag-eder-militao","12":"tag-eu","13":"tag-europe","14":"tag-f-mastantuono","15":"tag-f-valverde","16":"tag-fr","17":"tag-france","18":"tag-k-mbappe","19":"tag-kylian-mbappe","20":"tag-ligue-des-champions","21":"tag-marseille","22":"tag-news","23":"tag-provence-alpes-cote-dazur","24":"tag-real-madrid","25":"tag-republique-francaise","26":"tag-t-alexander-arnold","27":"tag-vinicius-junior","28":"tag-x-alonso"},"share_on_mastodon":{"url":"https:\/\/pubeurope.com\/@fr\/115214804850195448","error":""},"_links":{"self":[{"href":"https:\/\/www.europesays.com\/fr\/wp-json\/wp\/v2\/posts\/395411","targetHints":{"allow":["GET"]}}],"collection":[{"href":"https:\/\/www.europesays.com\/fr\/wp-json\/wp\/v2\/posts"}],"about":[{"href":"https:\/\/www.europesays.com\/fr\/wp-json\/wp\/v2\/types\/post"}],"author":[{"embeddable":true,"href":"https:\/\/www.europesays.com\/fr\/wp-json\/wp\/v2\/users\/2"}],"replies":[{"embeddable":true,"href":"https:\/\/www.europesays.com\/fr\/wp-json\/wp\/v2\/comments?post=395411"}],"version-history":[{"count":0,"href":"https:\/\/www.europesays.com\/fr\/wp-json\/wp\/v2\/posts\/395411\/revisions"}],"wp:featuredmedia":[{"embeddable":true,"href":"https:\/\/www.europesays.com\/fr\/wp-json\/wp\/v2\/media\/395412"}],"wp:attachment":[{"href":"https:\/\/www.europesays.com\/fr\/wp-json\/wp\/v2\/media?parent=395411"}],"wp:term":[{"taxonomy":"category","embeddable":true,"href":"https:\/\/www.europesays.com\/fr\/wp-json\/wp\/v2\/categories?post=395411"},{"taxonomy":"post_tag","embeddable":true,"href":"https:\/\/www.europesays.com\/fr\/wp-json\/wp\/v2\/tags?post=395411"}],"curies":[{"name":"wp","href":"https:\/\/api.w.org\/{rel}","templated":true}]}}