{"id":395415,"date":"2025-09-16T16:00:36","date_gmt":"2025-09-16T16:00:36","guid":{"rendered":"https:\/\/www.europesays.com\/fr\/395415\/"},"modified":"2025-09-16T16:00:36","modified_gmt":"2025-09-16T16:00:36","slug":"clothilde-a-une-maladie-rare-sa-maman-sonne-lalarme","status":"publish","type":"post","link":"https:\/\/www.europesays.com\/fr\/395415\/","title":{"rendered":"Clothilde a une maladie rare, sa maman sonne l&rsquo;alarme"},"content":{"rendered":"<p>            Par<br \/>\n        <strong><br \/>\n            <a href=\"https:\/\/actu.fr\/auteur\/theo-zuili\" title=\"Consulter tous les articles de Th\u00e9o Zuili\" target=\"_blank\" rel=\"noopener\">Th\u00e9o Zuili<\/a><br \/>\n        <\/strong><\/p>\n<p>        Publi\u00e9 le<\/p>\n<p>            16 sept. 2025 \u00e0 17h50        <\/p>\n<p>Il n\u2019existe pas de rem\u00e8de pour Clothilde, mais sa famille n\u2019a jamais perdu espoir. Quatri\u00e8me d\u2019une fratrie de cinq enfants de Meyzieu, dans la m\u00e9tropole de <a href=\"https:\/\/actu.fr\/auvergne-rhone-alpes\/lyon_69123\" target=\"_blank\" rel=\"noopener\">Lyon<\/a> (Rh\u00f4ne), la jeune fille de sept ans n\u2019aura pas les m\u00eames chances que ses fr\u00e8res et s\u0153urs : diagnostiqu\u00e9e d\u2019une maladie g\u00e9n\u00e9tique rare, son esp\u00e9rance de vie est <strong>drastiquement r\u00e9duite<\/strong>.<\/p>\n<p class=\" wall-content\">Sa m\u00e8re, Sara, ne compte pas baisser les bras. Elle a fond\u00e9 une association pour lever des fonds destin\u00e9s \u00e0 la recherche et <strong>sonne l\u2019alarme<\/strong> pour sensibiliser aux dons de moelle osseuse, vitaux pour sa fille.<\/p>\n<p>Un verdict brutal<\/p>\n<p class=\" wall-content\">D\u00e8s la grossesse de Sara, Clothilde affiche <strong>un retard de croissance<\/strong> sur les \u00e9chographies. N\u00e9e \u00e0 terme, son poids-plume et sa petite taille n\u2019inqui\u00e8tent pas les p\u00e9diatres, plut\u00f4t soucieux de son manque d\u2019app\u00e9tit et des t\u00e2ches couleur caf\u00e9 au lait qui constellent sa peau.<\/p>\n<p>    <img   decoding=\"async\" loading=\"lazy\" src=\"https:\/\/www.europesays.com\/fr\/wp-content\/uploads\/2025\/09\/coco-clothilde-maladie-enfant-960x640.png\" alt=\"Une prise de sang permet de poser le diagnostic apr\u00e8s \" width=\"960\" height=\"640\"\/><br \/>\n    Une prise de sang \u00e0 l\u2019\u00e9t\u00e9 2022 permet de poser le diagnostic apr\u00e8s \u00ab\u00a0quatre ans d\u2019errance m\u00e9dicale\u00a0\u00bb : chez Clothilde, la maladie est discr\u00e8te et se traduit en apparence par des sympt\u00f4mes neurologiques. (\u00a9Document remis \u00e0 actu Lyon)<\/p>\n<p class=\" wall-content\">\u00ab\u00a0On a vu tellement de m\u00e9decins, aucun nous a permis de d\u00e9couvrir ce qu\u2019il y avait. Jusqu\u2019\u00e0 cette prise de sang\u00a0\u00bb : l\u2019annonce est brutale, entre une suspicion de leuc\u00e9mie, puis le diagnostic confirm\u00e9 <strong>d\u2019an\u00e9mie de Fanconi<\/strong>.<\/p>\n<p class=\" wall-content\">\u00ab\u00a0Une maladie g\u00e9n\u00e9tique r\u00e9cessive, avec le sentiment de culpabilit\u00e9 associ\u00e9\u00a0\u00bb, d\u00e9couvrent les parents, qui s\u2019empressent de rechercher \u00e0 quoi s\u2019attendre via les sites web sp\u00e9cialis\u00e9s.<\/p>\n<p class=\" wall-content\">En France, 250 \u00e0 300 cas de cette affection g\u00e9n\u00e9tique rare de la r\u00e9paration de l\u2019ADN sont recens\u00e9s. Cette maladie de la moelle osseuse provoque de nombreux types de sympt\u00f4mes (malformations, probl\u00e8mes neurologiques\u2026) et<strong> multiplie les risques de cancer par 700<\/strong>. Entre 7 et 10 ans, le patient d\u00e9veloppe sa premi\u00e8re tumeur. Elles s\u2019encha\u00eenent ensuite \u00e0 r\u00e9p\u00e9tition. Le verdict tombe : l\u2019esp\u00e9rance de vie moyenne est comprise entre 20 et 30 ans.<\/p>\n<p>Votre r\u00e9gion, votre actu !<\/p>\n<p>Recevez chaque jour les infos qui comptent pour vous.<\/p>\n<p>\t<a href=\"https:\/\/actu.fr\/newsletter\" class=\"ac-btn ac-btn--corner ac-btn--medium ac-btn--blue800\" target=\"_blank\" rel=\"noopener\">S&rsquo;incrire<\/a><\/p>\n<blockquote class=\"ac-article-quote wall-content\">\n<p>On vous parle d&rsquo;esp\u00e9rance de vie, d&rsquo;absence de rem\u00e8de&#8230; La seule chose qui vous reste est de vivre au jour le jour.<\/p>\n<p>    <strong>Sara<\/strong>\n            <\/p><\/blockquote>\n<p>\u00ab\u00a0C\u2019est une guerri\u00e8re\u00a0\u00bb<\/p>\n<p class=\" wall-content\">Chez les parents, c\u2019est \u00ab\u00a0le choc, la col\u00e8re et la sid\u00e9ration\u00a0\u00bb. Ils prennent la d\u00e9cision difficile de lui administrer une hormone de croissance, \u00ab\u00a0qui peut cr\u00e9er un cancer, mais qui \u00e9vite de rester petite \u00e0 1,20 m toute sa vie\u00a0\u00bb.<\/p>\n<p>    <img   decoding=\"async\" loading=\"lazy\" src=\"https:\/\/www.europesays.com\/fr\/wp-content\/uploads\/2025\/09\/coco-clothilde-chambre-sterile-chimiotherapie-enfant-hcl-hopital-leon-berard-lyon-960x640.png\" alt=\"Coco entre bient\u00f4t en chambre st\u00e9rile \u00e0 l'h\u00f4pital L\u00e9on B\u00e9rard des HCL, sans perdre son sourire et v\u00eatue d'une robe cr\u00e9ation offerte par une habitante de Meyzieu soutien de la jeune fille.\" width=\"960\" height=\"640\"\/><br \/>\n    Coco entre bient\u00f4t en chambre st\u00e9rile \u00e0 l\u2019h\u00f4pital L\u00e9on B\u00e9rard des HCL, sans perdre son sourire et v\u00eatue d\u2019une robe cr\u00e9ation offerte par une habitante de Meyzieu, soutien de la jeune fille. (\u00a9Document remis \u00e0 actu Lyon)<\/p>\n<p class=\" wall-content\">Des hospitalisations r\u00e9guli\u00e8res avec un suivi lourd viennent rythmer la vie de la fillette \u00e0 partir de 2024, tandis que les transfusions sanguines s\u2019intensifient. \u00ab\u00a0\u00c0 partir de ce moment-l\u00e0, elle a commenc\u00e9 \u00e0 se dire<strong> \u2018pourquoi moi et pas les autres\u2019<\/strong>.\u00a0\u00bb<\/p>\n<blockquote class=\"ac-article-quote wall-content\">\n<p>Nous, on lui dit qu&rsquo;elle est une guerri\u00e8re, qu&rsquo;elle est l\u00e0 pour d\u00e9jouer les statistiques, mener un combat, et que c&rsquo;est son superpouvoir. Que son sourire est l\u00e0 pour rayonner le monde, que le bonheur est dans les petites et simples choses.<\/p>\n<p>    <strong>Sara<\/strong>\n            <\/p><\/blockquote>\n<p class=\" wall-content\">Sara tient <strong>un journal pour tout documenter<\/strong>, distribu\u00e9 aux camarades de classe, leurs familles et au corps enseignant, ainsi qu\u2019<a href=\"https:\/\/www.assococo.com\/\" target=\"_blank\" rel=\"noopener\">un site web<\/a> et <a href=\"https:\/\/www.facebook.com\/assococo.fanconi\/\" target=\"_blank\" rel=\"noopener\">des r\u00e9seaux sociaux<\/a> d\u00e9di\u00e9s aux \u00ab\u00a0aventures\u00a0\u00bb de sa fille : Coco et ses amis contre Franconi.<\/p>\n<p>    <img   decoding=\"async\" loading=\"lazy\" src=\"https:\/\/www.europesays.com\/fr\/wp-content\/uploads\/2025\/09\/coco-clothilde-lyon-hopital-coeur-sang-perfusion-960x640.png\" alt=\"\u00c0 l'h\u00f4pital, Clothilde joue au puzzle, dominos, dessine... Tout jouet facile \u00e0 plastifier et st\u00e9riliser. \" width=\"960\" height=\"640\"\/><br \/>\n    \u00c0 l\u2019h\u00f4pital, Clothilde joue au puzzle, dominos, dessine\u2026 Tout jouet facile \u00e0 plastifier et st\u00e9riliser. (\u00a9Document remis \u00e0 actu Lyon)<\/p>\n<p class=\" wall-content\">Trois donneurs compatibles ont \u00e9t\u00e9 identifi\u00e9s pour la greffe de moelle osseuse. \u00ab\u00a0Coco\u00a0\u00bb, devenue \u00ab\u00a0la mascotte de son \u00e9tablissement scolaire\u00a0\u00bb, entre en chambre st\u00e9rile en f\u00e9vrier 2025. Chimioth\u00e9rapie, sonde naso-gastrique, greffe, effets secondaires et morphine, perte des cheveux\u2026 \u00ab\u00a0Dans ses amis de combat, des enfants <strong>n\u2019ont pas r\u00e9ussi \u00e0 passer cette \u00e9tape-l\u00e0<\/strong>.\u00a0\u00bb<\/p>\n<p>Une association pour \u00eatre visible<\/p>\n<p class=\" wall-content\">\u00ab\u00a0L\u2019annonce du diagnostic a boulevers\u00e9 notre vie. Le seul moyen que j\u2019ai trouv\u00e9 pour l\u2019aider, c\u2019est de cr\u00e9er cette association.\u00a0\u00bb \u00c0 post\u00e9riori, la maman observe : \u00ab\u00a0Si je n\u2019avais pas agi, je serais tomb\u00e9e en d\u00e9pression.\u00a0\u00bb<\/p>\n<p>    <img   decoding=\"async\" loading=\"lazy\" src=\"https:\/\/www.europesays.com\/fr\/wp-content\/uploads\/2025\/09\/coco-clothilde-maladie-de-franconi-sortie-ihope-960x640.png\" alt=\"Clothilde sort du secteur prot\u00e9g\u00e9 et va bient\u00f4t pouvoir retourner \u00e0 l'\u00e9cole : les soignants lui font une haie d'honneur.\" width=\"960\" height=\"640\"\/><br \/>\n    Clothilde sort du secteur prot\u00e9g\u00e9 et va bient\u00f4t pouvoir retourner partiellement \u00e0 l\u2019\u00e9cole : les soignants \u00ab\u00a0tr\u00e8s pr\u00e9sents\u00a0\u00bb lui font une haie d\u2019honneur. (\u00a9Document remis \u00e0 actu Lyon)<\/p>\n<p class=\" wall-content\">Lev\u00e9es de fonds, courses caritatives\u2026 Elle parie sur la recherche et tente de sensibiliser le plus largement autour d\u2019elle \u00e0 travers ses divers projets. \u00ab\u00a0Le don de moelle osseuse peut <strong>offrir un avenir<\/strong>, un temps pr\u00e9cieux de gagn\u00e9.\u00a0\u00bb<\/p>\n<p>    <img   decoding=\"async\" loading=\"lazy\" src=\"https:\/\/www.europesays.com\/fr\/wp-content\/uploads\/2025\/09\/course-des-heros-anemie-de-franconi-grenoble-960x640.png\" alt=\"La famille participe \u00e0 plusieurs reprises \u00e0 la course des H\u00e9ros pour lever des fonds.\" width=\"960\" height=\"640\"\/><br \/>\n    La famille participe \u00e0 plusieurs reprises \u00e0 la course des H\u00e9ros pour lever des fonds au profit de l\u2019Association Fran\u00e7aise de la Maladie de Fanconi. (\u00a9Document remis \u00e0 actu Lyon)<\/p>\n<blockquote class=\"ac-article-quote wall-content\">\n<p>Vais-je devoir faire mes adieux \u00e0 ma fille ? J&rsquo;aurais pr\u00e9f\u00e9r\u00e9, comme tout parent, qu&rsquo;elle doive me faire ses adieux et pas l&rsquo;inverse. Tant qu&rsquo;elle verra le futur, tant qu&rsquo;elle d\u00e9cidera de devenir avocate, grande m\u00e9decin&#8230; je la suivrai, son futur est le mien. Quand on a de l&rsquo;espoir, on peut d\u00e9jouer les pronostics.<\/p>\n<p>    <strong>Sara<\/strong>\n            <\/p><\/blockquote>\n<p class=\" wall-content\">Elle rencontre un grand \u00e9lan de solidarit\u00e9 locale, collecte d\u00e9j\u00e0 4 000 euros de dons, des cadeaux et autres gestes solidaires \u00e0 Meyzieu. \u00ab\u00a0On commence aussi \u00e0 nous suivre sur les r\u00e9seaux sociaux, m\u00eame si je d\u00e9bute.\u00a0\u00bb<\/p>\n<p>\u00ab\u00a0Aidez-nous\u00a0\u00bb<\/p>\n<p class=\" wall-content\">Sara partage aussi un message de r\u00e9silience. \u00ab\u00a0J\u2019ai moi-m\u00eame dout\u00e9. C\u2019est essentiel de savoir ce qui nous attend quand on vit la m\u00eame chose : c\u2019est pour \u00e7a que je t\u00e9moigne, pour dire que<strong> ce n\u2019est pas impossible<\/strong>. On survit et on vit, on revoit ses priorit\u00e9s, le sens de la vie tout court.\u00a0\u00bb\u00a0<\/p>\n<p class=\" wall-content\">Aujourd\u2019hui, les journ\u00e9es de Coco sont rythm\u00e9es par les m\u00e9dicaments et une rentr\u00e9e partielle \u00e0 l\u2019\u00e9cole, tandis que Sara voit le chemin parcouru avec fiert\u00e9. Sur les r\u00e9seaux sociaux, ils r\u00e9coltent de nombreux soutiens. \u00ab\u00a0Coco est ma d\u00e9finition du courage\u00a0\u00bb, \u00ab\u00a0une vraie h\u00e9ro\u00efne\u00a0\u00bb\u2026<\/p>\n<p class=\" wall-content\"><a href=\"https:\/\/www.instagram.com\/p\/DOWfigeiH0J\/embed\" title=\"Ouvrir le lien sur Instagram\" target=\"_blank\" rel=\"noopener\">Visualiser le contenu sur Instagram<\/a><\/p>\n<blockquote class=\"ac-article-quote wall-content\">\n<p>Ce qui est bizarre avec cette maladie, c&rsquo;est qu&rsquo;on a comme une bombe \u00e0 retardement, \u00e7a peut aller bien aujourd&rsquo;hui et ne plus aller demain.<\/p>\n<p>    <strong>Sara<\/strong>\n            <\/p><\/blockquote>\n<p>    <img   decoding=\"async\" loading=\"lazy\" src=\"https:\/\/www.europesays.com\/fr\/wp-content\/uploads\/2025\/09\/coco-clothilde-maladie-de-franconi-photo-avec-sa-maman-sara-de-oliveira-960x640.jpg\" alt=\"Clothilde est une petite fille \" width=\"960\" height=\"640\"\/><br \/>\n    Clothilde est une petite fille \u00ab\u00a0tr\u00e8s girly, tr\u00e8s charmeuse, elle porte des robes et des bijoux, du parfum pour assurer son genre. Je ne lui interdis rien, la vie est trop courte, il faut profiter !\u00a0\u00bb, d\u00e9crit sa maman. (\u00a9Th\u00e9o Zuili \/ actu Lyon)<\/p>\n<p class=\" wall-content\">Les autres \u00e9tapes : <a href=\"https:\/\/www.helloasso.com\/associations\/coco-et-ses-amis-contre-fanconi\/formulaires\/1\" target=\"_blank\" rel=\"noopener\">r\u00e9colter un maximum de fonds<\/a> pour financer un rem\u00e8de. \u00ab\u00a0Si on trouve comment r\u00e9parer l\u2019ADN, on serait <strong>capable de gu\u00e9rir les cancers\u2026<\/strong> Ce serait la cl\u00e9 d\u2019un nouveau monde. L\u2019espoir est peut-\u00eatre minime, mais la recherche \u00e9volue tellement vite qu\u2019on a espoir que Coco puisse avoir un traitement.\u00a0\u00bb<\/p>\n<p class=\" wall-content\">Elle s\u2019adresse \u00e0 nos lecteurs : \u00ab\u00a0Aidez-nous, on a besoin de vous.\u00a0\u00bb<\/p>\n<p class=\" wall-content\">Personnalisez votre actualit\u00e9 en ajoutant vos villes et m\u00e9dias en favori avec <a href=\"https:\/\/moncompte.actu.fr\" title=\"D\u00e9couvez Mon Actu\" rel=\"nofollow noopener\" data-trk=\"{&quot;cta&quot;:{&quot;action&quot;:&quot;https:\\\/\\\/moncompte.actu.fr&quot;,&quot;category&quot;:&quot;mon compte&quot;,&quot;from&quot;:&quot;article footer&quot;,&quot;name&quot;:&quot;Mon actu&quot;,&quot;type&quot;:&quot;cta&quot;}}\" target=\"_blank\">Mon Actu<\/a>.<\/p>\n<p>                    <script async src=\"\/\/www.instagram.com\/embed.js\"><\/script><\/p>\n","protected":false},"excerpt":{"rendered":"Par Th\u00e9o Zuili Publi\u00e9 le 16 sept. 2025 \u00e0 17h50 Il n\u2019existe pas de rem\u00e8de pour Clothilde, mais&hellip;\n","protected":false},"author":2,"featured_media":395416,"comment_status":"","ping_status":"","sticky":false,"template":"","format":"standard","meta":{"footnotes":""},"categories":[1889],"tags":[1111,11,2430,1719,1777,674,1011,27,2428,12,25,71,104,240],"class_list":{"0":"post-395415","1":"post","2":"type-post","3":"status-publish","4":"format-standard","5":"has-post-thumbnail","7":"category-lyon","8":"tag-actu","9":"tag-actualites","10":"tag-auvergne-rhone-alpes","11":"tag-enfants","12":"tag-eu","13":"tag-europe","14":"tag-fr","15":"tag-france","16":"tag-lyon","17":"tag-news","18":"tag-republique-francaise","19":"tag-sante","20":"tag-societe","21":"tag-temoignage"},"share_on_mastodon":{"url":"https:\/\/pubeurope.com\/@fr\/115214812936479806","error":""},"_links":{"self":[{"href":"https:\/\/www.europesays.com\/fr\/wp-json\/wp\/v2\/posts\/395415","targetHints":{"allow":["GET"]}}],"collection":[{"href":"https:\/\/www.europesays.com\/fr\/wp-json\/wp\/v2\/posts"}],"about":[{"href":"https:\/\/www.europesays.com\/fr\/wp-json\/wp\/v2\/types\/post"}],"author":[{"embeddable":true,"href":"https:\/\/www.europesays.com\/fr\/wp-json\/wp\/v2\/users\/2"}],"replies":[{"embeddable":true,"href":"https:\/\/www.europesays.com\/fr\/wp-json\/wp\/v2\/comments?post=395415"}],"version-history":[{"count":0,"href":"https:\/\/www.europesays.com\/fr\/wp-json\/wp\/v2\/posts\/395415\/revisions"}],"wp:featuredmedia":[{"embeddable":true,"href":"https:\/\/www.europesays.com\/fr\/wp-json\/wp\/v2\/media\/395416"}],"wp:attachment":[{"href":"https:\/\/www.europesays.com\/fr\/wp-json\/wp\/v2\/media?parent=395415"}],"wp:term":[{"taxonomy":"category","embeddable":true,"href":"https:\/\/www.europesays.com\/fr\/wp-json\/wp\/v2\/categories?post=395415"},{"taxonomy":"post_tag","embeddable":true,"href":"https:\/\/www.europesays.com\/fr\/wp-json\/wp\/v2\/tags?post=395415"}],"curies":[{"name":"wp","href":"https:\/\/api.w.org\/{rel}","templated":true}]}}