{"id":395419,"date":"2025-09-16T16:02:11","date_gmt":"2025-09-16T16:02:11","guid":{"rendered":"https:\/\/www.europesays.com\/fr\/395419\/"},"modified":"2025-09-16T16:02:11","modified_gmt":"2025-09-16T16:02:11","slug":"toutes-les-previsions-grosses-perturbations-en-ile-de-france","status":"publish","type":"post","link":"https:\/\/www.europesays.com\/fr\/395419\/","title":{"rendered":"toutes les pr\u00e9visions, grosses perturbations en \u00cele-de-France"},"content":{"rendered":"<p>                Le secteur des transports fait partie de ceux qui seront le plus impact\u00e9 pour la journ\u00e9e de gr\u00e8ve du 18\u00a0septembre. Des perturbations sont \u00e0 pr\u00e9voir sur la circulation des trains, TER, RER et m\u00e9tro&#8230; La SNCF et la RATP s&rsquo;appr\u00eatent \u00e0 d\u00e9voiler leurs pr\u00e9visions de trafic.<\/p>\n<p>&#13;<\/p>\n<p>Sommaire<\/p>\n<p>&#13;<br \/>\n&#13;<br \/>\n&#13;<\/p>\n<p>L\u2019intersyndicale a appel\u00e9 \u00e0 la mobilisation pour la journ\u00e9e du jeudi 18 septembre 2025, une semaine apr\u00e8s la journ\u00e9e initi\u00e9e par le mouvement \u00ab\u00a0bloquons tout\u00a0\u00bb du 10 septembre. Toutefois, si ce dernier \u00e9tait une initiative citoyenne, la journ\u00e9e du 18 a \u00e9t\u00e9 organis\u00e9e par l&rsquo;intersyndicale r\u00e9unissant la CFDT, la CGT, FO, CFE-CGC, CFTC, UNSA, FSU et Solidaires. C\u2019est elle qui a appel\u00e9 \u00e0 la gr\u00e8ve le 18 et aussi \u00e0 manifester contre le projet de budget de Fran\u00e7ois Bayrou. Ayant chut\u00e9 apr\u00e8s le vote de confiance, le prochain mouvement de gr\u00e8ve sert donc \u00e0 mettre la pression sur S\u00e9bastien Lecornu, qui est en train de former son gouvernement.<\/p>\n<p>Pour davantage de pr\u00e9cisions quant \u00e0 ce mouvement de gr\u00e8ve qui s&rsquo;annonce extr\u00eamement importance, la SNCF communiquera, mardi apr\u00e8s-midi, ses pr\u00e9visions de trafic. Une chose est s\u00fbre, l&rsquo;appel \u00e0 la mobilisation sera suivi :\u00a0ce jour-l\u00e0 \u00ab\u00a0sera tr\u00e8s certainement une journ\u00e9e noire\u00a0\u00bb, a pr\u00e9venu le ministre des Transports d\u00e9missionnaire, Philippe Tabarot. Et si la journ\u00e9e du 10 septembre est apparue comme parfois d\u00e9sordonn\u00e9e, celle du 18 septembre devrait s&rsquo;apparenter \u00e0 une \u00ab\u00a0gr\u00e8ve carr\u00e9e\u00a0\u00bb, selon les grandes centrales syndicales, avec des cons\u00e9quences bien plus importantes et visibles pour les usagers, notamment dans les transports.<\/p>\n<p>A la SNCF, la CGT-cheminots, l&rsquo;Unsa-ferroviaire, SUD-rail et la CFDT-cheminots ont appel\u00e9 \u00ab\u00a0l&rsquo;ensemble des cheminotes et cheminots, dans tous les m\u00e9tiers et toutes les fonctions, \u00e0 agir par la gr\u00e8ve\u00a0\u00bb du 18 septembre. Un appel unanime qui devrait se traduire par un nombre de gr\u00e9vistes plus grand et donc des perturbations importantes sur le r\u00e9seau SNCF. Le\u00a0ralentissement du trafic\u00a0et les suppressions de trains pourraient \u00eatre nombreuses en Ile-de-France, notamment sur les lignes de TER et de Transilien. Les perturbations sont plus incertaines sur les TGV, car la direction aurait\u00a0eu le temps de s&rsquo;organiser pour remplacer les gr\u00e9vistes par des r\u00e9servistes selon RMC. La SNCF doit communiquer les pr\u00e9visions du trafic et pr\u00e9venir les voyageurs affect\u00e9s par la gr\u00e8ve dans l&rsquo;apr\u00e8s-midi de ce mardi.\u00a0<\/p>\n<p>Les quatre syndicat de\u00a0la branche ferroviaire souhaitent faire \u00ab\u00a0reculer le pouvoir\u00a0\u00bb\u00a0sur les propositions de budget formul\u00e9es par Fran\u00e7ois Bayrou avant sa chute, ils veulent\u00a0\u00ab\u00a0stopper les processus de mise en concurrence\u00a0\u00bb, \u00ab\u00a0garantir l&rsquo;avenir et le d\u00e9veloppement du fret public\u00a0\u00bb\u00a0et des\u00a0\u00ab\u00a0augmentations salariales\u00a0\u00bb, d&rsquo;apr\u00e8s\u00a0un communiqu\u00e9 commun.<\/p>\n<p>Les salari\u00e9s de la RATP sont \u00e9galement appel\u00e9s \u00e0 la gr\u00e8ve par la CGT, FO, Unsa Mobilit\u00e9s et la CFE-CGC, principaux syndicats de l&rsquo;entreprise ferroviaire. Des perturbations sont \u00e0 pr\u00e9voir. On ne conna\u00eet pas encore exactement quelles lignes seront impact\u00e9es, mais les pr\u00e9visions d\u00e9finitives sont attendues au plus tard la veille de la gr\u00e8ve \u00e0 17 heures, soit mercredi en fin de journ\u00e9e. Les gr\u00e9vistes de la RATP doivent se signaler 48\u00a0heures \u00e0 l&rsquo;avance dans le secteur des transports et ils devraient \u00eatre nombreux selon\u00a0Laurent, conducteur de m\u00e9tro et d\u00e9l\u00e9gu\u00e9\u00a0syndical Solidaires interrog\u00e9 par\u00a0R\u00e9volution Permanente : \u00ab\u00a0Sur 3000 conducteurs de m\u00e9tro, on a d\u00e9pass\u00e9 les 1000 d\u00e9clarations de gr\u00e8ve, en sachant qu\u2019il y a toujours environ 1\/3 des gens en repos, et que les coll\u00e8gues ont encore jusqu\u2019au 16 pour se d\u00e9clarer. Donc a priori, on va \u00eatre sur des chiffres tr\u00e8s importants\u00a0\u00bb. C\u2019est donc une journ\u00e9e noire qui se profile \u00ab\u00a0c\u00f4t\u00e9 m\u00e9tro et RER\u00a0\u00bb, avec des taux de gr\u00e9vistes estim\u00e9s \u00ab\u00a0entre 80 et 95%\u00a0\u00bb, apprend-on.<\/p>\n<p><img decoding=\"async\" alt=\"Cr\u00e9dit : RATP\" src=\"https:\/\/www.europesays.com\/fr\/wp-content\/uploads\/2025\/09\/1758038531_680_live.jpg\" style=\"width: 600px; height: 400px;\"\/><\/p>\n<p>Le trafic de m\u00e9tro devrait \u00eatre perturb\u00e9 sur la quasi-totalit\u00e9 des lignes selon les informations de RTL. Seules les trois lignes automatiques, la 1, la 4 et la 14, devraient fonctionner sans difficult\u00e9. Pour les lignes 7, 9, 10 et 13, le trafic sera \u00ab\u00a0perturb\u00e9\u00a0\u00bb et assur\u00e9 uniquement aux heures de pointe. Pour toutes les autres, &#8211;\u00a0la 2, la 3, la 3bis, la 5, la 6,\u00a0la 7bis, la 8,\u00a0la 11 et\u00a0la 12\u00a0&#8211; le trafic sera \u00ab\u00a0tr\u00e8s perturb\u00e9\u00a0\u00bb, assur\u00e9 uniquement aux heures de pointe.<\/p>\n<p>Un trafic perturb\u00e9 est \u00e9galement annonc\u00e9 sur les RER A et B (interconnexion assur\u00e9e \u00e0 Gare du Nord).\u00a0La circulation sur les RER D et E sera quant \u00e0 elle \u00ab\u00a0fortement perturb\u00e9e\u00a0\u00bb\u00a0pr\u00e9cise la SNCF sur son <a href=\"https:\/\/x.com\/RERE_SNCF\/status\/1967954940103647468?ref_src=twsrc%5Etfw%7Ctwcamp%5Etweetembed%7Ctwterm%5E1967954940103647468%7Ctwgr%5E4cedc7ec5999e755070d77f6c396b5990d14d145%7Ctwcon%5Es1_&amp;ref_url=https%3A%2F%2Fwww.leparisien.fr%2Finfo-paris-ile-de-france-oise%2Ftransports%2Fgreve-du-18-septembre-un-jeudi-noir-en-vue-en-ile-de-france-les-previsions-ligne-par-ligne-16-09-2025-UZO4M3M4RNASLMHW4NPUM2CF4M.php\">compte X<\/a>. Quant au bus, quelques lignes pourraient \u00eatre ferm\u00e9es. Enfin, le trafic est annonc\u00e9 perturb\u00e9 sur les lignes de tramway T5, T7 et T8. En revanche, pour les lignes T1, T2, T3b et T6, la RATP pr\u00e9voit un trafic normal \u00ab\u00a0ou quasi normal\u00a0\u00bb.<\/p>\n<p>C\u00f4t\u00e9 transilien, le trafic sera \u00ab\u00a0disparate\u00a0\u00bb annonce le ministre des Transports, Philippe Tabarot,\u00a0mardi lors d&rsquo;une conf\u00e9rence de presse. Il sera\u00a0\u00ab\u00a0normal\u00a0\u00bb\u00a0sur la ligne J, \u00ab\u00a0l\u00e9g\u00e8rement perturb\u00e9\u00a0\u00bb\u00a0sur la ligne P,\u00a0\u00ab\u00a0perturb\u00e9\u00a0\u00bb\u00a0sur les lignes K, L et V, et\u00a0\u00ab\u00a0fortement perturb\u00e9\u00a0\u00bb\u00a0pour les lignes H, R, N et U. Des pr\u00e9visions plus d\u00e9taill\u00e9es seront publi\u00e9es mercredi.<\/p>\n<p>Les autres secteurs impact\u00e9s par les blocages<\/p>\n<p>Il sera \u00e9galement difficile de trouver des VTC. Le syndicat FO-IN appelle \u00e0 la mobilisation pour obtenir \u00ab\u00a0une justice sociale et fiscale\u00a0\u00bb, ainsi que la revalorisation du travail des chauffeurs et \u00ab\u00a0l&rsquo;application des r\u00e8gles de travail pour tous\u00a0\u00bb. Ils sont appel\u00e9s \u00e0 se d\u00e9connecter des plateformes le 18\u00a0septembre et \u00e0 un rassemblement devant le minist\u00e8re du Travail, selon des informations du Figaro.<\/p>\n<p>Enfin, du c\u00f4t\u00e9 des a\u00e9roports, les contr\u00f4leurs a\u00e9riens avaient aussi \u00e9t\u00e9\u00a0appel\u00e9s \u00e0 la gr\u00e8ve par le SNCTA. Mais le principal syndicat des transporteurs a\u00e9riens a finalement report\u00e9 son appel pour le mouvement de gr\u00e8ve du 7 au 9 octobre prochain. La cause de ce report est l&rsquo;absence d&rsquo;interlocuteur au gouvernement pour faire entendre les diff\u00e9rentes revendication. Parmi elle, il y a\u00a0le \u00ab\u00a0rattrapage int\u00e9gral de l&rsquo;inflation\u00a0\u00bb pour les salaires et une \u00e9volution de la gouvernance de la profession. En revanche, des perturbations sont encore attendues du c\u00f4t\u00e9 des compagnies a\u00e9riennes. FO appelle toujours les salari\u00e9s d&rsquo;Air France \u00e0 se joindre au mouvement et a d\u00e9pos\u00e9 un pr\u00e9avis de gr\u00e8ve pour le 18\u00a0septembre, ainsi que la CGT Air France et la CFDT Air France.<\/p>\n<p><a name=\"post1758038265\"\/>17:57 &#8211; Le trafic susceptible d&rsquo;\u00eatre modifi\u00e9 jusqu&rsquo;\u00e0 la veille de la gr\u00e8ve<\/p>\n<p>Lors d&rsquo;une gr\u00e8ve, le plan de transport de la SNCF et de la RATP sont susceptibles de changer jusqu&rsquo;\u00e0 la veille de la journ\u00e9e de mobilisation. Les pr\u00e9visions du trafic deviennent d\u00e9finitive \u00e0 17 heures, la veille de la gr\u00e8ve. Il faudra donc se tenir inform\u00e9 des perturbations de la gr\u00e8ve du 18 ce mercredi \u00e0 partir de 17 heures.\u00a0\u00c0 noter qu&rsquo;en cas de perturbation de la la circulation d&rsquo;un train, les voyageurs concern\u00e9s voient\u00a0les frais d\u2019\u00e9changes et d\u2019annulation\u00a0lev\u00e9s pendant une p\u00e9riode limit\u00e9e pour proc\u00e9der au remboursement. De m\u00eame, les \u00e9changes et annulations de billet sont possibles avant le d\u00e9part initialement pr\u00e9vu, m\u00eame sur des billets non \u00e9changeables et non remboursables.<\/p>\n<p>La carte des rassemblements du 18 septembre 2025&#13;<br \/>\n&#13;<\/p>\n<p>Ce jeudi 18\u00a0septembre s&rsquo;annonce comme une nouvelle journ\u00e9e de mobilisation sociale d&rsquo;ampleur. Syndicats, professions en col\u00e8re et mouvements citoyens appellent \u00e0 descendre dans la rue pour faire entendre une contestation claire contre les pistes avanc\u00e9es par le gouvernement pour le budget 2026, accus\u00e9 d&rsquo;imposer une cure d&rsquo;aust\u00e9rit\u00e9 aux Fran\u00e7ais.\u00a0O\u00f9 seront les cort\u00e8ges et les manifestations\u00a0?\u00a0Tout savoir gr\u00e2ce \u00e0 notre carte.<\/p>\n<p>&#13;<br \/>\n&#13;<br \/>\n&#13;<br \/>\n<a name=\"post1758037667\"\/>17:47 &#8211; Un trafic \u00ab\u00a0disparate\u00a0\u00bb pour le Transilien<\/p>\n<p>C\u00f4t\u00e9 transilien, le trafic sera \u00ab\u00a0disparate\u00a0\u00bb annonce le ministre des Transports, Philippe Tabarot, ce mardi lors d&rsquo;une conf\u00e9rence de presse. Il sera\u00a0\u00ab\u00a0normal\u00a0\u00bb\u00a0sur la ligne J, \u00ab\u00a0l\u00e9g\u00e8rement perturb\u00e9\u00a0\u00bb\u00a0sur la ligne P,\u00a0\u00ab\u00a0perturb\u00e9\u00a0\u00bb\u00a0sur les lignes K, L et V, et\u00a0\u00ab\u00a0fortement perturb\u00e9\u00a0\u00bb\u00a0pour les lignes H, R, N et U. Des pr\u00e9visions plus d\u00e9taill\u00e9es seront publi\u00e9es mercredi 17 septembre, soit demain.<\/p>\n<p><a name=\"post1758034162\"\/>16:49 &#8211; En r\u00e9gion, les lignes TER impact\u00e9es ce jeudi<\/p>\n<p>Pour la journ\u00e9e du jeudi 18 septembre,\u00a0\u00ab\u00a090% des TGV circuleront, un train Intercit\u00e9 sur deux et trois TER sur cinq circuleront en r\u00e9gion\u00a0\u00bb, assure Philippe Tabarot,\u00a0ministre d\u00e9missionnaire des Transports lors d&rsquo;une conf\u00e9rence de presse ce mardi. De plus, des \u00ab\u00a0disparit\u00e9s entre les diff\u00e9rentes r\u00e9gions\u00a0\u00bb\u00a0sont \u00e0 pr\u00e9voir. Selon Philippe Tabarot, \u00ab\u00a0globalement trois trains sur cinq circuleront\u00a0\u00bb, relaye Le Parisien.<\/p>\n<p><a name=\"post1758032341\"\/>16:19 &#8211; Des perturbations annonc\u00e9es sur toutes les lignes de m\u00e9tro sauf trois<\/p>\n<p>La RATP annonce des perturbations sur la quasi-totalit\u00e9 des lignes de m\u00e9tro pour la gr\u00e8ve du 18 septembre. Selon les informations de <a href=\"https:\/\/www.rtl.fr\/actu\/economie-consommation\/info-rtl-greve-du-18-septembre-la-ratp-prevoit-une-journee-noire-dans-les-transports-a-paris-seules-3-lignes-de-metro-fonctionneront-normalement-7900542068\" target=\"_blank\" rel=\"noopener\">RTL<\/a>, seules trois lignes devraient fonctionner normalement, il s&rsquo;agit des trois lignes automatiques : la 1, la 4 et la 14. Pour toutes les autres &#8211;\u00a0la 2, la 3, la 3bis, la 5, la 6, la 7, la 7bis, la 8, la 9, la 10, la 11, la 12 et la 13 &#8211; le trafic sera assur\u00e9 uniquement aux heures de pointe. Un trafic limit\u00e9 aux heures de pointe est \u00e9galement \u00e0 pr\u00e9voir sur les RER A et B. Quant au bus, quelques lignes pourraient \u00eatre ferm\u00e9es.<\/p>\n<p><a name=\"post1758028050\"\/>15:07 &#8211; Les voyageurs de la SNCF pr\u00e9venus en cas de perturbations sur leur train ?<\/p>\n<p>Comme \u00e0 chaque gr\u00e8ve, <a href=\"https:\/\/www.sncf-connect.com\/aide\/informations-situation-perturbee\" target=\"_blank\" rel=\"noopener\">la SNCF <\/a>pr\u00e9vient que \u00ab\u00a0les compagnies de train\u00a0peuvent\u00a0contacter par e-mail, SMS ou t\u00e9l\u00e9phone\u00a0\u00bb les voyageurs devant prendre le train le jour de la mobilisation\u00a0\u00ab\u00a0pour [les] informer des diff\u00e9rentes possibilit\u00e9s\u00a0\u00bb en cas de perturbation. Cette prise de contact peut intervenir deux jours avant la date du voyage, lorsque les premi\u00e8res pr\u00e9visions tombent ou \u00e0 la veille du voyage. En cas d&rsquo;absence de nouvelles de la SNCF, il est conseill\u00e9 de \u00ab\u00a0v\u00e9rifier\u00a0que [le] train circule et si\u00a0l&rsquo;horaire pr\u00e9vu de d\u00e9part\u00a0n&rsquo;a pas \u00e9t\u00e9 modifi\u00e9, en raison de la perturbation\u00a0\u00bb.<\/p>\n<p>En revanche, les utilisateurs des lignes RATP ne sont pas pr\u00e9venus des perturbations en amont et sont tous invit\u00e9s \u00e0 prendre connaissance des pr\u00e9visions du trafic avant de se rendre en gare.<\/p>\n<p><a name=\"post1758018246\"\/>12:24 &#8211; Entre 80 et 95 % de gr\u00e9vistes \u00e0 la RATP selon un syndicaliste<\/p>\n<p>A la RATP, la journ\u00e9e de gr\u00e8ve du 18 septembre s&rsquo;annonce tr\u00e8s suivie. Du c\u00f4t\u00e9 des m\u00e9tros, un d\u00e9l\u00e9gu\u00e9 syndical Solidaires explique \u00e0 R\u00e9volution permanente que \u00ab\u00a0sur 3000 conducteurs de m\u00e9tro, on a d\u00e9pass\u00e9 les 1000 d\u00e9clarations de gr\u00e8ve, en sachant qu\u2019il y a toujours environ 1\/3 des gens en repos\u00a0\u00bb. Un compte tenu le 14 septembre alors que les employ\u00e9s ont jusqu&rsquo;\u00e0 ce mardi pour se d\u00e9clarer gr\u00e9vistes. Une dynamique \u00e9galement visible chez les agents de RER : \u00ab\u00a0On a entendu la grosse d\u00e9termination qu\u2019il y a au m\u00e9tro et au RER on ne restera pas spectateur, chez nous aussi, il y a un ras le bol g\u00e9n\u00e9ralis\u00e9\u00a0\u00bb assur\u00e9 un\u00a0conducteur de la ligne A et repr\u00e9sentant de section syndicale chez Solidaires au m\u00eame m\u00e9dia. R\u00e9sultat : les syndicats annoncent une journ\u00e9e noire durant laquelle le taux de gr\u00e9vistes pourrait \u00eatre compris entre 80 et 95% selon R\u00e9volution permanente. La mobilisation s&rsquo;annonce moindre sur les lignes de bus.<\/p>\n<p><a name=\"post1758009222\"\/>09:53 &#8211; Les transports franciliens et les TER plus impact\u00e9s que les TGV ?<\/p>\n<p>Le taux de gr\u00e9vistes risque d&rsquo;\u00eatre \u00e9lev\u00e9 \u00e0 la SNCF et plus important que pour la journ\u00e9e du 10 septembre. La forte mobilisation des cheminots risque d&rsquo;entra\u00eener d&rsquo;importantes perturbations sur le trafic de la SNCF, notamment sur les lignes r\u00e9gionales des TER et sur les transports d&rsquo;Ile-de-France. Le TGV pourraient \u00e9galement \u00eatre touch\u00e9s, mais les l&rsquo;ampleur des perturbations les concernant est plus incertaine puisque la direction a eu le temps de s&rsquo;organier pour remplacer une partie des gr\u00e9vistes par des r\u00e9servistes rapporte <a href=\"https:\/\/rmc.bfmtv.com\/actualites\/societe\/transports\/greve-du-18-septembre-sncf-ratp-aeroports-a-quoi-faut-il-s-attendre-dans-les-transports_AN-202509150916.html\" target=\"_blank\" rel=\"noopener\">RMC<\/a>.<\/p>\n","protected":false},"excerpt":{"rendered":"Le secteur des transports fait partie de ceux qui seront le plus impact\u00e9 pour la journ\u00e9e de gr\u00e8ve&hellip;\n","protected":false},"author":2,"featured_media":395420,"comment_status":"","ping_status":"","sticky":false,"template":"","format":"standard","meta":{"footnotes":""},"categories":[1592],"tags":[1111,11,52747,51761,1777,674,51763,1011,27,662,12,51767,626,25,104],"class_list":{"0":"post-395419","1":"post","2":"type-post","3":"status-publish","4":"format-standard","5":"has-post-thumbnail","7":"category-ile-de-france","8":"tag-actu","9":"tag-actualites","10":"tag-cms-linternaute-8772078","11":"tag-controller-content","12":"tag-eu","13":"tag-europe","14":"tag-format-papier","15":"tag-fr","16":"tag-france","17":"tag-ile-de-france","18":"tag-news","19":"tag-parallaxeinfeed","20":"tag-paris","21":"tag-republique-francaise","22":"tag-societe"},"share_on_mastodon":{"url":"https:\/\/pubeurope.com\/@fr\/115214820905059711","error":""},"_links":{"self":[{"href":"https:\/\/www.europesays.com\/fr\/wp-json\/wp\/v2\/posts\/395419","targetHints":{"allow":["GET"]}}],"collection":[{"href":"https:\/\/www.europesays.com\/fr\/wp-json\/wp\/v2\/posts"}],"about":[{"href":"https:\/\/www.europesays.com\/fr\/wp-json\/wp\/v2\/types\/post"}],"author":[{"embeddable":true,"href":"https:\/\/www.europesays.com\/fr\/wp-json\/wp\/v2\/users\/2"}],"replies":[{"embeddable":true,"href":"https:\/\/www.europesays.com\/fr\/wp-json\/wp\/v2\/comments?post=395419"}],"version-history":[{"count":0,"href":"https:\/\/www.europesays.com\/fr\/wp-json\/wp\/v2\/posts\/395419\/revisions"}],"wp:featuredmedia":[{"embeddable":true,"href":"https:\/\/www.europesays.com\/fr\/wp-json\/wp\/v2\/media\/395420"}],"wp:attachment":[{"href":"https:\/\/www.europesays.com\/fr\/wp-json\/wp\/v2\/media?parent=395419"}],"wp:term":[{"taxonomy":"category","embeddable":true,"href":"https:\/\/www.europesays.com\/fr\/wp-json\/wp\/v2\/categories?post=395419"},{"taxonomy":"post_tag","embeddable":true,"href":"https:\/\/www.europesays.com\/fr\/wp-json\/wp\/v2\/tags?post=395419"}],"curies":[{"name":"wp","href":"https:\/\/api.w.org\/{rel}","templated":true}]}}