{"id":39542,"date":"2025-04-20T18:40:09","date_gmt":"2025-04-20T18:40:09","guid":{"rendered":"https:\/\/www.europesays.com\/fr\/39542\/"},"modified":"2025-04-20T18:40:09","modified_gmt":"2025-04-20T18:40:09","slug":"strasbourg-un-hommage-a-boualem-sansal-pour-refermer-lhistoire-de-la-capitale-mondiale-du-livre","status":"publish","type":"post","link":"https:\/\/www.europesays.com\/fr\/39542\/","title":{"rendered":"Strasbourg. Un hommage \u00e0 Boualem Sansal pour refermer l\u2019histoire de la Capitale mondiale du livre"},"content":{"rendered":"<p>Strasbourg \u00e9crivait les derni\u00e8res lignes de son histoire de Capitale mondiale du livre Unesco mercredi 16\u00a0avril , par un hommage \u00e0 l\u2019\u00e9crivain franco-alg\u00e9rien Boualem Sansal, l\u2019un des parrains de l\u2019\u00e9v\u00e9nement, incarc\u00e9r\u00e9 en Alg\u00e9rie depuis novembre. \u00ab\u00a0Il n\u2019est pas avec nous, mais il \u00e9tait \u00e0 nos c\u00f4t\u00e9s lors de la journ\u00e9e inaugurale\u00a0\u00bb, s\u2019est \u00e9mue la maire de Strasbourg, <a href=\"https:\/\/www.dna.fr\/p\/jeanne-barseghian\" target=\"_blank\" rel=\"noopener\">Jeanne Barseghian<\/a>, devant le milieu litt\u00e9raire r\u00e9uni sous les ors de l\u2019h\u00f4tel de ville. \u00ab\u00a0Sa litt\u00e9rature lui a rendu le monde dangereux, en s\u2019\u00e9levant contre l\u2019extr\u00e9miste et le fanatisme religieux\u00a0\u00bb, d\u00e9crit J\ufeffeanne Barseghian, d\u00e9plorant les \u00ab\u00a0hommes et femmes poursuivis, condamn\u00e9s, voire ex\u00e9cut\u00e9s pour avoir&#8230;<\/p>\n","protected":false},"excerpt":{"rendered":"Strasbourg \u00e9crivait les derni\u00e8res lignes de son histoire de Capitale mondiale du livre Unesco mercredi 16\u00a0avril , par&hellip;\n","protected":false},"author":2,"featured_media":39543,"comment_status":"","ping_status":"","sticky":false,"template":"","format":"standard","meta":{"footnotes":""},"categories":[2820],"tags":[1111,11,1687,2880,1777,674,107,1011,27,775,3539,2410,12,316,25,640,2879],"class_list":{"0":"post-39542","1":"post","2":"type-post","3":"status-publish","4":"format-standard","5":"has-post-thumbnail","7":"category-strasbourg","8":"tag-actu","9":"tag-actualites","10":"tag-culture-loisirs","11":"tag-edition-strasbourg","12":"tag-eu","13":"tag-europe","14":"tag-fil-info","15":"tag-fr","16":"tag-france","17":"tag-grand-est","18":"tag-les-ecologistes","19":"tag-livres-bd","20":"tag-news","21":"tag-politique","22":"tag-republique-francaise","23":"tag-strasbourg","24":"tag-strasbourg-ville"},"share_on_mastodon":{"url":"https:\/\/pubeurope.com\/@fr\/114371757575994003","error":""},"_links":{"self":[{"href":"https:\/\/www.europesays.com\/fr\/wp-json\/wp\/v2\/posts\/39542","targetHints":{"allow":["GET"]}}],"collection":[{"href":"https:\/\/www.europesays.com\/fr\/wp-json\/wp\/v2\/posts"}],"about":[{"href":"https:\/\/www.europesays.com\/fr\/wp-json\/wp\/v2\/types\/post"}],"author":[{"embeddable":true,"href":"https:\/\/www.europesays.com\/fr\/wp-json\/wp\/v2\/users\/2"}],"replies":[{"embeddable":true,"href":"https:\/\/www.europesays.com\/fr\/wp-json\/wp\/v2\/comments?post=39542"}],"version-history":[{"count":0,"href":"https:\/\/www.europesays.com\/fr\/wp-json\/wp\/v2\/posts\/39542\/revisions"}],"wp:featuredmedia":[{"embeddable":true,"href":"https:\/\/www.europesays.com\/fr\/wp-json\/wp\/v2\/media\/39543"}],"wp:attachment":[{"href":"https:\/\/www.europesays.com\/fr\/wp-json\/wp\/v2\/media?parent=39542"}],"wp:term":[{"taxonomy":"category","embeddable":true,"href":"https:\/\/www.europesays.com\/fr\/wp-json\/wp\/v2\/categories?post=39542"},{"taxonomy":"post_tag","embeddable":true,"href":"https:\/\/www.europesays.com\/fr\/wp-json\/wp\/v2\/tags?post=39542"}],"curies":[{"name":"wp","href":"https:\/\/api.w.org\/{rel}","templated":true}]}}