{"id":395439,"date":"2025-09-16T16:12:19","date_gmt":"2025-09-16T16:12:19","guid":{"rendered":"https:\/\/www.europesays.com\/fr\/395439\/"},"modified":"2025-09-16T16:12:19","modified_gmt":"2025-09-16T16:12:19","slug":"lecornu-face-a-la-gauche-la-plus-archaique-deurope","status":"publish","type":"post","link":"https:\/\/www.europesays.com\/fr\/395439\/","title":{"rendered":"Lecornu face \u00e0 la gauche la plus archa\u00efque d\u2019Europe"},"content":{"rendered":"<p>Olivier Faure place la barre tr\u00e8s haut. Certes, le premier secr\u00e9taire est d&rsquo;accord pour discuter avec <a class=\"Link\" href=\"https:\/\/www.lepoint.fr\/tags\/sebastien-lecornu\" data-gtm=\"click:capsule\" data-capsule=\"Lien\" target=\"_blank\" rel=\"noopener\">S\u00e9bastien Lecornu<\/a>. Mais ses conditions pour aboutir \u00e0 un accord de non-censure paraissent quasi inacceptables pour tout gouvernement responsable. Nulle part en Europe, en effet, n&rsquo;existent la <a class=\"Link\" href=\"https:\/\/www.lepoint.fr\/economie\/que-contient-la-taxe-zucman-qui-vise-les-plus-riches-examinee-par-le-senat-12-06-2025-2591856_28.php\" title=\"\" data-gtm=\"click:capsule\" data-capsule=\"Lien\" target=\"_blank\" rel=\"noopener\">taxe Zucman<\/a> ou la retraite \u00e0 62\u00a0ans\u2026<\/p>\n<p>Les socialistes fran\u00e7ais continuent d&rsquo;\u00eatre en retard de trois trains sur leurs voisins sociaux-d\u00e9mocrates. Partout ailleurs, on a compris qu&rsquo;il ne suffisait pas de taxer les riches pour r\u00e9gler les probl\u00e8mes d&rsquo;\u00e9quilibre budg\u00e9taire et que l&rsquo;\u00e9volution d\u00e9mographique rendait in\u00e9luctable de travailler plus longtemps. Mais la gauche hexagonale refuse de voir les r\u00e9alit\u00e9s et surfe sur des mythes solidement entretenus par des leaders d&rsquo;opinion d\u00e9magogiques.<\/p>\n<p>\u00c0 LIRE AUSSI <strong class=\"strong\"><a href=\"https:\/\/www.lepoint.fr\/politique\/a-la-fete-de-l-humanite-une-gauche-divisee-13-09-2025-2598509_20.php\" title=\"\u00c0 la F\u00eate de l&#039;Humanit\u00e9, une gauche divis\u00e9e\" style=\"text-decoration: none; color: inherit;\" data-gtm=\"click:capsule\" data-capsule=\"\u00c0 lire aussi\" target=\"_blank\" rel=\"noopener\">\u00c0&#8230;<\/a><\/strong><\/p>\n<p>Toute l\u2019actualit\u00e9 \u00e0 1\u20ac le premier mois<\/p>\n<p><a href=\"https:\/\/abo.lepoint.fr\/?provenance=21EDI020098\" class=\"btn\" title=\"S&#039;abonner\" data-gtm=\"click:abo|display:abo\" data-campaign=\"paywall_maison\" target=\"_blank\" rel=\"noopener\">S&rsquo;abonner<\/a><\/p>\n<p>ou<\/p>\n<p>La newsletter politique<\/p>\n<p class=\"period\">Tous les lundis \u00e0 11h30<\/p>\n<p>Recevez en avant-premi\u00e8re les informations et analyses politiques de la r\u00e9daction du Point.<\/p>\n<p>Merci !<br \/>Votre inscription a bien \u00e9t\u00e9 prise en compte avec l&rsquo;adresse email :<\/p>\n<p>Pour d\u00e9couvrir toutes nos autres newsletters, rendez-vous ici : <a href=\"https:\/\/moncompte.lepoint.fr\/\" title=\"\" target=\"_blank\" rel=\"noopener\">MonCompte<\/a><\/p>\n<p>En vous inscrivant, vous acceptez les <a href=\"https:\/\/www.lepoint.fr\/html\/cgu\/\" title=\"Conditions g\u00e9n\u00e9rales d&#039;utilisation\" target=\"_blank\" rel=\"noopener\">conditions g\u00e9n\u00e9rales d\u2019utilisations<\/a> et notre <a href=\"https:\/\/www.lepoint.fr\/html\/politique-de-protection-donnees-personnelles\/\" title=\"Politique de confidentialit\u00e9\" target=\"_blank\" rel=\"noopener\">politique de confidentialit\u00e9<\/a>.<\/p>\n","protected":false},"excerpt":{"rendered":"Olivier Faure place la barre tr\u00e8s haut. Certes, le premier secr\u00e9taire est d&rsquo;accord pour discuter avec S\u00e9bastien Lecornu.&hellip;\n","protected":false},"author":2,"featured_media":395440,"comment_status":"","ping_status":"","sticky":false,"template":"","format":"standard","meta":{"footnotes":""},"categories":[1586],"tags":[11,1777,674,1011,27,52752,12,4393,25,11067],"class_list":{"0":"post-395439","1":"post","2":"type-post","3":"status-publish","4":"format-standard","5":"has-post-thumbnail","7":"category-europe","8":"tag-actualites","9":"tag-eu","10":"tag-europe","11":"tag-fr","12":"tag-france","13":"tag-le-regard-de-sylvie-pierre-brossolette","14":"tag-news","15":"tag-olivier-faure","16":"tag-republique-francaise","17":"tag-sebastien-lecornu"},"share_on_mastodon":{"url":"https:\/\/pubeurope.com\/@fr\/115214859965906186","error":""},"_links":{"self":[{"href":"https:\/\/www.europesays.com\/fr\/wp-json\/wp\/v2\/posts\/395439","targetHints":{"allow":["GET"]}}],"collection":[{"href":"https:\/\/www.europesays.com\/fr\/wp-json\/wp\/v2\/posts"}],"about":[{"href":"https:\/\/www.europesays.com\/fr\/wp-json\/wp\/v2\/types\/post"}],"author":[{"embeddable":true,"href":"https:\/\/www.europesays.com\/fr\/wp-json\/wp\/v2\/users\/2"}],"replies":[{"embeddable":true,"href":"https:\/\/www.europesays.com\/fr\/wp-json\/wp\/v2\/comments?post=395439"}],"version-history":[{"count":0,"href":"https:\/\/www.europesays.com\/fr\/wp-json\/wp\/v2\/posts\/395439\/revisions"}],"wp:featuredmedia":[{"embeddable":true,"href":"https:\/\/www.europesays.com\/fr\/wp-json\/wp\/v2\/media\/395440"}],"wp:attachment":[{"href":"https:\/\/www.europesays.com\/fr\/wp-json\/wp\/v2\/media?parent=395439"}],"wp:term":[{"taxonomy":"category","embeddable":true,"href":"https:\/\/www.europesays.com\/fr\/wp-json\/wp\/v2\/categories?post=395439"},{"taxonomy":"post_tag","embeddable":true,"href":"https:\/\/www.europesays.com\/fr\/wp-json\/wp\/v2\/tags?post=395439"}],"curies":[{"name":"wp","href":"https:\/\/api.w.org\/{rel}","templated":true}]}}