{"id":39544,"date":"2025-04-20T18:41:08","date_gmt":"2025-04-20T18:41:08","guid":{"rendered":"https:\/\/www.europesays.com\/fr\/39544\/"},"modified":"2025-04-20T18:41:08","modified_gmt":"2025-04-20T18:41:08","slug":"pour-le-vendredi-saint-a-saint-laurent-du-var-des-chevaliers-ont-reconstitue-le-catenacciu-une-procession-de-croix-typique-en-corse","status":"publish","type":"post","link":"https:\/\/www.europesays.com\/fr\/39544\/","title":{"rendered":"Pour le Vendredi saint, \u00e0 Saint-Laurent-du-Var, des \u00ab\u00a0chevaliers\u00a0\u00bb ont reconstitu\u00e9 le Catenacciu, une procession de croix typique en Corse"},"content":{"rendered":"<p>Un raclement rauque monte du fond du vallon obscur. D\u2019o\u00f9 parvient bient\u00f4t un \u00e9cho solennel, refrain lancinant repris en ch\u0153ur et en latin par une cohorte mystique. Quelques riverains du chemin du D\u00e9gouta\u00ef, sur les hauteurs de Saint-Laurent-du-Var, s\u2019aventurent hors de chez eux, interloqu\u00e9s. S\u2019ils ont oubli\u00e9 que ce vendredi 18 avril \u00e9tait un jour saint chez les chr\u00e9tiens, la piq\u00fbre de rappel n\u2019en est que plus vive.<\/p>\n<p>D\u2019un pas lourd, franchissant la colline, s\u2019avance un homme sans visage, rev\u00eatu d\u2019une capirote (1) rouge de p\u00e9nitent. <strong>Revivant symboliquement la passion du Christ<\/strong>, il supporte une imposante croix de trente kilos, tout en tra\u00eenant \u00e0 sa cheville de lourdes cha\u00eenes. \u00c0 sa suite, se masse une singuli\u00e8re procession&#8230; de chevaliers drap\u00e9s de bures, frapp\u00e9es d\u2019une croix patt\u00e9e (2).<\/p>\n<p>\u00ab\u00a0C\u2019est une reconstitution m\u00e9di\u00e9vale?\u00a0\u00bb, s\u2019enquiert une riveraine, circonspecte derri\u00e8re son t\u00e9l\u00e9phone portable filmant la sc\u00e8ne. \u00ab\u00a0Non, nous sommes des vrais Templiers\u00a0\u00bb, r\u00e9torque un fid\u00e8le, m\u00e9nageant un silence d\u00e9concertant. Avant d\u2019apporter une clarification plus que bienvenue: \u00ab\u00a0Nous appartenons \u00e0 diff\u00e9rentes associations se revendiquant des valeurs chr\u00e9tiennes et chevaleresques. <strong>Aujourd\u2019hui, nous r\u00e9pondons \u00e0 l\u2019appel de l\u2019Ordre de Saint-Jean Baptiste<\/strong>.\u00a0\u00bb<\/p>\n<p>              <img ci-src=\"https:\/\/www.nicematin.com\/religion\/protec\/DATA_ART_15378289-9k0Gv4o9.jpg?vh=5e7210&amp;ci_seal=cacf89f990\" alt=\"\"\/><br \/>\n        La procession de croix, chemin du Degouta\u00ef, vendredi 18 avril. &#13;<br \/>\n <strong>Photo Frantz Bouton.<\/strong> <\/p>\n<blockquote>\n<p><strong>\u00ab\u00a0S\u2019\u00e9prouver et demander pardon\u00a0\u00bb<\/strong><\/p>\n<\/blockquote>\n<p><strong>Constitu\u00e9s \u00e0 Nice il y a trois ans<\/strong>, ces \u00ab\u00a0gardiens\u00a0\u00bb du prieur\u00e9 \u00e9ponyme, situ\u00e9 au bout du chemin du D\u00e9gouta\u00ef, ont \u00e9lu \u00e0 leur t\u00eate un \u00ab\u00a0grand ma\u00eetre\u00a0\u00bb, Patrick Cecchini. Originaire du village corse de Sart\u00e8ne, c\u2019est lui a eu l\u2019id\u00e9e d\u2019importer, sur le continent, <strong>cette procession traditionnelle du Catenacciu<\/strong>. Litt\u00e9ralement, \u00ab\u00a0l\u2019encha\u00een\u00e9\u00a0\u00bb. Un anonyme qui porte une lourde culpabilit\u00e9, incarn\u00e9e par les fers \u00e0 ses pieds. \u00ab\u00a0Le Seigneur est mort pour nos p\u00e9ch\u00e9s, avance l\u2019insulaire gaillard. Donc en marchant sur ses pas, le p\u00e9nitent rouge \u2013couleur de la passion\u2013 s\u2019\u00e9prouve et demande pardon.\u00a0\u00bb<\/p>\n<p>Ainsi, comme J\u00e9sus, l\u2019asc\u00e8te inconnu va chuter \u00e0 trois reprises sous le poids de son fardeau. \u00ab\u00a0Pour cette premi\u00e8re \u00e9dition, poursuit l\u2019organisateur, nous y allons doucement. \u00c0 Sart\u00e8ne, \u00e7a dure des heures, il y a des centaines et des centaines de marches.\u00a0\u00bb<\/p>\n<p>              <img ci-src=\"https:\/\/www.nicematin.com\/religion\/protec\/DATA_ART_15378632-XkB8jYhP.jpg?vh=03fb9c&amp;ci_seal=bf7b442644\" alt=\"\"\/><br \/>\n        Au bout de son ascension, le repentant effectue une pri\u00e8re dans la crypte.  <strong>Photo Frantz Bouton.<\/strong> <\/p>\n<p>                                <strong>L\u2019entraide d\u2019un p\u00e9nitent blanc<\/strong><\/p>\n<p>Bien que la version laurentine du \u00ab\u00a0calvaire\u00a0\u00bb soit moins rude, un peu de secours ne sera pas de refus pour le p\u00e9nitent rouge. Voil\u00e0 qu\u2019intervient une silhouette providentielle, rev\u00eatant une m\u00eame capuche pointue. Mais immacul\u00e9e cette fois-ci. \u00ab\u00a0C\u2019est le p\u00e9nitent blanc, repr\u00e9sentant Simon de Cyr\u00e8ne qui aida le Christ \u00e0 porter sa croix\u00a0\u00bb, explique Nathalie. Membre de la m\u00eame association, la ressortissante corse est initi\u00e9e depuis l\u2019enfance au Catenacciu: \u00ab\u00a0Plein de souvenirs y sont associ\u00e9s et le plus marquant reste peut-\u00eatre ce p\u00e9nitent blanc, offrant son aide dans un puissant \u00e9lan de fraternit\u00e9.\u00a0\u00bb<\/p>\n<p>Pr\u00e9cieux soutien qui poussera le repentant au bout de son ascension. <strong>L\u00e0, pas de crucifixion, mais une pri\u00e8re dans la crypte du prieur\u00e9<\/strong>. Apr\u00e8s un long recueillement sur \u00ab\u00a0le sacrifice du Sauveur\u00a0\u00bb, le \u00ab\u00a0sans-nom\u00a0\u00bb confie s\u2019\u00eatre \u00ab\u00a0lib\u00e9r\u00e9 d\u2019un poids. Mais le chemin est encore long, assure-t-il. On ne se s\u00e9pare jamais vraiment de notre part la plus sombre.\u00a0\u00bb En t\u00e9moignent les poings am\u00e9ricains tatou\u00e9s sur ses mains.<\/p>\n<p>1. Chapeau pointu en forme de c\u00f4ne.<\/p>\n<p>2. Croix chr\u00e9tienne aux branches \u00e9troites au niveau du centre et larges \u00e0 la p\u00e9riph\u00e9rie.<\/p>\n","protected":false},"excerpt":{"rendered":"Un raclement rauque monte du fond du vallon obscur. D\u2019o\u00f9 parvient bient\u00f4t un \u00e9cho solennel, refrain lancinant repris&hellip;\n","protected":false},"author":2,"featured_media":39545,"comment_status":"","ping_status":"","sticky":false,"template":"","format":"standard","meta":{"footnotes":""},"categories":[2819],"tags":[1111,11,1777,674,1011,27,12,2401,882,4020,25],"class_list":{"0":"post-39544","1":"post","2":"type-post","3":"status-publish","4":"format-standard","5":"has-post-thumbnail","7":"category-nice","8":"tag-actu","9":"tag-actualites","10":"tag-eu","11":"tag-europe","12":"tag-fr","13":"tag-france","14":"tag-news","15":"tag-nice","16":"tag-provence-alpes-cote-dazur","17":"tag-religion","18":"tag-republique-francaise"},"share_on_mastodon":{"url":"https:\/\/pubeurope.com\/@fr\/114371761580679613","error":""},"_links":{"self":[{"href":"https:\/\/www.europesays.com\/fr\/wp-json\/wp\/v2\/posts\/39544","targetHints":{"allow":["GET"]}}],"collection":[{"href":"https:\/\/www.europesays.com\/fr\/wp-json\/wp\/v2\/posts"}],"about":[{"href":"https:\/\/www.europesays.com\/fr\/wp-json\/wp\/v2\/types\/post"}],"author":[{"embeddable":true,"href":"https:\/\/www.europesays.com\/fr\/wp-json\/wp\/v2\/users\/2"}],"replies":[{"embeddable":true,"href":"https:\/\/www.europesays.com\/fr\/wp-json\/wp\/v2\/comments?post=39544"}],"version-history":[{"count":0,"href":"https:\/\/www.europesays.com\/fr\/wp-json\/wp\/v2\/posts\/39544\/revisions"}],"wp:featuredmedia":[{"embeddable":true,"href":"https:\/\/www.europesays.com\/fr\/wp-json\/wp\/v2\/media\/39545"}],"wp:attachment":[{"href":"https:\/\/www.europesays.com\/fr\/wp-json\/wp\/v2\/media?parent=39544"}],"wp:term":[{"taxonomy":"category","embeddable":true,"href":"https:\/\/www.europesays.com\/fr\/wp-json\/wp\/v2\/categories?post=39544"},{"taxonomy":"post_tag","embeddable":true,"href":"https:\/\/www.europesays.com\/fr\/wp-json\/wp\/v2\/tags?post=39544"}],"curies":[{"name":"wp","href":"https:\/\/api.w.org\/{rel}","templated":true}]}}