{"id":395455,"date":"2025-09-16T16:22:21","date_gmt":"2025-09-16T16:22:21","guid":{"rendered":"https:\/\/www.europesays.com\/fr\/395455\/"},"modified":"2025-09-16T16:22:21","modified_gmt":"2025-09-16T16:22:21","slug":"motogp-deteste-par-les-fans-de-ducati-marquez-repond-avec-un-geste-fort-a-la-messi","status":"publish","type":"post","link":"https:\/\/www.europesays.com\/fr\/395455\/","title":{"rendered":"MotoGP d\u00e9test\u00e9 par les fans de Ducati, Marquez r\u00e9pond avec un geste fort&#8230;\u00e0 la Messi !"},"content":{"rendered":"<p>Il a beau \u00eatre v\u00eatu d\u2019une combinaison rouge Ducati, Marc Marquez demeure l\u2019ennemi public num\u00e9ro 1, en Italie. Car le conflit avec Valentino Rossi perdure, plusieurs ann\u00e9es apr\u00e8s les tensions qui \u00e9taient apparues en piste puis en dehors. D\u2019ailleurs, les deux hommes ne se saluent m\u00eame pas, lorsqu\u2019ils se croisent, dans le paddock.<\/p>\n<p>MotoGP : Marc Marquez boud\u00e9 \u00e0 Misano, Marco Bezzecchi adul\u00e9 !<\/p>\n<p>Et logiquement, \u00e0 Misano, terre italienne, les fans du pilote retrait\u00e9 soutiennent leur pilote jusqu\u2019au bout. Si bien que, comme au Mugello il y a quelques semaines, les sifflets sont l\u00e9gion, \u00e0 l\u2019encontre de Marc Marquez. Chose qui a le don d\u2019agacer <a href=\"https:\/\/lemagsportauto.ouest-france.fr\/tag\/davide-tardozzi\/\" target=\"_blank\" rel=\"noopener\">Davide Tardozzi<\/a>, v\u00e9ritablement amoureux de son pilote. Qui avait pris sa d\u00e9fense sur la pr\u00e9-grille du Grand-Prix d\u2019Italie 2025, en s\u2019en prenant aux supporters. D\u2019ailleurs, le week-end dernier, lors du Grand-Prix de Saint Marin, Marco Bezzecchi \u00e9tait le chouchou du public, pilote appartenant \u00e0 la fili\u00e8re VR46. Pilote Aprilia\u2026<\/p>\n<p>Ainsi, m\u00eame en positionnant une Ducati officielle sur la premi\u00e8re marche du podium, Marc Marquez est tr\u00e8s loin de faire l\u2019unanimit\u00e9. Alors ce dernier, dimanche, a r\u00e9pondu d\u2019une mani\u00e8re forte, en arrivant sur le podium. C\u2019est \u00e0 dire, en brandissant sa combinaison Ducati vers la foule. Histoire de rappeler qu\u2019il \u00e9tait, avant tout, un pilote Ducati. Un geste d\u00e9j\u00e0 vu par le pass\u00e9, en Football, puisqu\u2019un certain L\u00e9o Messi avait r\u00e9alis\u00e9 la m\u00eame chose. Joueur dont M.M est un grand fan\u2026<\/p>\n<p>Voici la s\u00e9quence en question.<\/p>\n<blockquote class=\"twitter-tweet\">\n<p dir=\"ltr\" lang=\"en\">Shades of Leo Messi \ud83d\udc55 <a href=\"https:\/\/twitter.com\/marcmarquez93?ref_src=twsrc%5Etfw\" target=\"_blank\" rel=\"noopener\">@marcmarquez93<\/a> <a href=\"https:\/\/twitter.com\/hashtag\/SanMarinoGP?src=hash&amp;ref_src=twsrc%5Etfw\" target=\"_blank\" rel=\"noopener\">#SanMarinoGP<\/a> \ud83c\uddf8\ud83c\uddf2 <a href=\"https:\/\/t.co\/9Q3Sn7PbTw\">pic.twitter.com\/9Q3Sn7PbTw<\/a><\/p>\n<p>\u2014 MotoGP\u2122\ud83c\udfc1 (@MotoGP) <a href=\"https:\/\/twitter.com\/MotoGP\/status\/1967222303110070422?ref_src=twsrc%5Etfw\" target=\"_blank\" rel=\"noopener\">September 14, 2025<\/a><\/p>\n<\/blockquote>\n<p>Article publi\u00e9 le 16\/09\/2025 \u00e0 17h18<\/p>\n<p>                                                            <script async src=\"https:\/\/platform.twitter.com\/widgets.js\" charset=\"utf-8\"><\/script><\/p>\n","protected":false},"excerpt":{"rendered":"Il a beau \u00eatre v\u00eatu d\u2019une combinaison rouge Ducati, Marc Marquez demeure l\u2019ennemi public num\u00e9ro 1, en Italie.&hellip;\n","protected":false},"author":2,"featured_media":395456,"comment_status":"","ping_status":"","sticky":false,"template":"","format":"standard","meta":{"footnotes":""},"categories":[1413],"tags":[4266,1011,27,1461,1457,1456,1458,60],"class_list":{"0":"post-395455","1":"post","2":"type-post","3":"status-publish","4":"format-standard","5":"has-post-thumbnail","7":"category-moto","8":"tag-ducati","9":"tag-fr","10":"tag-france","11":"tag-marc-marquez","12":"tag-moto","13":"tag-motocycle","14":"tag-motogp","15":"tag-sports"},"share_on_mastodon":{"url":"https:\/\/pubeurope.com\/@fr\/115214899335442596","error":""},"_links":{"self":[{"href":"https:\/\/www.europesays.com\/fr\/wp-json\/wp\/v2\/posts\/395455","targetHints":{"allow":["GET"]}}],"collection":[{"href":"https:\/\/www.europesays.com\/fr\/wp-json\/wp\/v2\/posts"}],"about":[{"href":"https:\/\/www.europesays.com\/fr\/wp-json\/wp\/v2\/types\/post"}],"author":[{"embeddable":true,"href":"https:\/\/www.europesays.com\/fr\/wp-json\/wp\/v2\/users\/2"}],"replies":[{"embeddable":true,"href":"https:\/\/www.europesays.com\/fr\/wp-json\/wp\/v2\/comments?post=395455"}],"version-history":[{"count":0,"href":"https:\/\/www.europesays.com\/fr\/wp-json\/wp\/v2\/posts\/395455\/revisions"}],"wp:featuredmedia":[{"embeddable":true,"href":"https:\/\/www.europesays.com\/fr\/wp-json\/wp\/v2\/media\/395456"}],"wp:attachment":[{"href":"https:\/\/www.europesays.com\/fr\/wp-json\/wp\/v2\/media?parent=395455"}],"wp:term":[{"taxonomy":"category","embeddable":true,"href":"https:\/\/www.europesays.com\/fr\/wp-json\/wp\/v2\/categories?post=395455"},{"taxonomy":"post_tag","embeddable":true,"href":"https:\/\/www.europesays.com\/fr\/wp-json\/wp\/v2\/tags?post=395455"}],"curies":[{"name":"wp","href":"https:\/\/api.w.org\/{rel}","templated":true}]}}