{"id":395457,"date":"2025-09-16T16:23:17","date_gmt":"2025-09-16T16:23:17","guid":{"rendered":"https:\/\/www.europesays.com\/fr\/395457\/"},"modified":"2025-09-16T16:23:17","modified_gmt":"2025-09-16T16:23:17","slug":"rouler-avec-verstappen-cest-ecrit-selon-isack-hadjar-clique","status":"publish","type":"post","link":"https:\/\/www.europesays.com\/fr\/395457\/","title":{"rendered":"Rouler avec Verstappen ? \u00ab C\u2019est \u00e9crit \u00bb selon Isack Hadjar &#8211; Clique"},"content":{"rendered":"<p>Th\u00e9o Neufondle 16 septembre 2025<\/p>\n<p>Rouler avec Verstappen ? \u00ab C\u2019est \u00e9crit \u00bb selon Isack Hadjar &#8211; CliqueRouler avec Verstappen ? \u00ab C\u2019est \u00e9crit \u00bb selon Isack Hadjar &#8211; Clique<\/p>\n<p><strong>Performant chez Racing Bulls, avec notamment un premier podium obtenu \u00e0 Zandvoort, Isack Hadjar est un candidat plus que s\u00e9rieux au second baquet dans la maison m\u00e8re : Red Bull. Face \u00e0 Mouloud Achour, dans un \u00e9pisode de Clique prochainement disponible, le jeune pilote fran\u00e7ais s\u2019est exprim\u00e9 sur la possibilit\u00e9 de faire \u00e9quipe avec Max Verstappen. Clique revient le 22 septembre, tous les soirs de 19h30 \u00e0 20h30 sur l\u2019app CANAL+.<\/strong><\/p>\n<p>En savoir plus sur la\u00a0<a href=\"https:\/\/www.canalplus.com\/sport\/formule-1\/\" target=\"_blank\" rel=\"noopener\">Formule 1<\/a><\/p>\n<p>\u00ab Quel line-up ! \u00bb Isack Hadjar et Max Verstappen aux volants des deux monoplaces Red Bull d\u00e8s 2026 ? C\u2019est envisageable. Le quadruple champion du monde n\u00e9erlandais devrait bien rester au sein de l\u2019\u00e9curie autrichienne la saison prochaine. Quid de son partenaire ? La maison m\u00e8re de la galaxie RB avait entam\u00e9 sa saison avec Liam Lawson, issu de la Red Bull Academy. Puis, d\u00e8s la troisi\u00e8me course de l\u2019ann\u00e9e, les dirigeants ont d\u00e9cid\u00e9 de surclasser Yuki Tsunoda et donc de r\u00e9trograder Lawson chez Racing Bulls.<\/p>\n<p>Un seul \u00e9l\u00e9ment n\u2019a pas boug\u00e9 : Isack Hadjar. Pourtant, apr\u00e8s Max Verstappen, le pilote fran\u00e7ais reste celui qui a marqu\u00e9 le plus de points (38) au sein des deux \u00e9curies Red Bull (Lawson est \u00e0 20, Tsunoda est \u00e0 12). Dans un \u00e9pisode de Clique, disponible en octobre prochain, Isack Hadjar est revenu sur ses ambitions et son avenir au sein de l&rsquo;\u00e9curie autrichienne.<\/p>\n<p><strong>Clique revient le 22 septembre, tous les soirs de 19h30 \u00e0 20h30 sur l\u2019app CANAL+.<\/strong><\/p>\n<p>Lire aussi : <a href=\"https:\/\/www.canalplus.com\/articles\/sports\/formule-1-le-calendrier-des-grands-prix-de-la-saison-2025\" target=\"_blank\" rel=\"noopener\">Le calendrier des Grands Prix de la saison 2025 de Formule 1<\/a><\/p>\n<blockquote class=\"twitter-tweet\" data-media-max-width=\"560\"><p>&#13;<\/p>\n<p dir=\"ltr\" lang=\"fr\">\u00ab\u00a0\u00c7a me fait peur mais \u00e7a m&rsquo;excite de ouf. J&rsquo;ai peut-\u00eatre cette possibilit\u00e9 de r\u00e9aliser un de mes objectifs\u00a0\u00bb<\/p>\n<p>Isack Hadjar x Max Verstappen ? \ud83d\udc40<\/p>\n<p>Clique revient le 22 septembre, tous les soirs de 19H30 \u00e0 20H30 sur l&rsquo;app CANAL+. <a href=\"https:\/\/twitter.com\/hashtag\/F1?src=hash&amp;ref_src=twsrc%5Etfw\" target=\"_blank\" rel=\"noopener\">#F1<\/a> <a href=\"https:\/\/t.co\/r6fhyQ7cnQ\">pic.twitter.com\/r6fhyQ7cnQ<\/a><\/p>\n<p>&#13;<br \/>\n\u2014 CANAL+ F1\u00ae (@CanalplusF1) <a href=\"https:\/\/twitter.com\/CanalplusF1\/status\/1967930291630313932?ref_src=twsrc%5Etfw\" target=\"_blank\" rel=\"noopener\">September 16, 2025<\/a><\/p><\/blockquote>\n<p><strong>Rouler avec Max Verstappen ? \u00ab \u00c7a me fait peur, mais \u00e7a m\u2019excite de ouf ! \u00bb<\/strong><\/p>\n<p>Plus jeune pilote fran\u00e7ais \u00e0 avoir sign\u00e9 un podium en Formule 1 (\u00e0 Zandvoort), Isack Hadjar ambitionne forc\u00e9ment une promotion. Cette saison, d\u00e8s 2026 ou encore plus tard ? L\u2019avenir nous le dira. Une chose est s\u00fbre : Hadjar a les capacit\u00e9s pour accompagner Max Verstappen au sein de l\u2019\u00e9curie m\u00e8re. En tout cas, le pilote fran\u00e7ais de 20 ans se voit bien rouler aux c\u00f4t\u00e9s du quadruple champion du monde :<\/p>\n<p>\u00ab Me voir faire \u00e9quipe avec Max ? Bien s\u00fbr ! Et quel line-up ! \u00bb Confiant en ses chances, Hadjar affirme m\u00eame que \u00ab c\u2019est \u00e9crit \u00bb. Bien entendu, la pression de rouler avec l\u2019un des meilleurs pilotes de la grille est grande. Isack Hadjar ne s\u2019en cache pas : \u00ab Moi, \u00e7a me fait peur. Mais \u00e7a m\u2019excite de ouf !\u00bb<\/p>\n<blockquote class=\"twitter-tweet\"><p>&#13;<\/p>\n<p dir=\"ltr\" lang=\"fr\">\u00ab\u00a0P4 ! Non ? C&rsquo;est pas vrai !\u00a0\u00bb \ud83d\ude31<\/p>\n<p>On a v\u00e9cu l&rsquo;exploit d&rsquo;Isack Hadjar en qualifications \u00e0 Zandvoort avec ses parents \ud83e\udd79<\/p>\n<p>Revivez le podium du Fran\u00e7ais dans Team Hadjar ! L&rsquo;\u00e9pisode 2 est disponible gratuitement sur nos plateformes et sera diffus\u00e9 ce soir \u00e0 18H50 sur CANAL+ \ud83c\udfc1 <a href=\"https:\/\/twitter.com\/hashtag\/F1?src=hash&amp;ref_src=twsrc%5Etfw\" target=\"_blank\" rel=\"noopener\">#F1<\/a> <a href=\"https:\/\/t.co\/BRtI55yiXu\">pic.twitter.com\/BRtI55yiXu<\/a><\/p>\n<p>&#13;<br \/>\n\u2014 CANAL+ F1\u00ae (@CanalplusF1) <a href=\"https:\/\/twitter.com\/CanalplusF1\/status\/1966819137541263609?ref_src=twsrc%5Etfw\" target=\"_blank\" rel=\"noopener\">September 13, 2025<\/a><\/p><\/blockquote>\n<p>\u00c0 seulement 20 ans, Isack Hadjar pourrait succ\u00e9der \u00e0 de nombreux pilotes qui ont essay\u00e9 de sortir de l\u2019ombre du pilote n\u00e9erlandais. Si aujourd\u2019hui, dans le sport, l\u2019\u00e2ge n\u2019est plus une probl\u00e9matique, le Fran\u00e7ais sait que c\u2019est tout de m\u00eame un grand pas : \u00ab Bien s\u00fbr, \u00e7a arrive t\u00f4t dans ma carri\u00e8re mais j\u2019ai peut-\u00eatre cette possibilit\u00e9. \u00bb Hadjar rajoute m\u00eame que c\u2019est une occasion \u00e0 ne pas manquer : \u00ab Tu me donnes la m\u00eame voiture que le meilleur pilote au monde et il est juste \u00e0 c\u00f4t\u00e9 de moi. J\u2019ai l\u2019opportunit\u00e9 de me comparer avec lui et j\u2019ai les m\u00eames chances que lui. \u00bb<\/p>\n<p>L\u2019entretien complet entre Isack Hadjar et Mouloud Achour sera disponible en octobre sur l\u2019app CANAL+. En attendant, retrouvez Clique d\u00e8s le 22 septembre, tous les soirs de 19h30 \u00e0 20h30 sur l\u2019app CANAL+.<\/p>\n<p><script async src=\"https:\/\/platform.twitter.com\/widgets.js\" charset=\"utf-8\"><\/script><\/p>\n","protected":false},"excerpt":{"rendered":"Th\u00e9o Neufondle 16 septembre 2025 Rouler avec Verstappen ? \u00ab C\u2019est \u00e9crit \u00bb selon Isack Hadjar &#8211; CliqueRouler&hellip;\n","protected":false},"author":2,"featured_media":395458,"comment_status":"","ping_status":"","sticky":false,"template":"","format":"standard","meta":{"footnotes":""},"categories":[1412],"tags":[1451,1452,1453,1454,1455,1011,27,60],"class_list":{"0":"post-395457","1":"post","2":"type-post","3":"status-publish","4":"format-standard","5":"has-post-thumbnail","7":"category-f1","8":"tag-f1","9":"tag-formula-1","10":"tag-formula1","11":"tag-formule-1","12":"tag-formule1","13":"tag-fr","14":"tag-france","15":"tag-sports"},"share_on_mastodon":{"url":"https:\/\/pubeurope.com\/@fr\/115214903121286967","error":""},"_links":{"self":[{"href":"https:\/\/www.europesays.com\/fr\/wp-json\/wp\/v2\/posts\/395457","targetHints":{"allow":["GET"]}}],"collection":[{"href":"https:\/\/www.europesays.com\/fr\/wp-json\/wp\/v2\/posts"}],"about":[{"href":"https:\/\/www.europesays.com\/fr\/wp-json\/wp\/v2\/types\/post"}],"author":[{"embeddable":true,"href":"https:\/\/www.europesays.com\/fr\/wp-json\/wp\/v2\/users\/2"}],"replies":[{"embeddable":true,"href":"https:\/\/www.europesays.com\/fr\/wp-json\/wp\/v2\/comments?post=395457"}],"version-history":[{"count":0,"href":"https:\/\/www.europesays.com\/fr\/wp-json\/wp\/v2\/posts\/395457\/revisions"}],"wp:featuredmedia":[{"embeddable":true,"href":"https:\/\/www.europesays.com\/fr\/wp-json\/wp\/v2\/media\/395458"}],"wp:attachment":[{"href":"https:\/\/www.europesays.com\/fr\/wp-json\/wp\/v2\/media?parent=395457"}],"wp:term":[{"taxonomy":"category","embeddable":true,"href":"https:\/\/www.europesays.com\/fr\/wp-json\/wp\/v2\/categories?post=395457"},{"taxonomy":"post_tag","embeddable":true,"href":"https:\/\/www.europesays.com\/fr\/wp-json\/wp\/v2\/tags?post=395457"}],"curies":[{"name":"wp","href":"https:\/\/api.w.org\/{rel}","templated":true}]}}