{"id":395478,"date":"2025-09-16T16:34:13","date_gmt":"2025-09-16T16:34:13","guid":{"rendered":"https:\/\/www.europesays.com\/fr\/395478\/"},"modified":"2025-09-16T16:34:13","modified_gmt":"2025-09-16T16:34:13","slug":"jean-imbert-premiere-sanction-cette-star-des-fourneaux-choisie-pour-le-remplacer","status":"publish","type":"post","link":"https:\/\/www.europesays.com\/fr\/395478\/","title":{"rendered":"Jean Imbert, premi\u00e8re sanction : cette star des fourneaux choisie pour le remplacer"},"content":{"rendered":"<p>      R\u00e9sum\u00e9<\/p>\n<p>Jean Imbert se met en retrait suite \u00e0 des accusations, et Yannick All\u00e9no prend la direction du restaurant Monsieur Dior avec une carte r\u00e9invent\u00e9e inspir\u00e9e de la Maison.<\/p>\n<p>        Sommaire<\/p>\n<p><strong>Jean Imbert est vis\u00e9 par des accusations de violences.<\/strong> Depuis avril 2025, et la publication d&rsquo;une enqu\u00eate dans le magazine Elle, plusieurs de ses ex-compagnes ont d\u00e9cid\u00e9 de prendre la parole publiquement pour d\u00e9noncer des comportements toxiques.<\/p>\n<p>Face aux t\u00e9moignages \u00e0 charge qui se multiplient, notamment <a href=\"https:\/\/www.public.fr\/jean-imbert-peut-il-sen-sortir\" target=\"_blank\" rel=\"noopener\">d&rsquo;Alexandra Rosenfeld ainsi que de Lila Salet<\/a>, le chef a pris la d\u00e9cision le mercredi 27 ao\u00fbt 2025, de se mettre en retrait.  <\/p>\n<p>Il a annonc\u00e9, dans un message publi\u00e9 sur Instagram, qu\u2019il voulait pr\u00e9server ses \u00e9quipes du scandale. Et ce, \u00ab\u00a0le temps que la justice fasse son travail\u00a0\u00bb. <\/p>\n<p>Monsieur Dior remplace Jean Imbert<\/p>\n<p><a href=\"https:\/\/vsd.fr\/79184-jean-imbert-sa-relation-toute-speciale-avec-beyonce\/\" target=\"_blank\" rel=\"noopener\">Le chef du Plaza Ath\u00e9n\u00e9e<\/a> <strong>oeuvre \u00e0 de nombreuses adresses<\/strong>. \u00c0 Paris, (chez Monsieur Dior), \u00e0 Cannes (\u00e0 l&rsquo;h\u00f4tel Martinez) mais aussi en Polyn\u00e9sie (au restaurant The Brando, \u00e0 Tetiaroa). \u00c0 bord de l&rsquo;Orient Express, mais \u00e9galement dans les Cara\u00efbes (au Cheval Blanc, \u00e0 Saint Barth\u00e9l\u00e9my) et enfin dans les \u00c9mirats (The Lana \u00e0 Duba\u00ef).<\/p>\n<p>Chez Maison Dior, on n&rsquo;a pas attendu longtemps avant de lui trouver un rempla\u00e7ant. Et pas n&rsquo;importe lequel. D\u2019apr\u00e8s Le Figaro, apr\u00e8s l\u2019expiration du contrat de Jean Imbert, un nouveau grand nom le remplace. C\u2019est le chef <strong>renomm\u00e9 Yannick All\u00e9no qui reprend les r\u00eanes du restaurant. <\/strong><\/p>\n<p>Install\u00e9 au sein de la <strong>boutique Dior de l\u2019avenue Montaigne<\/strong>, il avait ouvert ses portes en 2022. Et, avec le concours du chef r\u00e9v\u00e9l\u00e9 par Top Chef. \u00c0 partir de cette semaine, c&rsquo;est donc Yannick All\u00e9no et son \u00e9quipe, dont Federico Zuliani, qui reprendront la carte, annoncent nos confr\u00e8res. <\/p>\n<p>Il <strong>proposera toujours des cr\u00e9ations qui s\u2019inspirent de l\u2019histoire de la maison.<\/strong> De fait, on pourra toujours commander \u00e0 la carte la sole Christian Dior ou la tomate \u00ab\u00a0en trompe-l\u2019\u0153il de Granville\u00a0\u00bb pour le dessert. Une table raffin\u00e9e, pour laquelle il faudra d\u00e9bourser entre 100 et 150 \u20ac par personne.<\/p>\n<p>Premi\u00e8re sanction apr\u00e8s son retrait<\/p>\n<p>Une premi\u00e8re sanction pour Jean Imbert. Depuis des mois, face <strong>au silence assourdissant des marques <\/strong>avec lesquelles le chef travaille, son ex-compagne, <a href=\"https:\/\/www.public.fr\/regarde-nous-en-face-jean-imbert-apres-le-temoignage-dalexandra-rosenfeld-et-une-plainte-une-ex-linterpelle\" target=\"_blank\" rel=\"noopener\">Lila Salet a multipli\u00e9 les coups de gueule<\/a>. <\/p>\n<p>Dernier en date, elle a \u00e9crit au critique gastronomique Gilles Pudlowski son m\u00e9contentement. Il avait titr\u00e9 dans son blog que <a href=\"https:\/\/www.public.fr\/jean-imbert-tete-haute-un-celebre-critique-gastronomique-prend-sa-defense-son-ex-compagne-pete-un-cable\" target=\"_blank\" rel=\"noopener\">Jean Imbert gardait la \u00ab\u00a0t\u00eate haute dans la tourmente\u00a0\u00bb. <\/a><\/p>\n<p>      Mentionn\u00e9s dans cet article<\/p>\n<p>      Sur le m\u00eame sujet<\/p>\n","protected":false},"excerpt":{"rendered":"R\u00e9sum\u00e9 Jean Imbert se met en retrait suite \u00e0 des accusations, et Yannick All\u00e9no prend la direction du&hellip;\n","protected":false},"author":2,"featured_media":395479,"comment_status":"","ping_status":"","sticky":false,"template":"","format":"standard","meta":{"footnotes":""},"categories":[8],"tags":[58,59,1011,27,13518,1340,25866],"class_list":{"0":"post-395478","1":"post","2":"type-post","3":"status-publish","4":"format-standard","5":"has-post-thumbnail","7":"category-divertissement","8":"tag-divertissement","9":"tag-entertainment","10":"tag-fr","11":"tag-france","12":"tag-jean-imbert","13":"tag-restaurant","14":"tag-yannick-alleno"},"share_on_mastodon":{"url":"https:\/\/pubeurope.com\/@fr\/115214946614488351","error":""},"_links":{"self":[{"href":"https:\/\/www.europesays.com\/fr\/wp-json\/wp\/v2\/posts\/395478","targetHints":{"allow":["GET"]}}],"collection":[{"href":"https:\/\/www.europesays.com\/fr\/wp-json\/wp\/v2\/posts"}],"about":[{"href":"https:\/\/www.europesays.com\/fr\/wp-json\/wp\/v2\/types\/post"}],"author":[{"embeddable":true,"href":"https:\/\/www.europesays.com\/fr\/wp-json\/wp\/v2\/users\/2"}],"replies":[{"embeddable":true,"href":"https:\/\/www.europesays.com\/fr\/wp-json\/wp\/v2\/comments?post=395478"}],"version-history":[{"count":0,"href":"https:\/\/www.europesays.com\/fr\/wp-json\/wp\/v2\/posts\/395478\/revisions"}],"wp:featuredmedia":[{"embeddable":true,"href":"https:\/\/www.europesays.com\/fr\/wp-json\/wp\/v2\/media\/395479"}],"wp:attachment":[{"href":"https:\/\/www.europesays.com\/fr\/wp-json\/wp\/v2\/media?parent=395478"}],"wp:term":[{"taxonomy":"category","embeddable":true,"href":"https:\/\/www.europesays.com\/fr\/wp-json\/wp\/v2\/categories?post=395478"},{"taxonomy":"post_tag","embeddable":true,"href":"https:\/\/www.europesays.com\/fr\/wp-json\/wp\/v2\/tags?post=395478"}],"curies":[{"name":"wp","href":"https:\/\/api.w.org\/{rel}","templated":true}]}}