{"id":39548,"date":"2025-04-20T18:43:11","date_gmt":"2025-04-20T18:43:11","guid":{"rendered":"https:\/\/www.europesays.com\/fr\/39548\/"},"modified":"2025-04-20T18:43:11","modified_gmt":"2025-04-20T18:43:11","slug":"le-developpement-personnel-en-debat-avec-place-publique-a-saint-herblain","status":"publish","type":"post","link":"https:\/\/www.europesays.com\/fr\/39548\/","title":{"rendered":"Le d\u00e9veloppement personnel en d\u00e9bat avec Place publique \u00e0 Saint-Herblain"},"content":{"rendered":"<p>Des pratiques disparates rassembl\u00e9es sous le vocable de d\u00e9veloppement personnel s\u00e9duisent de plus en plus de personnes. M\u00e9ditation de pleine conscience, coaching, yoga, voyages sonores, exercices de psychoth\u00e9rapie positive\u2026 le d\u00e9veloppement personnel conna\u00eet un essor important, avec \u00e0 la cl\u00e9, \u00a0un bonheur exig\u00e9\u00a0\u00bb.Ce sera le th\u00e8me du prochain d\u00e9bat de Place publique, jeudi 24\u00a0avril, \u00e0 la Maison des Arts, \u00e0 Saint-Herblain.<\/p>\n<p>\u00a0Le d\u00e9veloppement personnel est une c\u00e9l\u00e9bration de l\u2019int\u00e9riorit\u00e9. Nous sommes des \u00eatres humains dot\u00e9s d\u2019un potentiel int\u00e9rieur qu\u2019il faut d\u00e9couvrir\u00a0\u00bb,\u00e9crit Nicolas Marquis, professeur de sociologie, auteur d\u2019un ouvrage, Du bien-\u00eatre au march\u00e9 du malaise (2014 \u2013 PUF). Il sera un des intervenants au d\u00e9bat de Place publique.<\/p>\n<p>\u00a0Le d\u00e9veloppement personnel est ce qui restera, dans mille\u00a0ans, comme une trace d\u2019une soci\u00e9t\u00e9 individualiste\u00a0\u00bb,affirme le sociologue. C\u2019est bien une des questions qui sera abord\u00e9e dans le cadre du d\u00e9bat. Ces pratiques v\u00e9hiculent-elles une vision illusoire du bonheur\u00a0? Ne passe-t-on pas \u00e0 c\u00f4t\u00e9 des dynamiques collectives, en valorisant fortement l\u2019individu et son autonomie\u00a0? En d\u00e9finitive, le d\u00e9veloppement personnel ne serait-il pas le conte de f\u00e9es des temps modernes\u00a0?<\/p>\n<p>Pour \u00e9changer avec le public sur ce sujet, trois intervenants seront pr\u00e9sents. Nicolas Marquis, sociologue \u00e0 l\u2019universit\u00e9 de Saint-Louis de Bruxelles, Jean-Christophe Ribot, r\u00e9alisateur du Business du bonheur, et Camille Teste, professeur de yoga et autrice de Politiser le bien-\u00eatre. Les \u00e9changes seront anim\u00e9s par le journaliste Jean Chabod.<\/p>\n<p><strong>Jeudi 24\u00a0avril, <\/strong>de 20\u00a0h \u00e0 22\u00a0h, D\u00e9veloppement personnel, bonheur exig\u00e9, Maison des Arts, 26, rue de Saint-Nazaire, \u00e0 Saint-Herblain (entr\u00e9e libre). Le d\u00e9bat sera diffus\u00e9 sur la cha\u00eene YouTube de la Ville et pourra \u00eatre regard\u00e9 en replay.<\/p>\n<p>\u00a0<\/p>\n","protected":false},"excerpt":{"rendered":"Des pratiques disparates rassembl\u00e9es sous le vocable de d\u00e9veloppement personnel s\u00e9duisent de plus en plus de personnes. M\u00e9ditation&hellip;\n","protected":false},"author":2,"featured_media":39549,"comment_status":"","ping_status":"","sticky":false,"template":"","format":"standard","meta":{"footnotes":""},"categories":[2818],"tags":[1111,11,1292,8882,1777,674,1011,27,766,12,2636,12298,5536,12299,25,4286],"class_list":{"0":"post-39548","1":"post","2":"type-post","3":"status-publish","4":"format-standard","5":"has-post-thumbnail","7":"category-nantes","8":"tag-actu","9":"tag-actualites","10":"tag-debat","11":"tag-developpement","12":"tag-eu","13":"tag-europe","14":"tag-fr","15":"tag-france","16":"tag-nantes","17":"tag-news","18":"tag-pays-de-la-loire","19":"tag-personnel","20":"tag-place","21":"tag-publique","22":"tag-republique-francaise","23":"tag-saint-herblain"},"share_on_mastodon":{"url":"https:\/\/pubeurope.com\/@fr\/114371769408708834","error":""},"_links":{"self":[{"href":"https:\/\/www.europesays.com\/fr\/wp-json\/wp\/v2\/posts\/39548","targetHints":{"allow":["GET"]}}],"collection":[{"href":"https:\/\/www.europesays.com\/fr\/wp-json\/wp\/v2\/posts"}],"about":[{"href":"https:\/\/www.europesays.com\/fr\/wp-json\/wp\/v2\/types\/post"}],"author":[{"embeddable":true,"href":"https:\/\/www.europesays.com\/fr\/wp-json\/wp\/v2\/users\/2"}],"replies":[{"embeddable":true,"href":"https:\/\/www.europesays.com\/fr\/wp-json\/wp\/v2\/comments?post=39548"}],"version-history":[{"count":0,"href":"https:\/\/www.europesays.com\/fr\/wp-json\/wp\/v2\/posts\/39548\/revisions"}],"wp:featuredmedia":[{"embeddable":true,"href":"https:\/\/www.europesays.com\/fr\/wp-json\/wp\/v2\/media\/39549"}],"wp:attachment":[{"href":"https:\/\/www.europesays.com\/fr\/wp-json\/wp\/v2\/media?parent=39548"}],"wp:term":[{"taxonomy":"category","embeddable":true,"href":"https:\/\/www.europesays.com\/fr\/wp-json\/wp\/v2\/categories?post=39548"},{"taxonomy":"post_tag","embeddable":true,"href":"https:\/\/www.europesays.com\/fr\/wp-json\/wp\/v2\/tags?post=39548"}],"curies":[{"name":"wp","href":"https:\/\/api.w.org\/{rel}","templated":true}]}}