{"id":395484,"date":"2025-09-16T16:38:10","date_gmt":"2025-09-16T16:38:10","guid":{"rendered":"https:\/\/www.europesays.com\/fr\/395484\/"},"modified":"2025-09-16T16:38:10","modified_gmt":"2025-09-16T16:38:10","slug":"les-horaires-et-points-de-rendez-vous-des-principales-manifestations-en-france-liberation","status":"publish","type":"post","link":"https:\/\/www.europesays.com\/fr\/395484\/","title":{"rendered":"les horaires et points de rendez-vous des principales manifestations en France \u2013 Lib\u00e9ration"},"content":{"rendered":"<p class=\"sc-cPiKLX AiZTS text-element\">Les syndicats CFDT, CGT, FO, CFE-CGC, CFTC, Unsa, FSU et Solidaires seront unis jeudi 18 septembre dans la rue, un peu plus d\u2019une semaine apr\u00e8s <a href=\"https:\/\/www.liberation.fr\/checknews\/cest-quoi-le-mouvement-bloquons-tout-qui-appelle-a-un-arret-total-du-pays-a-partir-du-10-septembre-20250723_QCJAN2GZZ5ACPD2JKID4S7GSL4\/\" target=\"_blank\" rel=\"noreferrer nofollow noopener\" title=\"https:\/\/www.liberation.fr\/checknews\/cest-quoi-le-mouvement-bloquons-tout-qui-appelle-a-un-arret-total-du-pays-a-partir-du-10-septembre-20250723_QCJAN2GZZ5ACPD2JKID4S7GSL4\/\">le mouvement Bloquons tout<\/a> &#8211; pour revivre la journ\u00e9e du 10 septembre, <a href=\"https:\/\/www.liberation.fr\/societe\/en-direct-bloquons-tout-suivez-la-mobilisation-ce-mercredi-10-septembre-au-lendemain-de-la-nomination-de-sebastien-lecornu-a-matignon-20250910_7UGUHFIOUNGDJP67XSMTH5FKVA\/\" target=\"_blank\" rel=\"noreferrer nofollow noopener\" title=\"https:\/\/www.liberation.fr\/societe\/en-direct-bloquons-tout-suivez-la-mobilisation-ce-mercredi-10-septembre-au-lendemain-de-la-nomination-de-sebastien-lecornu-a-matignon-20250910_7UGUHFIOUNGDJP67XSMTH5FKVA\/\">c\u2019est ici<\/a>. Une premi\u00e8re depuis le 6 juin 2023, date de la derni\u00e8re mobilisation contre la r\u00e9forme des retraites. <\/p>\n<p class=\"sc-cPiKLX AiZTS text-element\">L\u2019intersyndicale appelle \u00e0 faire gr\u00e8ve et \u00e0 manifester pour contester les mesures budg\u00e9taires d\u00e9fendues cet \u00e9t\u00e9 par <a href=\"https:\/\/www.liberation.fr\/economie\/budget-2026-apres-la-censure-du-gouvernement-bayrou-et-maintenant-20250909_UXTFFFZOX5AJ7GUNPMPGUHAQSU\/\" target=\"_blank\" rel=\"noreferrer nofollow noopener\" title=\"https:\/\/www.liberation.fr\/economie\/budget-2026-apres-la-censure-du-gouvernement-bayrou-et-maintenant-20250909_UXTFFFZOX5AJ7GUNPMPGUHAQSU\/\">Fran\u00e7ois Bayrou, dont le gouvernement a \u00e9t\u00e9 renvers\u00e9<\/a> le 8 septembre. Si le nouveau Premier ministre S\u00e9bastien Lecornu avait promis des \u00abruptures sur le fond\u00bb et \u00abpas que sur la forme\u00bb, les leaders syndicaux maintiennent leur appel \u00e0 la mobilisation du 18, esp\u00e9rant ainsi <a href=\"https:\/\/www.liberation.fr\/politique\/sebastien-lecornu-recoit-plusieurs-syndicats-ce-lundi-a-matignon-avant-la-journee-de-mobilisation-du-18-septembre-20250915_IENSI53WVBFPLGTUTGXG73OVYE\/\" target=\"_blank\" rel=\"noreferrer nofollow noopener\" title=\"https:\/\/www.liberation.fr\/politique\/sebastien-lecornu-recoit-plusieurs-syndicats-ce-lundi-a-matignon-avant-la-journee-de-mobilisation-du-18-septembre-20250915_IENSI53WVBFPLGTUTGXG73OVYE\/\">peser sur les futures orientations budg\u00e9taires<\/a>. <\/p>\n<p class=\"sc-cPiKLX AiZTS text-element\">Les autorit\u00e9s estiment que la participation sera nettement plus \u00e9lev\u00e9e que le 10 septembre, et pourrait atteindre <a href=\"https:\/\/www.liberation.fr\/economie\/social\/18-septembre-400-000-personnes-et-des-dizaines-de-militants-radicaux-attendus-dans-les-corteges-20250915_SB5BTALVRFCH7ALIYT2CAADNXA\/\" target=\"_blank\" rel=\"noreferrer nofollow noopener\" title=\"https:\/\/www.liberation.fr\/economie\/social\/18-septembre-400-000-personnes-et-des-dizaines-de-militants-radicaux-attendus-dans-les-corteges-20250915_SB5BTALVRFCH7ALIYT2CAADNXA\/\">plus de 400 000 personnes<\/a>. Lib\u00e9 vous d\u00e9taille les lieux de rassemblements dans les plus grandes villes de France, sur la base d\u2019une <a href=\"https:\/\/carte.cgt.fr\/carto\/carte\/septembre\/calque\/18-septembre\/\" target=\"_blank\" rel=\"nofollow noopener\" title=\"https:\/\/carte.cgt.fr\/carto\/carte\/septembre\/calque\/18-septembre\/\">carte de la CGT<\/a>. <\/p>\n<p class=\"sc-cPiKLX AiZTS text-element\">Le cort\u00e8ge de la capitale, attendu particuli\u00e8rement fourni, se mettra en marche d\u00e8s 14 heures place de la Bastille, direction place de la R\u00e9publique avec un atterrissage attendu place de la Nation. Selon BFM, qui d\u00e9voile le parcours, les organisations pourraient d\u00e9poser un r\u00e9f\u00e9r\u00e9, le sens de la marche leur ayant \u00e9t\u00e9 impos\u00e9 par la pr\u00e9fecture. La CGT, notamment, esp\u00e9rait pouvoir d\u00e9filer entre Bastille et la Concorde.<\/p>\n<p class=\"sc-cPiKLX AiZTS text-element\">Avant le jour-J, plusieurs assembl\u00e9es g\u00e9n\u00e9rales sont pr\u00e9vues dans Paris et sa banlieue. Dans la capitale, les travailleurs de l\u2019informatique, du jeu vid\u00e9o, du conseil et des bureaux d\u2019\u00e9tudes se r\u00e9unissent par exemple ce mardi \u00e0 19 heures \u00e0 la Bourse du travail (Xe arrondissement). Une autre assembl\u00e9e g\u00e9n\u00e9rale est pr\u00e9vue jeudi \u00e0 midi sur le parvis de la gare du Nord, \u00e0 l\u2019appel des cheminots, comme indiqu\u00e9 sur le site <a href=\"https:\/\/paris-luttes.info\/on-bloque-tout-les-rendez-vous-19882\" target=\"_blank\" rel=\"noreferrer nofollow noopener\" title=\"https:\/\/paris-luttes.info\/on-bloque-tout-les-rendez-vous-19882\">paris-luttes.info<\/a>. <\/p>\n<p class=\"sc-cPiKLX AiZTS text-element\">En r\u00e9gion parisienne, une assembl\u00e9e g\u00e9n\u00e9rale doit avoir lieu \u00e0 Bagnolet (Seine-Saint-Denis) ce mardi \u00e0 19 h 30, devant la mairie. Dans la commune voisine des Lilas, c\u2019est une d\u00e9ambulation qui est pr\u00e9vue le lendemain \u00e0 19 heures. A Nanterre (Hauts-de-Seine), une manifestation est pr\u00e9vue jeudi \u00e0 10 heures, au d\u00e9part place de la Boule.<\/p>\n<p class=\"sc-cPiKLX AiZTS text-element\">Rendez-vous est donn\u00e9 dans la matin\u00e9e sur le Vieux-Port, \u00e0 10 h 30. \u00abLes cheminots seront \u00e9galement dans l\u2019action et la gare Saint Charles pourrait bien \u00eatre impact\u00e9e\u00bb, rel\u00e8ve <a href=\"https:\/\/france3-regions.franceinfo.fr\/provence-alpes-cote-d-azur\/bouches-du-rhone\/marseille\/18-septembre-greves-manifestations-blocages-voici-a-quoi-s-attendre-a-marseille-et-dans-les-bouches-du-rhone-3217082.html\" target=\"_blank\" rel=\"noreferrer nofollow noopener\" title=\"https:\/\/france3-regions.franceinfo.fr\/provence-alpes-cote-d-azur\/bouches-du-rhone\/marseille\/18-septembre-greves-manifestations-blocages-voici-a-quoi-s-attendre-a-marseille-et-dans-les-bouches-du-rhone-3217082.html\">France 3 Provence-Alpes-C\u00f4te d\u2019Azur<\/a>. <\/p>\n<p class=\"sc-cPiKLX AiZTS text-element\">Les manifestants sont appel\u00e9s \u00e0 se rassembler \u00e0 11 heures \u00e0 la manufacture des tabacs, dans le VIIIe arrondissement. Le cort\u00e8ge va ensuite rejoindre la place Bellecour, dans le 2e, d\u00e9taille <a href=\"https:\/\/www.bfmtv.com\/lyon\/perturbations-de-circulation-parcours-de-la-manifestation-a-quoi-faut-il-s-attendre-pour-le-18-septembre-a-lyon_AN-202509160518.html\" target=\"_blank\" rel=\"noreferrer nofollow noopener\" title=\"https:\/\/www.bfmtv.com\/lyon\/perturbations-de-circulation-parcours-de-la-manifestation-a-quoi-faut-il-s-attendre-pour-le-18-septembre-a-lyon_AN-202509160518.html\">BFM Lyon<\/a>. Selon nos confr\u00e8res, \u00abcertains \u00e9voquent un rassemblement d\u00e8s 6 h 30 place des Archives, tandis qu\u2019une autre mobilisation pourrait avoir lieu \u00e0 19 heures dans le quartier des Etats-Unis.\u00bb <\/p>\n<p class=\"sc-cPiKLX AiZTS text-element\">Un rassemblement est pr\u00e9vu \u00e0 partir de 14 h 30 au niveau de la porte de Paris.<\/p>\n<p class=\"sc-cPiKLX AiZTS text-element\">Une marche doit d\u00e9buter \u00e0 14 heures entre la place Saint-Cyprien et les all\u00e9es Jean Jaur\u00e8s. Elle reprend ainsi le trac\u00e9 du 10 septembre dans le sens inverse, note <a href=\"https:\/\/actu.fr\/occitanie\/toulouse_31555\/greve-du-18-septembre-trace-horaires-organisation-tout-savoir-sur-la-manif-a-toulouse_63161881.html\" target=\"_blank\" rel=\"noreferrer nofollow noopener\" title=\"https:\/\/actu.fr\/occitanie\/toulouse_31555\/greve-du-18-septembre-trace-horaires-organisation-tout-savoir-sur-la-manif-a-toulouse_63161881.html\">Actu Toulouse<\/a>. <\/p>\n<p class=\"sc-cPiKLX AiZTS text-element\">La gare Thiers, dans le centre-Ville de Nice, a \u00e9t\u00e9 d\u00e9sign\u00e9e comme point de ralliement, \u00e0 10 heures. <\/p>\n<p class=\"sc-cPiKLX AiZTS text-element\">Les manifestants sont attendus \u00e0 10 h 30, au miroir d\u2019eau, note <a href=\"https:\/\/www.ouest-france.fr\/societe\/manifestation\/greve-du-18-septembre-forte-participation-prevue-et-important-dispositif-de-securite-f6f8605a-92d5-11f0-8aaf-26b4770f0f96\" target=\"_blank\" rel=\"noreferrer nofollow noopener\" title=\"https:\/\/www.ouest-france.fr\/societe\/manifestation\/greve-du-18-septembre-forte-participation-prevue-et-important-dispositif-de-securite-f6f8605a-92d5-11f0-8aaf-26b4770f0f96\">Presse Oc\u00e9an<\/a>. \u00abLe cort\u00e8ge fera une boucle autour du centre-ville, via la pr\u00e9fecture, Talensac, la place Bretagne, le cours des 50-Otages et la crois\u00e9e des trams pour revenir \u00e0 son point de d\u00e9part\u00bb, selon le quotidien. <\/p>\n<p class=\"sc-cPiKLX AiZTS text-element\">Les manifestants sont invit\u00e9s \u00e0 rejoindre la mobilisation au niveau de la place Albert 1er, \u00e0 10 h 30.<\/p>\n<p class=\"sc-cPiKLX AiZTS text-element\">Dans la ville alsacienne, c\u2019est sur la place de la R\u00e9publique que l\u2019intersyndicale attend les manifestants, \u00e0 partir de 14 heures. Le cort\u00e8ge passera au niveau du pont du Corbeau, de la rue des Bouchers, de la rue de la 1re Arm\u00e9e, et terminera place du Mar\u00e9chal de Lattre de Tassigny, explique <a href=\"https:\/\/actu.fr\/grand-est\/strasbourg_67482\/greve-du-18-septembre-voici-le-parcours-de-la-manifestation-a-strasbourg_63164697.html\" target=\"_blank\" rel=\"noreferrer nofollow noopener\" title=\"https:\/\/actu.fr\/grand-est\/strasbourg_67482\/greve-du-18-septembre-voici-le-parcours-de-la-manifestation-a-strasbourg_63164697.html\">Actu Strasbourg<\/a>. <\/p>\n<p class=\"sc-cPiKLX AiZTS text-element\">Les Bordelais pourront se rassembler en d\u00e9but d\u2019apr\u00e8s-midi, \u00e0 14 heures, place de la Bourse. Selon <a href=\"https:\/\/www.bordeaux-gazette.com\/bordeaux-18-septembre-rassemblement-a-14-h-et-conseils-trafic.html\" target=\"_blank\" rel=\"noreferrer nofollow noopener\" title=\"https:\/\/www.bordeaux-gazette.com\/bordeaux-18-septembre-rassemblement-a-14-h-et-conseils-trafic.html\">Bordeaux Gazette<\/a>, le parcours doit \u00eatre pr\u00e9cis\u00e9 \u00abau dernier moment par les autorit\u00e9s en fonction de la s\u00e9curit\u00e9 et de l\u2019affluence\u00bb. <\/p>\n<p class=\"sc-cPiKLX AiZTS text-element\"><b>Mise \u00e0 jour \u00e0 17h43 <\/b>avec l\u2019annonce du parcours parisien <\/p>\n","protected":false},"excerpt":{"rendered":"Les syndicats CFDT, CGT, FO, CFE-CGC, CFTC, Unsa, FSU et Solidaires seront unis jeudi 18 septembre dans la&hellip;\n","protected":false},"author":2,"featured_media":395485,"comment_status":"","ping_status":"","sticky":false,"template":"","format":"standard","meta":{"footnotes":""},"categories":[4],"tags":[11,1997,25548,1270,32577,32578,1271,13919,1011,27,431,14712,18677,1307,2428,2088,884,2208,766,12,2401,626,25,11067,640,9413,2312,1269],"class_list":{"0":"post-395484","1":"post","2":"type-post","3":"status-publish","4":"format-standard","5":"has-post-thumbnail","7":"category-france","8":"tag-actualites","9":"tag-bordeaux","10":"tag-budget-public","11":"tag-cfdt","12":"tag-cfe-cgc","13":"tag-cftc","14":"tag-cgt","15":"tag-fo","16":"tag-fr","17":"tag-france","18":"tag-francois-bayrou","19":"tag-fsu","20":"tag-greves","21":"tag-lille","22":"tag-lyon","23":"tag-manifestation","24":"tag-marseille","25":"tag-montpellier","26":"tag-nantes","27":"tag-news","28":"tag-nice","29":"tag-paris","30":"tag-republique-francaise","31":"tag-sebastien-lecornu","32":"tag-strasbourg","33":"tag-syndicalisme","34":"tag-toulouse","35":"tag-unsa"},"share_on_mastodon":{"url":"https:\/\/pubeurope.com\/@fr\/115214962050987599","error":""},"_links":{"self":[{"href":"https:\/\/www.europesays.com\/fr\/wp-json\/wp\/v2\/posts\/395484","targetHints":{"allow":["GET"]}}],"collection":[{"href":"https:\/\/www.europesays.com\/fr\/wp-json\/wp\/v2\/posts"}],"about":[{"href":"https:\/\/www.europesays.com\/fr\/wp-json\/wp\/v2\/types\/post"}],"author":[{"embeddable":true,"href":"https:\/\/www.europesays.com\/fr\/wp-json\/wp\/v2\/users\/2"}],"replies":[{"embeddable":true,"href":"https:\/\/www.europesays.com\/fr\/wp-json\/wp\/v2\/comments?post=395484"}],"version-history":[{"count":0,"href":"https:\/\/www.europesays.com\/fr\/wp-json\/wp\/v2\/posts\/395484\/revisions"}],"wp:featuredmedia":[{"embeddable":true,"href":"https:\/\/www.europesays.com\/fr\/wp-json\/wp\/v2\/media\/395485"}],"wp:attachment":[{"href":"https:\/\/www.europesays.com\/fr\/wp-json\/wp\/v2\/media?parent=395484"}],"wp:term":[{"taxonomy":"category","embeddable":true,"href":"https:\/\/www.europesays.com\/fr\/wp-json\/wp\/v2\/categories?post=395484"},{"taxonomy":"post_tag","embeddable":true,"href":"https:\/\/www.europesays.com\/fr\/wp-json\/wp\/v2\/tags?post=395484"}],"curies":[{"name":"wp","href":"https:\/\/api.w.org\/{rel}","templated":true}]}}