{"id":395491,"date":"2025-09-16T16:43:19","date_gmt":"2025-09-16T16:43:19","guid":{"rendered":"https:\/\/www.europesays.com\/fr\/395491\/"},"modified":"2025-09-16T16:43:19","modified_gmt":"2025-09-16T16:43:19","slug":"deux-jours-de-festival-des-musiques-malfamees-6","status":"publish","type":"post","link":"https:\/\/www.europesays.com\/fr\/395491\/","title":{"rendered":"Deux jours de Festival des Musiques Malfam\u00e9es #6"},"content":{"rendered":"<p>La 6e\u00a0 \u00e9dition du festival des Musiques Malfam\u00e9es se tiendra durant deux jours, avec du son, des riffs, et de l\u2019\u00e9nergie. La premi\u00e8re salve de concerts d\u00e9butera vendredi 19\u00a0septembre, avec les groupes\u00a0! Ayya\u00a0! (trans-rock, Nancy), Fall of Messiah (post-rock\/screamo, Lille), Karaokids United (karaok\u00e9 punk, Nancy), East Sounds Family (passage de vinyles, Nancy). Et le samedi\u00a020, cinq groupes sont programm\u00e9s\u00a0: The Nucleons Project (dirty psycho rock\u2019n\u2019roll lorrain), Topsy Turvy\u2019s (punk, m\u00e9lodique, Poitiers), The Tips (reggae-rock), Le R\u00e9parateur (punk-rock) et pour finir la soir\u00e9e, passage de vinyles avec East Sounds Family.<\/p>\n<p class=\"note\">Vendredi\u00a019 et samedi 20\u00a0septembre, \u00e0 partir de 18\u00a0h, concerts \u00e0 20\u00a0h\u00a030, \u00e0 la MJC Lillebonne, salle EG, 14, rue du Cheval-Blanc, \u00e0 Nancy. Participation libre.<\/p>\n","protected":false},"excerpt":{"rendered":"La 6e\u00a0 \u00e9dition du festival des Musiques Malfam\u00e9es se tiendra durant deux jours, avec du son, des riffs,&hellip;\n","protected":false},"author":2,"featured_media":395492,"comment_status":"","ping_status":"","sticky":false,"template":"","format":"standard","meta":{"footnotes":""},"categories":[9635],"tags":[1111,11,1687,1704,1777,674,1011,27,775,873,1702,1703,12,25],"class_list":{"0":"post-395491","1":"post","2":"type-post","3":"status-publish","4":"format-standard","5":"has-post-thumbnail","7":"category-nancy","8":"tag-actu","9":"tag-actualites","10":"tag-culture-loisirs","11":"tag-edition-nancy-et-agglomeration","12":"tag-eu","13":"tag-europe","14":"tag-fr","15":"tag-france","16":"tag-grand-est","17":"tag-musique","18":"tag-nancy","19":"tag-nancy-ville-54b","20":"tag-news","21":"tag-republique-francaise"},"share_on_mastodon":{"url":"https:\/\/pubeurope.com\/@fr\/115214981716891804","error":""},"_links":{"self":[{"href":"https:\/\/www.europesays.com\/fr\/wp-json\/wp\/v2\/posts\/395491","targetHints":{"allow":["GET"]}}],"collection":[{"href":"https:\/\/www.europesays.com\/fr\/wp-json\/wp\/v2\/posts"}],"about":[{"href":"https:\/\/www.europesays.com\/fr\/wp-json\/wp\/v2\/types\/post"}],"author":[{"embeddable":true,"href":"https:\/\/www.europesays.com\/fr\/wp-json\/wp\/v2\/users\/2"}],"replies":[{"embeddable":true,"href":"https:\/\/www.europesays.com\/fr\/wp-json\/wp\/v2\/comments?post=395491"}],"version-history":[{"count":0,"href":"https:\/\/www.europesays.com\/fr\/wp-json\/wp\/v2\/posts\/395491\/revisions"}],"wp:featuredmedia":[{"embeddable":true,"href":"https:\/\/www.europesays.com\/fr\/wp-json\/wp\/v2\/media\/395492"}],"wp:attachment":[{"href":"https:\/\/www.europesays.com\/fr\/wp-json\/wp\/v2\/media?parent=395491"}],"wp:term":[{"taxonomy":"category","embeddable":true,"href":"https:\/\/www.europesays.com\/fr\/wp-json\/wp\/v2\/categories?post=395491"},{"taxonomy":"post_tag","embeddable":true,"href":"https:\/\/www.europesays.com\/fr\/wp-json\/wp\/v2\/tags?post=395491"}],"curies":[{"name":"wp","href":"https:\/\/api.w.org\/{rel}","templated":true}]}}