{"id":395495,"date":"2025-09-16T16:46:13","date_gmt":"2025-09-16T16:46:13","guid":{"rendered":"https:\/\/www.europesays.com\/fr\/395495\/"},"modified":"2025-09-16T16:46:13","modified_gmt":"2025-09-16T16:46:13","slug":"plus-dun-an-apres-avoir-disparu-de-la-carte-la-boite-aux-lettres-va-bientot-retrouver-sa-place-initiale-dans-ce-quartier-de-toulon","status":"publish","type":"post","link":"https:\/\/www.europesays.com\/fr\/395495\/","title":{"rendered":"Plus d&rsquo;un an apr\u00e8s avoir disparu de la carte, la bo\u00eete aux lettres va bient\u00f4t retrouver sa place initiale dans ce quartier de Toulon"},"content":{"rendered":"<p>O\u00f9 l\u2019on reparle de la bo\u00eete aux lettres de relevage du courrier situ\u00e9e devant la pharmacie du boulevard Herriot, dans le quartier de l\u2019Escaillon&#8230;<\/p>\n<p>Tomb\u00e9e en juillet 2024, elle avait \u00e9t\u00e9 \u00e9vacu\u00e9e par les techniciens de La Poste et n\u2019avait pas \u00e9t\u00e9 replac\u00e9e. Les services postaux estimant que sa pr\u00e9sence n\u2019\u00e9tait pas forc\u00e9ment n\u00e9cessaire, alors notamment qu\u2019une bo\u00eete identique est implant\u00e9e \u00e0 280 m de l\u00e0, ou encore que peu de courrier y \u00e9tait d\u00e9pos\u00e9 jusque-l\u00e0.<\/p>\n<p>Mais <a href=\"https:\/\/www.varmatin.com\/vie-locale\/elle-avait-ete-deplacee-a-leur-demande-avant-d-etre-retiree-les-habitants-de-ce-quartier-de-toulon-lancent-une-petition-pour-le-retour-de-leur-boite-aux-lettres-986772\" target=\"_blank\" rel=\"noopener\">le Comit\u00e9 d\u2019int\u00e9r\u00eat local Pont Neuf\/Escaillon, par la voix de son pr\u00e9sident Claude Franchitto, n\u2019a rien voulu savoir<\/a>. Et a fini par faire appel \u00e0 la municipalit\u00e9 pour arbitrer le conflit.<\/p>\n<p>En juillet dernier, les services de la ville annon\u00e7aient ainsi la bonne nouvelle aux riverains de ce quartier prioritaire: la fameuse bo\u00eete jaune allait bient\u00f4t regagner ses p\u00e9nates.<\/p>\n<p>\u00ab\u00a0Pour autant, s\u2019aga\u00e7ait encore le pr\u00e9sident du CIL il y a quelques jours, elle n\u2019a toujours pas retrouv\u00e9 lieu et place. Un an et deux mois que la population de proximit\u00e9 est l\u00e9s\u00e9e, \u00e7a suffit!\u00a0\u00bb<\/p>\n<p>Qu\u2019il se rassure, \u00e7a ne devrait plus tarder. La direction de La Poste a confirm\u00e9 que la bo\u00eete aux lettres serait \u00ab\u00a0r\u00e9install\u00e9e dans les prochaines semaines\u00a0\u00bb, une fois \u00ab\u00a0quelques derniers d\u00e9tails techniques r\u00e9gl\u00e9s\u00a0\u00bb.<\/p>\n<p>Encore un tout petit peu de patience, donc.<\/p>\n","protected":false},"excerpt":{"rendered":"O\u00f9 l\u2019on reparle de la bo\u00eete aux lettres de relevage du courrier situ\u00e9e devant la pharmacie du boulevard&hellip;\n","protected":false},"author":2,"featured_media":395496,"comment_status":"","ping_status":"","sticky":false,"template":"","format":"standard","meta":{"footnotes":""},"categories":[9619],"tags":[1111,11,1777,674,1011,27,12,882,25,2310,3366],"class_list":{"0":"post-395495","1":"post","2":"type-post","3":"status-publish","4":"format-standard","5":"has-post-thumbnail","7":"category-toulon","8":"tag-actu","9":"tag-actualites","10":"tag-eu","11":"tag-europe","12":"tag-fr","13":"tag-france","14":"tag-news","15":"tag-provence-alpes-cote-dazur","16":"tag-republique-francaise","17":"tag-toulon","18":"tag-vie-locale"},"share_on_mastodon":{"url":"https:\/\/pubeurope.com\/@fr\/115214993550376974","error":""},"_links":{"self":[{"href":"https:\/\/www.europesays.com\/fr\/wp-json\/wp\/v2\/posts\/395495","targetHints":{"allow":["GET"]}}],"collection":[{"href":"https:\/\/www.europesays.com\/fr\/wp-json\/wp\/v2\/posts"}],"about":[{"href":"https:\/\/www.europesays.com\/fr\/wp-json\/wp\/v2\/types\/post"}],"author":[{"embeddable":true,"href":"https:\/\/www.europesays.com\/fr\/wp-json\/wp\/v2\/users\/2"}],"replies":[{"embeddable":true,"href":"https:\/\/www.europesays.com\/fr\/wp-json\/wp\/v2\/comments?post=395495"}],"version-history":[{"count":0,"href":"https:\/\/www.europesays.com\/fr\/wp-json\/wp\/v2\/posts\/395495\/revisions"}],"wp:featuredmedia":[{"embeddable":true,"href":"https:\/\/www.europesays.com\/fr\/wp-json\/wp\/v2\/media\/395496"}],"wp:attachment":[{"href":"https:\/\/www.europesays.com\/fr\/wp-json\/wp\/v2\/media?parent=395495"}],"wp:term":[{"taxonomy":"category","embeddable":true,"href":"https:\/\/www.europesays.com\/fr\/wp-json\/wp\/v2\/categories?post=395495"},{"taxonomy":"post_tag","embeddable":true,"href":"https:\/\/www.europesays.com\/fr\/wp-json\/wp\/v2\/tags?post=395495"}],"curies":[{"name":"wp","href":"https:\/\/api.w.org\/{rel}","templated":true}]}}