{"id":395500,"date":"2025-09-16T16:49:10","date_gmt":"2025-09-16T16:49:10","guid":{"rendered":"https:\/\/www.europesays.com\/fr\/395500\/"},"modified":"2025-09-16T16:49:10","modified_gmt":"2025-09-16T16:49:10","slug":"un-scooter-percute-un-policier-apres-une-course-folle-avenue-de-lodeve","status":"publish","type":"post","link":"https:\/\/www.europesays.com\/fr\/395500\/","title":{"rendered":"un scooter percute un policier apr\u00e8s une course folle avenue de Lod\u00e8ve"},"content":{"rendered":"<p>            Par<br \/>\n        <strong><br \/>\n            <a href=\"https:\/\/actu.fr\/auteur\/lea-pippinato\" title=\"Consulter tous les articles de L\u00e9a Pippinato\" target=\"_blank\" rel=\"noopener\">L\u00e9a Pippinato<\/a><br \/>\n        <\/strong><\/p>\n<p>        Publi\u00e9 le<\/p>\n<p>            16 sept. 2025 \u00e0 18h41        <\/p>\n<p>Ce dimanche 14 septembre 2025 vers 23h, <strong>des agents de la police nationale<\/strong> circulant en voiture s\u00e9rigraphi\u00e9e avenue de Lod\u00e8ve \u00e0 Montpellier rep\u00e8rent <strong>un scooter qui encha\u00eene les infractions<\/strong>. Le pilote ignore les signaux et tente d\u2019<strong>\u00e9chapper au contr\u00f4le<\/strong>. Les policiers d\u00e9cident de le suivre. L\u2019homme multiplie alors <strong>les man\u0153uvres dangereuses<\/strong>. Il emprunte les pistes cyclables, revient \u00e0 contresens, puis effectue un demi-tour brutal lorsqu\u2019il se retrouve accul\u00e9.<\/p>\n<p>    <a href=\"https:\/\/www.google.com\/maps\/embed?pb=!1m18!1m12!1m3!1d2888.791303398269!2d3.8457966764599876!3d43.61088677110425!2m3!1f0!2f0!3f0!3m2!1i1024!2i768!4f13.1!3m3!1m2!1s0x12b6aef59227691f%3A0x5751478ea578fcf6!2sAv.%20de%20Lodeve%2C%20Montpellier!5e0!3m2!1sfr!2sfr!4v1758027982005!5m2!1sfr!2sfr\" title=\"Ouvrie le lien\" target=\"_blank\" rel=\"noopener\">Cliquez ici pour visualiser le contenu<\/a><\/p>\n<p class=\" wall-content\">Un fonctionnaire s\u2019\u00e9tait positionn\u00e9 \u00e0 pied pour bloquer la fuite. Le conducteur du deux-roues le percute au niveau des jambes. Le policier chute, son corps se retrouve coinc\u00e9 sous le scooter. Malgr\u00e9 cela, le suspect abandonne son engin et prend la fuite en courant. Il est finalement rattrap\u00e9 et interpell\u00e9.<\/p>\n<p>Un scooter en r\u00e8gle mais un pilote d\u00e9j\u00e0 connu<\/p>\n<p class=\" wall-content\">Dans ce type d\u2019affaires, les enqu\u00eateurs d\u00e9couvrent souvent un v\u00e9hicule vol\u00e9 ou un conducteur sans assurance ou permis. Cette fois, le scooter \u00e9tait lou\u00e9 l\u00e9galement, assur\u00e9 et adapt\u00e9 au permis du suspect. L\u2019homme, \u00e2g\u00e9 de 27 ans et d\u00e9j\u00e0 connu des services de police, admet avoir pris peur. Il explique avoir voulu \u00e9viter les verbalisations li\u00e9es \u00e0 ses multiples infractions, mais affirme ne pas avoir percut\u00e9 l\u2019agent de mani\u00e8re volontaire. Le conducteur sera convoqu\u00e9 devant le tribunal correctionnel de Montpellier <strong>le 11 d\u00e9cembre<\/strong> dans le cadre d\u2019une COPJ (convocation par officier de police judiciaire).<\/p>\n<p>Contr\u00f4les nocturnes dans les \u00e9tablissements montpelli\u00e9rains<\/p>\n<p class=\" wall-content\">Cette interpellation s\u2019inscrit dans un contexte de vigilance renforc\u00e9e. <strong>Dans la nuit du 13 au 14 septembre<\/strong>, les forces de l\u2019ordre ont \u00e9galement men\u00e9 une op\u00e9ration de contr\u00f4le visant plusieurs \u00e9tablissements. Les interventions ont cibl\u00e9 les quartiers Croix d\u2019Argent, Mosson, Pr\u00e9s d\u2019Ar\u00e8nes ainsi que le centre de Montpellier. La brigade de nuit de la police municipale a dress\u00e9 cinq rapports d\u2019infractions, concernant quatre \u00e9piceries de nuit et un restaurant qui ne respectaient pas les arr\u00eat\u00e9s municipaux en vigueur.<\/p>\n<p>Vid\u00e9os : en ce moment sur Actu<\/p>\n<p class=\" wall-content\">\n<p class=\" wall-content\">.<\/p>\n<p class=\" wall-content\">Personnalisez votre actualit\u00e9 en ajoutant vos villes et m\u00e9dias en favori avec <a href=\"https:\/\/moncompte.actu.fr\" title=\"D\u00e9couvez Mon Actu\" rel=\"nofollow noopener\" data-trk=\"{&quot;cta&quot;:{&quot;action&quot;:&quot;https:\\\/\\\/moncompte.actu.fr&quot;,&quot;category&quot;:&quot;mon compte&quot;,&quot;from&quot;:&quot;article footer&quot;,&quot;name&quot;:&quot;Mon actu&quot;,&quot;type&quot;:&quot;cta&quot;}}\" target=\"_blank\">Mon Actu<\/a>.<\/p>\n","protected":false},"excerpt":{"rendered":"Par L\u00e9a Pippinato Publi\u00e9 le 16 sept. 2025 \u00e0 18h41 Ce dimanche 14 septembre 2025 vers 23h, des&hellip;\n","protected":false},"author":2,"featured_media":395501,"comment_status":"","ping_status":"","sticky":false,"template":"","format":"standard","meta":{"footnotes":""},"categories":[9599],"tags":[1111,11,1777,674,118,1011,27,2208,12,2680,1072,25,5009],"class_list":{"0":"post-395500","1":"post","2":"type-post","3":"status-publish","4":"format-standard","5":"has-post-thumbnail","7":"category-montpellier","8":"tag-actu","9":"tag-actualites","10":"tag-eu","11":"tag-europe","12":"tag-faits-divers","13":"tag-fr","14":"tag-france","15":"tag-montpellier","16":"tag-news","17":"tag-occitanie","18":"tag-police","19":"tag-republique-francaise","20":"tag-securite-routiere"},"share_on_mastodon":{"url":"https:\/\/pubeurope.com\/@fr\/115215005425292036","error":""},"_links":{"self":[{"href":"https:\/\/www.europesays.com\/fr\/wp-json\/wp\/v2\/posts\/395500","targetHints":{"allow":["GET"]}}],"collection":[{"href":"https:\/\/www.europesays.com\/fr\/wp-json\/wp\/v2\/posts"}],"about":[{"href":"https:\/\/www.europesays.com\/fr\/wp-json\/wp\/v2\/types\/post"}],"author":[{"embeddable":true,"href":"https:\/\/www.europesays.com\/fr\/wp-json\/wp\/v2\/users\/2"}],"replies":[{"embeddable":true,"href":"https:\/\/www.europesays.com\/fr\/wp-json\/wp\/v2\/comments?post=395500"}],"version-history":[{"count":0,"href":"https:\/\/www.europesays.com\/fr\/wp-json\/wp\/v2\/posts\/395500\/revisions"}],"wp:featuredmedia":[{"embeddable":true,"href":"https:\/\/www.europesays.com\/fr\/wp-json\/wp\/v2\/media\/395501"}],"wp:attachment":[{"href":"https:\/\/www.europesays.com\/fr\/wp-json\/wp\/v2\/media?parent=395500"}],"wp:term":[{"taxonomy":"category","embeddable":true,"href":"https:\/\/www.europesays.com\/fr\/wp-json\/wp\/v2\/categories?post=395500"},{"taxonomy":"post_tag","embeddable":true,"href":"https:\/\/www.europesays.com\/fr\/wp-json\/wp\/v2\/tags?post=395500"}],"curies":[{"name":"wp","href":"https:\/\/api.w.org\/{rel}","templated":true}]}}