{"id":395549,"date":"2025-09-16T17:17:15","date_gmt":"2025-09-16T17:17:15","guid":{"rendered":"https:\/\/www.europesays.com\/fr\/395549\/"},"modified":"2025-09-16T17:17:15","modified_gmt":"2025-09-16T17:17:15","slug":"une-petition-lancee-pour-sauver-de-la-destruction-les-faiences-originelles-du-metro-a-paris","status":"publish","type":"post","link":"https:\/\/www.europesays.com\/fr\/395549\/","title":{"rendered":"une p\u00e9tition lanc\u00e9e pour sauver de la destruction les fa\u00efences originelles du m\u00e9tro \u00e0 Paris"},"content":{"rendered":"<p>            Par<br \/>\n        <strong><br \/>\n            <a href=\"https:\/\/actu.fr\/auteur\/sarah-coulet\" title=\"Consulter tous les articles de Sarah Coulet\" target=\"_blank\" rel=\"noopener\">Sarah Coulet<\/a><br \/>\n        <\/strong><\/p>\n<p>        Publi\u00e9 le<\/p>\n<p>            16 sept. 2025 \u00e0 19h06        <\/p>\n<p>Les fa\u00efences originelles du m\u00e9tro de Paris sont-elles en voie de disparition\u2009? C\u2019est la crainte du collectif Sites &amp; Monuments, qui a lanc\u00e9 une <a href=\"https:\/\/www.change.org\/p\/sauvons-les-derniers-d%C3%A9cors-anciens-en-fa%C3%AFence-du-m%C3%A9tro-parisien\" target=\"_blank\" rel=\"noopener\">p\u00e9tition<\/a> adress\u00e9e \u00e0 <a href=\"https:\/\/actu.fr\/tag\/jean-castex\" target=\"_blank\" rel=\"noopener\">Jean Castex<\/a> et visant \u00e0 sauver \u00ab\u2009les derniers d\u00e9cors anciens en fa\u00efence du <a href=\"https:\/\/actu.fr\/tag\/metro\" target=\"_blank\" rel=\"noopener\">m\u00e9tro<\/a> parisien\u2009\u00bb. Une station est au c\u0153ur de leur pr\u00e9occupation\u2009: <strong>Vaneau<\/strong>, sur la ligne 10.<\/p>\n<p>\u00ab\u2009Une blancheur artificielle et un \u00e9mail clinquant\u2009\u00bb<\/p>\n<p class=\" wall-content\">Situ\u00e9e rue de S\u00e8vres dans le 6\u1d49 arrondissement de Paris, la station qui <strong>f\u00eatera ses 113\u00a0ans<\/strong> en janvier prochain n\u2019a jamais subi de modification depuis sa mise en service, hormis une r\u00e9novation de ses couloirs et de l\u2019\u00e9clairage de ses quais dans le cadre du programme \u00ab\u2009Renouveau du m\u00e9tro\u2009\u00bb dans les ann\u00e9es 2000, pr\u00e9cise Sites &amp; Monuments.<\/p>\n<p class=\" wall-content\">Mais, en ce mois de septembre 2025, des travaux auraient commenc\u00e9 afin de remplacer les <strong>iconiques carreaux blancs et bleus<\/strong> et leur cadre en fa\u00efence marron clair. \u00ab\u2009Combien de ces pi\u00e8ces originales subsistent encore dans les stations de m\u00e9tro\u2009?\u2009\u00bb, s\u2019interroge le collectif, qui d\u00e9plore l\u2019utilisation de copies n\u2019\u00e9galant pas les originaux en raison d\u2019un \u00ab\u2009relief affaibli, d\u2019une blancheur artificielle et d\u2019un \u00e9mail clinquant\u2009\u00bb.<\/p>\n<p class=\" wall-content\">Sur X (ex-Twitter), ils d\u00e9noncent \u00ab\u2009la barbarie\u2009\u00bb et \u00ab\u2009la destruction au marteau-piqueur ou \u00e0 la disqueuse des si beaux motifs d\u2019encadrement des affiches\u2026\u2009\u00bb.<\/p>\n<p class=\" wall-content\">\n<p class=\" wall-content\">Ces protecteurs du <a href=\"https:\/\/actu.fr\/tag\/patrimoine\" target=\"_blank\" rel=\"noopener\">patrimoine<\/a> ne nient pas pour autant le vieillissement des carreaux d\u00e9sormais centenaires. \u00ab\u2009Certains carreaux anciens sont <strong>fissur\u00e9s ou patin\u00e9s<\/strong>. Et alors\u2009! Un nettoyage adapt\u00e9 et un meilleur \u00e9clairage suffisent \u00e0 raviver leur \u00e9clat.\u2009\u00bb<\/p>\n<p class=\" wall-content\">Contact\u00e9e par <a href=\"https:\/\/actu.fr\/paris\/\" target=\"_blank\" rel=\"noopener\">actu Paris<\/a>, la RATP n\u2019est pour l\u2019heure pas revenue vers nous.<\/p>\n<p class=\" wall-content\">Personnalisez votre actualit\u00e9 en ajoutant vos villes et m\u00e9dias en favori avec <a href=\"https:\/\/moncompte.actu.fr\" title=\"D\u00e9couvez Mon Actu\" rel=\"nofollow noopener\" data-trk=\"{&quot;cta&quot;:{&quot;action&quot;:&quot;https:\\\/\\\/moncompte.actu.fr&quot;,&quot;category&quot;:&quot;mon compte&quot;,&quot;from&quot;:&quot;article footer&quot;,&quot;name&quot;:&quot;Mon actu&quot;,&quot;type&quot;:&quot;cta&quot;}}\" target=\"_blank\">Mon Actu<\/a>.<\/p>\n","protected":false},"excerpt":{"rendered":"Par Sarah Coulet Publi\u00e9 le 16 sept. 2025 \u00e0 19h06 Les fa\u00efences originelles du m\u00e9tro de Paris sont-elles&hellip;\n","protected":false},"author":2,"featured_media":395550,"comment_status":"","ping_status":"","sticky":false,"template":"","format":"standard","meta":{"footnotes":""},"categories":[1888],"tags":[1111,1928,11,1927,1777,674,1011,27,34214,12,1926,626,1925,2551,625,25,104],"class_list":{"0":"post-395549","1":"post","2":"type-post","3":"status-publish","4":"format-standard","5":"has-post-thumbnail","7":"category-paris","8":"tag-actu","9":"tag-actu-paris","10":"tag-actualites","11":"tag-actualites-paris","12":"tag-eu","13":"tag-europe","14":"tag-fr","15":"tag-france","16":"tag-jean-castex","17":"tag-news","18":"tag-news-paris","19":"tag-paris","20":"tag-paris-news","21":"tag-patrimoine","22":"tag-ratp","23":"tag-republique-francaise","24":"tag-societe"},"share_on_mastodon":{"url":"https:\/\/pubeurope.com\/@fr\/115215115563134430","error":""},"_links":{"self":[{"href":"https:\/\/www.europesays.com\/fr\/wp-json\/wp\/v2\/posts\/395549","targetHints":{"allow":["GET"]}}],"collection":[{"href":"https:\/\/www.europesays.com\/fr\/wp-json\/wp\/v2\/posts"}],"about":[{"href":"https:\/\/www.europesays.com\/fr\/wp-json\/wp\/v2\/types\/post"}],"author":[{"embeddable":true,"href":"https:\/\/www.europesays.com\/fr\/wp-json\/wp\/v2\/users\/2"}],"replies":[{"embeddable":true,"href":"https:\/\/www.europesays.com\/fr\/wp-json\/wp\/v2\/comments?post=395549"}],"version-history":[{"count":0,"href":"https:\/\/www.europesays.com\/fr\/wp-json\/wp\/v2\/posts\/395549\/revisions"}],"wp:featuredmedia":[{"embeddable":true,"href":"https:\/\/www.europesays.com\/fr\/wp-json\/wp\/v2\/media\/395550"}],"wp:attachment":[{"href":"https:\/\/www.europesays.com\/fr\/wp-json\/wp\/v2\/media?parent=395549"}],"wp:term":[{"taxonomy":"category","embeddable":true,"href":"https:\/\/www.europesays.com\/fr\/wp-json\/wp\/v2\/categories?post=395549"},{"taxonomy":"post_tag","embeddable":true,"href":"https:\/\/www.europesays.com\/fr\/wp-json\/wp\/v2\/tags?post=395549"}],"curies":[{"name":"wp","href":"https:\/\/api.w.org\/{rel}","templated":true}]}}