{"id":395551,"date":"2025-09-16T17:18:17","date_gmt":"2025-09-16T17:18:17","guid":{"rendered":"https:\/\/www.europesays.com\/fr\/395551\/"},"modified":"2025-09-16T17:18:17","modified_gmt":"2025-09-16T17:18:17","slug":"pourquoi-robert-redford-aimait-tant-paris","status":"publish","type":"post","link":"https:\/\/www.europesays.com\/fr\/395551\/","title":{"rendered":"pourquoi Robert Redford aimait tant Paris"},"content":{"rendered":"<p class=\"mb-4 text-lg md:leading-8 break-words\">Une ovation de pr\u00e8s de deux minutes et, au centre de la sc\u00e8ne, un Robert Redford tout \u00e9mu, costume \u00e9l\u00e9gant et sourire pimpant, quoique un peu g\u00ean\u00e9, qui tente de remercier la foule (le gratin du cin\u00e9ma tricolore). En 2019, l&rsquo;acteur et r\u00e9alisateur, <a href=\"https:\/\/fr.news.yahoo.com\/lacteur-r%C3%A9alisateur-am%C3%A9ricain-robert-redford-121639614.html\" data-ylk=\"slk:d\u00e9c\u00e9d\u00e9 ce mardi \u00e0 l&#039;\u00e2ge de 89 ans;elm:context_link;itc:0;sec:content-canvas;outcm:mb_qualified_link;_E:mb_qualified_link;ct:story;\" class=\"link  yahoo-link\" target=\"_blank\" rel=\"noopener\">d\u00e9c\u00e9d\u00e9 ce mardi \u00e0 l&rsquo;\u00e2ge de 89 ans<\/a>, recevait un <a href=\"https:\/\/www.dailymotion.com\/video\/x72vr6s\" rel=\"nofollow noopener\" target=\"_blank\" data-ylk=\"slk:C\u00e9sar d&#039;honneur;elm:context_link;itc:0;sec:content-canvas\" class=\"link \">C\u00e9sar d&rsquo;honneur<\/a> pour l&rsquo;ensemble de son \u0153uvre, confirmant (s&rsquo;il le fallait encore) que le public fran\u00e7ais l&rsquo;appr\u00e9ciait, sinon l&rsquo;adulait, tout particuli\u00e8rement. Et c&rsquo;\u00e9tait largement r\u00e9ciproque.<\/p>\n<p class=\"mb-4 text-lg md:leading-8 break-words\">\u00ab\u00a0J&rsquo;adore Paris, j&rsquo;ai toujours aim\u00e9 Paris, lance l&rsquo;octog\u00e9naire devant le parterre de stars r\u00e9unies ce soir-l\u00e0 \u00e0 l&rsquo;Olympia. Je suis venu ici \u00e0 l&rsquo;\u00e2ge de 18 ans, j&rsquo;\u00e9tais un jeune artiste, je voulais tenter de nouvelles exp\u00e9riences, je n&rsquo;avais pas d&rsquo;argent, que de l&rsquo;espoir.\u00a0\u00bb<\/p>\n<p class=\"mb-4 text-lg md:leading-8 break-words\">Et l&rsquo;acteur am\u00e9ricain de raconter une anecdote savoureuse: \u00ab\u00a0Avant de quitter l&rsquo;Am\u00e9rique, je me suis achet\u00e9 un b\u00e9ret pour avoir l&rsquo;air Fran\u00e7ais en arrivant \u00e0 Paris. Mais un beau jour, alors que j&rsquo;\u00e9tais avec un groupe d&rsquo;artistes fran\u00e7ais, un Am\u00e9ricain est venu me voir pour me demander si je n&rsquo;\u00e9tais pas un touriste am\u00e9ricain. Moi qui voulais m&rsquo;int\u00e9grer au maximum, c&rsquo;\u00e9tait plut\u00f4t rat\u00e9. J&rsquo;ai d\u00fb me d\u00e9barrasser du b\u00e9ret.\u00a0\u00bb<\/p>\n<p>\u00ab\u00a0En vieillissant, le temps passe plus vite\u00a0\u00bb<\/p>\n<p class=\"mb-4 text-lg md:leading-8 break-words\">\u00c0 l&rsquo;\u00e9poque, seul avec son carnet de croquis dans la capitale, le jeune Robert Redford aimait, comme Hemingway ou Henry Miller avant lui, se poser dans des caf\u00e9s, regarder les gens, les dessiner et imaginer ce qu&rsquo;ils se racontaient. \u00ab\u00a0Sans amis, c&rsquo;est comme cela que j&rsquo;occupais mon temps \u00e0 Paris\u00a0\u00bb, confie-t-il sur la sc\u00e8ne des 44e C\u00e9sar.<\/p>\n<p class=\"mb-4 text-lg md:leading-8 break-words\">\u00ab\u00a0Apr\u00e8s cela, je suis all\u00e9 \u00e0 Cannes en auto-stop. Comme je ne pouvais pas me payer grand-chose, j&rsquo;ai dormi \u00e0 la belle \u00e9toile sur un sac de couchage, sous une jet\u00e9e, et j&rsquo;ai entendu des rires qui venaient de l&rsquo;h\u00f4tel du Carlton, poursuit-il. Je me suis demand\u00e9: &lsquo;Qu&rsquo;est-ce que \u00e7a doit \u00eatre d&rsquo;\u00eatre dans cet h\u00f4tel et de s&rsquo;amuser comme cela, habill\u00e9 sur son 31?'\u00a0\u00bb<\/p>\n<p class=\"mb-4 text-lg md:leading-8 break-words\">Dix-sept ans plus tard, l&rsquo;acteur, devenu une ic\u00f4ne revient sur la Croisette, cette fois en tant que participant. \u00ab\u00a0Je suis descendu \u00e0 ce m\u00eame h\u00f4tel et, alors que je regardais la mer, je me suis souvenu la fois que j&rsquo;avais dormi sur la plage.\u00a0\u00bb Et de conclure, en grand sage: \u00ab\u00a0En vieillissant, le temps passe plus vite. Tout d&rsquo;un coup, l&rsquo;avenir se change en pass\u00e9, demain devient hier.\u00a0\u00bb<\/p>\n<p>\u00ab\u00a0Un endroit plus libre\u00a0\u00bb<\/p>\n<p class=\"mb-4 text-lg md:leading-8 break-words\">Un peu plus t\u00f4t, en 2013, Robert Redford avait d\u00e9j\u00e0 \u00e9voqu\u00e9 son arriv\u00e9e \u00e0 Paris au micro de <a href=\"https:\/\/fr.news.yahoo.com\/nikos-aliagas-lance-site-web-124354946.html\" data-ylk=\"slk:Nikos Aliagas;elm:context_link;itc:0;sec:content-canvas;outcm:mb_qualified_link;_E:mb_qualified_link;ct:story;\" class=\"link  yahoo-link\" target=\"_blank\" rel=\"noopener\">Nikos Aliagas<\/a> sur Europe 1. \u00ab\u00a0Je n&rsquo;ai jamais \u00e9t\u00e9 tout \u00e0 fait \u00e0 l&rsquo;aise, tout \u00e0 fait chez moi, l\u00e0 o\u00f9 j&rsquo;ai grandi, \u00e0 Los Angeles. Tout petit oui, parce qu&rsquo;il y avait des grandes zones de verdure, pas de gratte-ciel ni d&rsquo;autoroute. Mais tout a chang\u00e9 apr\u00e8s la Seconde Guerre mondiale, lorsque l&rsquo;argent est venu en masse dans le pays. Je n&rsquo;avais alors plus envie de rester dans cette ville.\u00a0\u00bb<\/p>\n<p class=\"mb-4 text-lg md:leading-8 break-words\">Il \u00e9voquait aussi son exp\u00e9rience parisienne, pour \u00e9chapper, disait-il, \u00ab\u00a0aux confins de la vie am\u00e9ricaine\u00a0\u00bb.<\/p>\n<p class=\"mb-4 text-lg md:leading-8 break-words\">\u00ab\u00a0Je voulais aller dans un endroit plus libre, plus neuf, et c&rsquo;est ce que j&rsquo;ai trouv\u00e9 \u00e0 Paris. C&rsquo;est l\u00e0 que ma vie d&rsquo;adulte a commenc\u00e9, raconte l&rsquo;acteur. J&rsquo;ai quand m\u00eame d\u00fb rentrer aux \u00c9tats-Unis parce que je n&rsquo;avais plus d&rsquo;argent, mais je n&rsquo;en avais plus envie. C&rsquo;est pourquoi la France a eu une telle importance dans ma vie.\u00a0\u00bb<\/p>\n<p class=\"mb-4 text-lg md:leading-8 break-words\">Signe de reconnaissance supr\u00eame, la star californienne avait m\u00eame re\u00e7u la <a href=\"https:\/\/www.bfmtv.com\/culture\/robert-redford-recoit-la-legion-d-honneur-des-mains-de-sarkozy_AN-201010140022.html\" rel=\"nofollow noopener\" target=\"_blank\" data-ylk=\"slk:L\u00e9gion d&#039;honneur;elm:context_link;itc:0;sec:content-canvas\" class=\"link \">L\u00e9gion d&rsquo;honneur<\/a> des mains de Nicolas Sarkozy en 2016. \u00ab\u00a0Vous incarnez les \u00c9tats-Unis et tout ce que ce pays repr\u00e9sente\u00a0\u00bb, lui avait alors lanc\u00e9 l&rsquo;ancien pr\u00e9sident fran\u00e7ais. Un hommage avant l&rsquo;heure.<\/p>\n<p class=\"mb-4 text-lg md:leading-8 break-words\"><a href=\"https:\/\/www.bfmtv.com\/people\/cinema\/la-france-a-eu-une-telle-importance-dans-ma-vie-pourquoi-robert-redford-aimait-tant-paris_AV-202509160775.html#xtor=AL-68\" rel=\"nofollow noopener\" target=\"_blank\" data-ylk=\"slk:Article original publi\u00e9 sur BFMTV.com;elm:context_link;itc:0;sec:content-canvas\" class=\"link \">Article original publi\u00e9 sur BFMTV.com<\/a><\/p>\n","protected":false},"excerpt":{"rendered":"Une ovation de pr\u00e8s de deux minutes et, au centre de la sc\u00e8ne, un Robert Redford tout \u00e9mu,&hellip;\n","protected":false},"author":2,"featured_media":395552,"comment_status":"","ping_status":"","sticky":false,"template":"","format":"standard","meta":{"footnotes":""},"categories":[1888],"tags":[1111,1928,11,1927,1777,674,1011,27,52761,12,1926,626,1925,25,52760],"class_list":{"0":"post-395551","1":"post","2":"type-post","3":"status-publish","4":"format-standard","5":"has-post-thumbnail","7":"category-paris","8":"tag-actu","9":"tag-actu-paris","10":"tag-actualites","11":"tag-actualites-paris","12":"tag-eu","13":"tag-europe","14":"tag-fr","15":"tag-france","16":"tag-lacteur-2","17":"tag-news","18":"tag-news-paris","19":"tag-paris","20":"tag-paris-news","21":"tag-republique-francaise","22":"tag-robert-redford"},"share_on_mastodon":{"url":"https:\/\/pubeurope.com\/@fr\/115215119490086594","error":""},"_links":{"self":[{"href":"https:\/\/www.europesays.com\/fr\/wp-json\/wp\/v2\/posts\/395551","targetHints":{"allow":["GET"]}}],"collection":[{"href":"https:\/\/www.europesays.com\/fr\/wp-json\/wp\/v2\/posts"}],"about":[{"href":"https:\/\/www.europesays.com\/fr\/wp-json\/wp\/v2\/types\/post"}],"author":[{"embeddable":true,"href":"https:\/\/www.europesays.com\/fr\/wp-json\/wp\/v2\/users\/2"}],"replies":[{"embeddable":true,"href":"https:\/\/www.europesays.com\/fr\/wp-json\/wp\/v2\/comments?post=395551"}],"version-history":[{"count":0,"href":"https:\/\/www.europesays.com\/fr\/wp-json\/wp\/v2\/posts\/395551\/revisions"}],"wp:featuredmedia":[{"embeddable":true,"href":"https:\/\/www.europesays.com\/fr\/wp-json\/wp\/v2\/media\/395552"}],"wp:attachment":[{"href":"https:\/\/www.europesays.com\/fr\/wp-json\/wp\/v2\/media?parent=395551"}],"wp:term":[{"taxonomy":"category","embeddable":true,"href":"https:\/\/www.europesays.com\/fr\/wp-json\/wp\/v2\/categories?post=395551"},{"taxonomy":"post_tag","embeddable":true,"href":"https:\/\/www.europesays.com\/fr\/wp-json\/wp\/v2\/tags?post=395551"}],"curies":[{"name":"wp","href":"https:\/\/api.w.org\/{rel}","templated":true}]}}