{"id":395555,"date":"2025-09-16T17:20:33","date_gmt":"2025-09-16T17:20:33","guid":{"rendered":"https:\/\/www.europesays.com\/fr\/395555\/"},"modified":"2025-09-16T17:20:33","modified_gmt":"2025-09-16T17:20:33","slug":"quel-parcours-pour-la-manifestation-intersyndicale-a-paris","status":"publish","type":"post","link":"https:\/\/www.europesays.com\/fr\/395555\/","title":{"rendered":"quel parcours pour la manifestation intersyndicale \u00e0 Paris ?"},"content":{"rendered":"<p>Plus de 250 cort\u00e8ges ont d\u00e9j\u00e0 \u00e9t\u00e9 d\u00e9clar\u00e9s en France, dans la majorit\u00e9 des grandes villes. \u00c0 Paris, les services de renseignement pr\u00e9voient entre \u00ab30.000 \u00e0 60.000 personnes\u00bb au sein du d\u00e9fil\u00e9.<\/p>\n<p class=\"fig-paragraph\">Vers\u00a0<a href=\"http:\/\/www.lefigaro.fr\/social\/mobilisation-du-18-septembre-une-forte-participation-prevue-plusieurs-centaines-de-radicaux-attendus-dans-les-corteges-20250915\" target=\"_blank\" data-fig-type=\"NewsFlash\" rel=\"noopener\" data-gtm-custom-categorie=\"navigation\" data-gtm-custom-action=\"crossclick\" data-gtm-custom-label=\"Contextuel\" data-gtm-event=\"customEventSPE\" data-fig-domain=\"LEFIGARO\">une mobilisation d\u2019ampleur<\/a>\u00a0pour la journ\u00e9e d\u2019actions de ce jeudi. Alors que les autorit\u00e9s pr\u00e9voient une participation plus importante que lors du mouvement\u00a0<a href=\"http:\/\/www.lefigaro.fr\/conjoncture\/au-lendemain-des-blocages-du-10-septembre-les-autorites-dressent-le-bilan-des-degradations-20250911\" target=\"_blank\" data-fig-type=\"NewsFlash\" rel=\"noopener\" data-gtm-custom-categorie=\"navigation\" data-gtm-custom-action=\"crossclick\" data-gtm-custom-label=\"Contextuel\" data-gtm-event=\"customEventSPE\" data-fig-domain=\"LEFIGARO\">\u00abBloquons tout\u00bb du 10 septembre<\/a>, le parcours de la manifestation parisienne vient d\u2019\u00eatre d\u00e9voil\u00e9 ce mardi. Le cort\u00e8ge intersyndical s\u2019\u00e9lancera \u00e0 14h de la place de la Bastille. Il passera ensuite par la place de la R\u00e9publique et s\u2019ach\u00e8vera place de la Nation, dans l\u2019est de la capitale.<\/p>\n<p class=\"fig-paragraph\">Les services de renseignement pr\u00e9voient de \u00ab30.000 \u00e0 60.000 personnes\u00bb au sein du d\u00e9fil\u00e9 parisien, et plus de 400.000 personnes dans la France enti\u00e8re, soit deux fois plus que les quelque 200.000 recens\u00e9es par le minist\u00e8re de l\u2019Int\u00e9rieur mercredi dernier. Une source proche du dossier interrog\u00e9e par l\u2019AFP dit m\u00eame envisager le chiffre de \u00ab800.000 personnes\u00bb. En 2023, les manifestations contre la derni\u00e8re r\u00e9forme des retraites avaient rassembl\u00e9 selon les jours\u00a0<a href=\"http:\/\/www.lefigaro.fr\/social\/mouvement-du-10-septembre-100-000-participants-attendus-est-ce-un-chiffre-assez-bas-comme-le-dit-bayrou-20250905\" target=\"_blank\" data-fig-type=\"NewsFlash\" rel=\"noopener\" data-gtm-custom-categorie=\"navigation\" data-gtm-custom-action=\"crossclick\" data-gtm-custom-label=\"Contextuel\" data-gtm-event=\"customEventSPE\" data-fig-domain=\"LEFIGARO\">entre 280.000 et plus de 1,2 million de personnes<\/a>.<\/p>\n<p class=\"fig-body-link\">\n            \u00c0 lire aussi<br \/>\n        <a class=\"fig-body-link__link\" href=\"http:\/\/www.lefigaro.fr\/social\/greve-du-18-septembre-sncf-pharmacies-aerien-a-quelles-perturbations-faut-il-s-attendre-20250910\" target=\"_blank\" data-fig-type=\"NewsFlash\" rel=\"noopener\" data-gtm-custom-categorie=\"navigation\" data-gtm-custom-action=\"crossclick\" data-gtm-custom-label=\"Contextuel\" data-gtm-event=\"customEventSPE\" data-fig-domain=\"LEFIGARO\">Gr\u00e8ve du 18 septembre\u00a0: RATP, SNCF, \u00e9coles&#8230; \u00c0 quelles perturbations faut-il s\u2019attendre\u00a0?<br \/>\n    <\/a>\n<\/p>\n<p>                                    <a class=\"fig-a11y-skip a11y-hidden\" href=\"#fig-a11y-skip-main-inarticle\"><br \/>\n        Passer la publicit\u00e9<br \/>\n    <\/a><\/p>\n<p>Plus de 250 cort\u00e8ges d\u00e9clar\u00e9s en France<\/p>\n<p class=\"fig-paragraph\">Ce mardi, plus de 250 cort\u00e8ges avaient \u00e9t\u00e9 d\u00e9clar\u00e9s et d\u2019autres pourraient l\u2019\u00eatre d\u2019ici \u00e0 jeudi, a pr\u00e9cis\u00e9 cette source. Des manifestations sont ainsi pr\u00e9vues dans la majorit\u00e9 des grandes villes de l\u2019Hexagone. \u00c0 Marseille, elle d\u00e9marrera \u00e0 10h30 du Vieux-Port. \u00c0 Lyon, le cort\u00e8ge s\u2019\u00e9lancera \u00e0 11h de la Manufacture des tabacs. \u00c0 Lille, rendez-vous est donn\u00e9 aux manifestants \u00e0 la porte de Paris \u00e0 14h30. \u00c0 Nantes, il est fix\u00e9 \u00e0 10h30 au Miroir d\u2019eau. La mobilisation s\u2019annonce particuli\u00e8rement importante dans le Grand Ouest, avec au moins \u00ab100.000\u00bb manifestants attendus, selon les renseignements.<\/p>\n<p class=\"fig-paragraph\">Les points d\u2019attention pour les forces de l\u2019ordre restent, comme lors du 10 septembre, outre Paris, les villes de Rennes, Nantes, Toulouse, Dijon, Lyon, Montpellier et Bordeaux. Dans un t\u00e9l\u00e9gramme dat\u00e9 de mardi, adress\u00e9 aux pr\u00e9fets et aux responsables des forces de l\u2019ordre, le ministre de l\u2019Int\u00e9rieur\u00a0<a href=\"http:\/\/www.lefigaro.fr\/politique\/pourquoi-la-nomination-de-lecornu-a-matignon-conforte-retailleau-a-beauvau-20250910\" target=\"_blank\" data-fig-type=\"Article\" rel=\"noopener\" data-gtm-custom-categorie=\"navigation\" data-gtm-custom-action=\"crossclick\" data-gtm-custom-label=\"Contextuel\" data-gtm-event=\"customEventSPE\" data-fig-domain=\"LEFIGARO\">Bruno Retailleau<\/a>\u00a0souligne que \u00ables risques de troubles \u00e0 l\u2019ordre public sont importants en raison de la pr\u00e9sence de groupuscules d\u2019ultragauche qui essaieront d\u2019infiltrer les cort\u00e8ges officiels\u00bb.<\/p>\n<p class=\"fig-paragraph\">\u00abEntre 150 et 300\u00bb \u00e9l\u00e9ments radicaux du type Black Block pourraient en effet \u00eatre pr\u00e9sents dans les manifestations dans les grandes villes, selon les services de renseignement. Le dispositif de s\u00e9curit\u00e9, lui, sera de m\u00eame ampleur que celui du 10 septembre, soit environ 80.000 policiers et gendarmes mobilis\u00e9s.<\/p>\n","protected":false},"excerpt":{"rendered":"Plus de 250 cort\u00e8ges ont d\u00e9j\u00e0 \u00e9t\u00e9 d\u00e9clar\u00e9s en France, dans la majorit\u00e9 des grandes villes. \u00c0 Paris,&hellip;\n","protected":false},"author":2,"featured_media":395556,"comment_status":"","ping_status":"","sticky":false,"template":"","format":"standard","meta":{"footnotes":""},"categories":[1888],"tags":[11,1777,674,1011,27,6151,2088,12,626,25],"class_list":{"0":"post-395555","1":"post","2":"type-post","3":"status-publish","4":"format-standard","5":"has-post-thumbnail","7":"category-paris","8":"tag-actualites","9":"tag-eu","10":"tag-europe","11":"tag-fr","12":"tag-france","13":"tag-greve","14":"tag-manifestation","15":"tag-news","16":"tag-paris","17":"tag-republique-francaise"},"share_on_mastodon":{"url":"https:\/\/pubeurope.com\/@fr\/115215127174979120","error":""},"_links":{"self":[{"href":"https:\/\/www.europesays.com\/fr\/wp-json\/wp\/v2\/posts\/395555","targetHints":{"allow":["GET"]}}],"collection":[{"href":"https:\/\/www.europesays.com\/fr\/wp-json\/wp\/v2\/posts"}],"about":[{"href":"https:\/\/www.europesays.com\/fr\/wp-json\/wp\/v2\/types\/post"}],"author":[{"embeddable":true,"href":"https:\/\/www.europesays.com\/fr\/wp-json\/wp\/v2\/users\/2"}],"replies":[{"embeddable":true,"href":"https:\/\/www.europesays.com\/fr\/wp-json\/wp\/v2\/comments?post=395555"}],"version-history":[{"count":0,"href":"https:\/\/www.europesays.com\/fr\/wp-json\/wp\/v2\/posts\/395555\/revisions"}],"wp:featuredmedia":[{"embeddable":true,"href":"https:\/\/www.europesays.com\/fr\/wp-json\/wp\/v2\/media\/395556"}],"wp:attachment":[{"href":"https:\/\/www.europesays.com\/fr\/wp-json\/wp\/v2\/media?parent=395555"}],"wp:term":[{"taxonomy":"category","embeddable":true,"href":"https:\/\/www.europesays.com\/fr\/wp-json\/wp\/v2\/categories?post=395555"},{"taxonomy":"post_tag","embeddable":true,"href":"https:\/\/www.europesays.com\/fr\/wp-json\/wp\/v2\/tags?post=395555"}],"curies":[{"name":"wp","href":"https:\/\/api.w.org\/{rel}","templated":true}]}}