{"id":395561,"date":"2025-09-16T17:23:15","date_gmt":"2025-09-16T17:23:15","guid":{"rendered":"https:\/\/www.europesays.com\/fr\/395561\/"},"modified":"2025-09-16T17:23:15","modified_gmt":"2025-09-16T17:23:15","slug":"pourquoi-le-pays-lui-accord-un-privilege-jamais-offert-a-un-autre","status":"publish","type":"post","link":"https:\/\/www.europesays.com\/fr\/395561\/","title":{"rendered":"pourquoi le pays lui accord un privil\u00e8ge jamais offert \u00e0 un autre"},"content":{"rendered":"<p class=\"mb-4 text-lg md:leading-8 break-words\">INTERNATIONAL &#8211; Un traitement royal. Donald Trump est le seul pr\u00e9sident \u00e0 \u00eatre invit\u00e9 pour la seconde fois \u00e0 une visite d\u2019\u00c9tat au Royaume-Uni, <a href=\"https:\/\/www.huffingtonpost.fr\/international\/article\/donald-trump-en-visite-d-etat-au-royaume-uni-dans-un-contexte-explosif_146258.html\" rel=\"nofollow noopener\" target=\"_blank\" data-ylk=\"slk:la premi\u00e8re \u00e9tait en 2019;elm:context_link;itc:0;sec:content-canvas\" class=\"link \">la premi\u00e8re \u00e9tait en 2019<\/a>, <strong>comme vous pouvez le voir dans la vid\u00e9o en t\u00eate d\u2019article<\/strong>. Un honneur auquel ni George Bush, ni Bill Clinton ni Barack Obama n\u2019ont eu droit.<\/p>\n<p class=\"mb-4 text-lg md:leading-8 break-words\">Le <a href=\"https:\/\/fr.news.yahoo.com\/donald-trump-va-envoyer-garde-034509039.html\" data-ylk=\"slk:pr\u00e9sident des \u00c9tats-Unis;elm:context_link;itc:0;sec:content-canvas;outcm:mb_qualified_link;_E:mb_qualified_link;ct:story;\" class=\"link  yahoo-link\" target=\"_blank\" rel=\"noopener\">pr\u00e9sident des \u00c9tats-Unis<\/a> doit arriver en Grande-Bretagne ce 16\u00a0septembre au soir pour encha\u00eener deux jours de visite. Au menu\u00a0: cort\u00e8ge en carrosse aux c\u00f4t\u00e9s du roi Charles III, d\u00e9fil\u00e9 a\u00e9rien et d\u00eener royal au ch\u00e2teau de Windsor. De quoi mettre le pr\u00e9sident r\u00e9publicain dans de bonnes dispositions avant sa rencontre avec Keir Starmer pour discuter \u00e9changes commerciaux, droits de douane et de la guerre en Ukraine.<\/p>\n<p class=\"mb-4 text-lg md:leading-8 break-words\"><a href=\"https:\/\/fr.news.yahoo.com\/marquer-venue-trump-au-royaume-173508220.html\" data-ylk=\"slk:Pour marquer la venue de Trump au Royaume-Uni, cette cha\u00eene va sortir une \u00e9mission sp\u00e9ciale (et il ne va pas aimer);elm:context_link;itc:0;sec:content-canvas;outcm:mb_qualified_link;_E:mb_qualified_link;ct:story;\" class=\"link  yahoo-link\" target=\"_blank\" rel=\"noopener\"> Pour marquer la venue de Trump au Royaume-Uni, cette cha\u00eene va sortir une \u00e9mission sp\u00e9ciale (et il ne va pas aimer) <\/a><\/p>\n<p class=\"mb-4 text-lg md:leading-8 break-words\">Les deux dirigeants doivent \u00e9galement signer \u00ab\u00a0un accord nucl\u00e9aire civil majeur\u00a0\u00bb et \u00ab\u00a0un partenariat technologique de pointe\u00a0\u00bb de 10\u00a0milliards de dollars. Des patrons de g\u00e9ants technologiques sont d\u2019ailleurs du voyage, dont ceux de Nvidia et d\u2019OpenAI.<\/p>\n<p class=\"mb-4 text-lg md:leading-8 break-words\">Si le Royaume-Uni sort le grand jeu, c\u2019est aussi parce qu\u2019en coulisses tout n\u2019est pas si rose. La Maison Blanche a sp\u00e9cifi\u00e9 que Donald Trump aborderait \u00ab\u00a0l\u2019importance de la libert\u00e9 d\u2019expression\u00a0\u00bb alors qu\u2019Elon Musk s\u2019est exprim\u00e9 lors d\u2019un rassemblement de l\u2019extr\u00eame droite britannique. Autre sujet sensible\u00a0: le limogeage de l\u2019ambassadeur britannique \u00e0 Washington, Peter Mandelson, pour ses liens avec Jeffrey Epstein. Le tapis rouge est donc d\u00e9ploy\u00e9 pour Donald Trump, <a href=\"https:\/\/fr.news.yahoo.com\/charles-iii-pri%C3%A9-dannuler-visite-091738774.html\" data-ylk=\"slk:mais sa venue ne fait pas plaisir \u00e0 tout le monde;elm:context_link;itc:0;sec:content-canvas;outcm:mb_qualified_link;_E:mb_qualified_link;ct:story;\" class=\"link  yahoo-link\" target=\"_blank\" rel=\"noopener\">mais sa venue ne fait pas plaisir \u00e0 tout le monde<\/a>. Comme en 2019, plusieurs manifestations sont organis\u00e9es.<\/p>\n<p class=\"mb-4 text-lg md:leading-8 break-words\">Selon un sondage YouGov r\u00e9alis\u00e9 en juillet, seulement 16\u00a0% des Britanniques interrog\u00e9s avaient une opinion positive de Donald Trump. Ce qui pousse la BBC \u00e0 dire que le gouvernement britannique devra se justifier aupr\u00e8s de ses \u00e9lecteurs sur la n\u00e9cessit\u00e9 d\u2019organiser une visite d\u2019\u00c9tat. Un diplomate s\u2019inqui\u00e8te d\u2019ailleurs de l\u2019utilisation pr\u00e9coce de la famille royale comme outil de soft power, en rappelant que nous ne sommes qu\u2019au d\u00e9but de la pr\u00e9sidence de Trump.<\/p>\n<p class=\"mb-4 text-lg md:leading-8 break-words\"><a href=\"https:\/\/fr.news.yahoo.com\/keir-starmer-contraint-limoger-ambassadeur-121343985.html\" data-ylk=\"slk:Keir Starmer contraint de limoger cet ambassadeur aux \u00c9tats-Unis pour ses liens avec Jeffrey Epstein;elm:context_link;itc:0;sec:content-canvas;outcm:mb_qualified_link;_E:mb_qualified_link;ct:story;\" class=\"link  yahoo-link\" target=\"_blank\" rel=\"noopener\"> Keir Starmer contraint de limoger cet ambassadeur aux \u00c9tats-Unis pour ses liens avec Jeffrey Epstein <\/a><\/p>\n<p class=\"mb-4 text-lg md:leading-8 break-words\"><a href=\"https:\/\/fr.news.yahoo.com\/avant-r%C3%A9union-%C3%A0-l-onu-184311678.html\" data-ylk=\"slk:Avant une r\u00e9union \u00e0 l\u2019ONU sur le danger des drones russes, comment l\u2019Europe renforce sa d\u00e9fense;elm:context_link;itc:0;sec:content-canvas;outcm:mb_qualified_link;_E:mb_qualified_link;ct:story;\" class=\"link  yahoo-link\" target=\"_blank\" rel=\"noopener\"> Avant une r\u00e9union \u00e0 l\u2019ONU sur le danger des drones russes, comment l\u2019Europe renforce sa d\u00e9fense <\/a><\/p>\n","protected":false},"excerpt":{"rendered":"INTERNATIONAL &#8211; Un traitement royal. Donald Trump est le seul pr\u00e9sident \u00e0 \u00eatre invit\u00e9 pour la seconde fois&hellip;\n","protected":false},"author":2,"featured_media":395562,"comment_status":"","ping_status":"","sticky":false,"template":"","format":"standard","meta":{"footnotes":""},"categories":[1589],"tags":[11,592,593,75,73,1866,52762,12,1325,473,1864,1865,1863,308],"class_list":{"0":"post-395561","1":"post","2":"type-post","3":"status-publish","4":"format-standard","5":"has-post-thumbnail","7":"category-etats-unis","8":"tag-actualites","9":"tag-barack-obama","10":"tag-bill-clinton","11":"tag-donald-trump","12":"tag-etats-unis","13":"tag-etats-unis-damerique","14":"tag-george-bush","15":"tag-news","16":"tag-president-des-etats-unis","17":"tag-royaume-uni","18":"tag-united-states","19":"tag-united-states-of-america","20":"tag-us","21":"tag-usa"},"share_on_mastodon":{"url":"https:\/\/pubeurope.com\/@fr\/115215139094942011","error":""},"_links":{"self":[{"href":"https:\/\/www.europesays.com\/fr\/wp-json\/wp\/v2\/posts\/395561","targetHints":{"allow":["GET"]}}],"collection":[{"href":"https:\/\/www.europesays.com\/fr\/wp-json\/wp\/v2\/posts"}],"about":[{"href":"https:\/\/www.europesays.com\/fr\/wp-json\/wp\/v2\/types\/post"}],"author":[{"embeddable":true,"href":"https:\/\/www.europesays.com\/fr\/wp-json\/wp\/v2\/users\/2"}],"replies":[{"embeddable":true,"href":"https:\/\/www.europesays.com\/fr\/wp-json\/wp\/v2\/comments?post=395561"}],"version-history":[{"count":0,"href":"https:\/\/www.europesays.com\/fr\/wp-json\/wp\/v2\/posts\/395561\/revisions"}],"wp:featuredmedia":[{"embeddable":true,"href":"https:\/\/www.europesays.com\/fr\/wp-json\/wp\/v2\/media\/395562"}],"wp:attachment":[{"href":"https:\/\/www.europesays.com\/fr\/wp-json\/wp\/v2\/media?parent=395561"}],"wp:term":[{"taxonomy":"category","embeddable":true,"href":"https:\/\/www.europesays.com\/fr\/wp-json\/wp\/v2\/categories?post=395561"},{"taxonomy":"post_tag","embeddable":true,"href":"https:\/\/www.europesays.com\/fr\/wp-json\/wp\/v2\/tags?post=395561"}],"curies":[{"name":"wp","href":"https:\/\/api.w.org\/{rel}","templated":true}]}}